{"id":17908,"date":"2020-06-18T12:47:00","date_gmt":"2020-06-18T12:47:00","guid":{"rendered":"https:\/\/fr.behr.ca\/colourfullybehr\/?p=17908"},"modified":"2021-10-23T12:11:38","modified_gmt":"2021-10-23T12:11:38","slug":"une-piece-speciale-pour-papa","status":"publish","type":"post","link":"https:\/\/fr.behr.ca\/colourfullybehr\/une-piece-speciale-pour-papa\/","title":{"rendered":"Une Pi\u00e8ce Sp\u00e9ciale Pour Papa"},"content":{"rendered":"\n<figure class=\"wp-block-image size-large\"><img decoding=\"async\" loading=\"lazy\" width=\"1024\" height=\"683\" src=\"https:\/\/fr.behr.ca\/colourfullybehr\/wp-content\/uploads\/2021\/07\/GettyImages-511752229-1024x683-1.jpg\" alt=\"\" class=\"wp-image-17914\" srcset=\"https:\/\/fr.behr.ca\/colourfullybehr\/wp-content\/uploads\/2021\/07\/GettyImages-511752229-1024x683-1.jpg 1024w, https:\/\/fr.behr.ca\/colourfullybehr\/wp-content\/uploads\/2021\/07\/GettyImages-511752229-1024x683-1-300x200.jpg 300w, https:\/\/fr.behr.ca\/colourfullybehr\/wp-content\/uploads\/2021\/07\/GettyImages-511752229-1024x683-1-768x512.jpg 768w, https:\/\/fr.behr.ca\/colourfullybehr\/wp-content\/uploads\/2021\/07\/GettyImages-511752229-1024x683-1-272x182.jpg 272w\" sizes=\"(max-width: 1024px) 100vw, 1024px\" \/><\/figure>\n\n\n\n<p>Ce mois-ci, nous c\u00e9l\u00e9brons la f\u00eate des p\u00e8res. Quand je pense \u00e0 mon p\u00e8re, je me souviens de gros c\u00e2lins d&#8217;ours et de rires bruyants. Il a entour\u00e9 sa famille d&#8217;amour et nous a toujours fait sentir en s\u00e9curit\u00e9. Il nous a quitt\u00e9s depuis longtemps mais je garde de tendres souvenirs de lui travaillant ici et l\u00e0 autour de la maison, obs\u00e9d\u00e9 par un casse-t\u00eate ou relaxant \u00e0 lire son journal.<\/p>\n\n\n\n<p>Mon meilleur souvenir a \u00e9t\u00e9 de voir \u00e0 quel point il \u00e9tait d\u00e9tendu et confortable dans sa maison, en particulier dans sa pi\u00e8ce \u00ab&nbsp;sp\u00e9ciale&nbsp;\u00bb. On y retrouvait de gros fauteuils en cuir, une biblioth\u00e8que remplie de livres, des images de paysages avec des oiseaux en vol et des murs d\u2019un bleu nocturne. Quand la famille au complet s\u2019y rendait, l&#8217;espace devenait un lieu de jeux de soci\u00e9t\u00e9 et d\u2019\u00e9changes de nouvelles de la journ\u00e9e.<\/p>\n\n\n\n<figure class=\"wp-block-image size-large\"><img decoding=\"async\" loading=\"lazy\" width=\"1024\" height=\"683\" src=\"https:\/\/fr.behr.ca\/colourfullybehr\/wp-content\/uploads\/2021\/07\/MANCAVE_OA1_LessRed-1024x683-1.jpg\" alt=\"\" class=\"wp-image-17910\" srcset=\"https:\/\/fr.behr.ca\/colourfullybehr\/wp-content\/uploads\/2021\/07\/MANCAVE_OA1_LessRed-1024x683-1.jpg 1024w, https:\/\/fr.behr.ca\/colourfullybehr\/wp-content\/uploads\/2021\/07\/MANCAVE_OA1_LessRed-1024x683-1-300x200.jpg 300w, https:\/\/fr.behr.ca\/colourfullybehr\/wp-content\/uploads\/2021\/07\/MANCAVE_OA1_LessRed-1024x683-1-768x512.jpg 768w, https:\/\/fr.behr.ca\/colourfullybehr\/wp-content\/uploads\/2021\/07\/MANCAVE_OA1_LessRed-1024x683-1-272x182.jpg 272w\" sizes=\"(max-width: 1024px) 100vw, 1024px\" \/><figcaption>Murs : <a href=\"https:\/\/fr.behr.ca\/consumer\/colors\/paint\/color\/PPU14-20\">Nuit sans \u00e9toiles PPU14-20<\/a><\/figcaption><\/figure>\n\n\n\n<p>Les pi\u00e8ces sp\u00e9ciales comme celle-ci sont importantes, surtout maintenant. Nous avons tous besoin d&#8217;un endroit pour rassembler nos pens\u00e9es avant de commencer la journ\u00e9e. Un espace calme et ferm\u00e9 o\u00f9 notre esprit peut r\u00e9fl\u00e9chir et concevoir. La cr\u00e9ativit\u00e9 est importante, et avoir un espace pour lalib\u00e9rer est utile pendant les p\u00e9riodes de stress, pour d\u00e9crocher et laisser l\u2019esprit s\u2019\u00e9vader. Et en fin de journ\u00e9e, une pi\u00e8ce pour la d\u00e9tente et le plaisir est essentielle. Voici quelques id\u00e9es pour votre maison qui raviront votre papa en cette f\u00eate des p\u00e8res.<\/p>\n\n\n\n<p>Un espace ext\u00e9rieur vous permet de savourerles sons calmes du matin. Un d\u00e9jeuner dehors en compagnie de votre p\u00e8re et d\u2019un bon caf\u00e9 suscite d\u2019excellentes conversations. Profitez des conseils et connaissances que seul un p\u00e8re peut vous donner pendant que vous appr\u00e9ciez la sensation de paix \u00e0 la vue deverdures luxuriantes et de tons terreux. Une petite fontaine et des touches de couleur maintiennent l&#8217;ambiance compos\u00e9e et authentique.<\/p>\n\n\n\n<figure class=\"wp-block-image size-large\"><img decoding=\"async\" loading=\"lazy\" width=\"1024\" height=\"683\" src=\"https:\/\/fr.behr.ca\/colourfullybehr\/wp-content\/uploads\/2021\/07\/kensington010_RvieraBeach-1024x683-1.jpg\" alt=\"\" class=\"wp-image-17909\" srcset=\"https:\/\/fr.behr.ca\/colourfullybehr\/wp-content\/uploads\/2021\/07\/kensington010_RvieraBeach-1024x683-1.jpg 1024w, https:\/\/fr.behr.ca\/colourfullybehr\/wp-content\/uploads\/2021\/07\/kensington010_RvieraBeach-1024x683-1-300x200.jpg 300w, https:\/\/fr.behr.ca\/colourfullybehr\/wp-content\/uploads\/2021\/07\/kensington010_RvieraBeach-1024x683-1-768x512.jpg 768w, https:\/\/fr.behr.ca\/colourfullybehr\/wp-content\/uploads\/2021\/07\/kensington010_RvieraBeach-1024x683-1-272x182.jpg 272w\" sizes=\"(max-width: 1024px) 100vw, 1024px\" \/><figcaption>Corps : <a href=\"https:\/\/fr.behr.ca\/consumer\/colors\/paint\/color\/PPU7-07\">Plage de la C\u00f4te d\u2019Azur PPU7-07<\/a><\/figcaption><\/figure>\n\n\n\n<p>Un espace d\u00e9di\u00e9 au travail offre l&#8217;intimit\u00e9 dont papa a besoin pour se concentrer. Un pupitre ou un \u00e9tabli, un bon \u00e9clairage de travail et une chaise confortable permettent de rester concentr\u00e9 et motiv\u00e9. L&#8217;utilisation d&#8217;une couleur bleue sur les murs est apaisante, tandis que les gravures d&#8217;art et les plantes remontent le moral et aident \u00e0 maintenir une humeur positive.<\/p>\n\n\n\n<figure class=\"wp-block-image size-large\"><img decoding=\"async\" loading=\"lazy\" width=\"1024\" height=\"760\" src=\"https:\/\/fr.behr.ca\/colourfullybehr\/wp-content\/uploads\/2021\/07\/RichOpulence_OfficeLoft-MID1_Meadow-Phlox-1024x760-1.jpg\" alt=\"\" class=\"wp-image-17911\" srcset=\"https:\/\/fr.behr.ca\/colourfullybehr\/wp-content\/uploads\/2021\/07\/RichOpulence_OfficeLoft-MID1_Meadow-Phlox-1024x760-1.jpg 1024w, https:\/\/fr.behr.ca\/colourfullybehr\/wp-content\/uploads\/2021\/07\/RichOpulence_OfficeLoft-MID1_Meadow-Phlox-1024x760-1-300x223.jpg 300w, https:\/\/fr.behr.ca\/colourfullybehr\/wp-content\/uploads\/2021\/07\/RichOpulence_OfficeLoft-MID1_Meadow-Phlox-1024x760-1-768x570.jpg 768w\" sizes=\"(max-width: 1024px) 100vw, 1024px\" \/><figcaption>Murs : <a href=\"https:\/\/fr.behr.ca\/consumer\/colors\/paint\/color\/S540-3\">Prairie de phlox S540-3<\/a><\/figcaption><\/figure>\n\n\n\n<p>Le garage est bien connu comme \u00e9tant un refuge et un havre de paix pour de nombreux papas. Des armoires de rangement, un mur de panneaux trou\u00e9s, des bo\u00eetes robustes et des crochets garderont l&#8217;espace propre et organis\u00e9. Pour apporter de la chaleur dans la pi\u00e8ce, peinturez les murs et la porte de tons chauds et naturels. Votre p\u00e8re aimera son nouvel espace\u2026 et votre famille b\u00e9n\u00e9ficiera peut-\u00eatre des multiples projets r\u00e9alis\u00e9s pour la maison, puisque ses outils sont \u00e0 port\u00e9e de main.<\/p>\n\n\n\n<figure class=\"wp-block-image size-large\"><img decoding=\"async\" loading=\"lazy\" width=\"1024\" height=\"769\" src=\"https:\/\/fr.behr.ca\/colourfullybehr\/wp-content\/uploads\/2021\/07\/12_MODERN_GARAGE_OtterTail-1024x769-1.jpg\" alt=\"\" class=\"wp-image-17913\" srcset=\"https:\/\/fr.behr.ca\/colourfullybehr\/wp-content\/uploads\/2021\/07\/12_MODERN_GARAGE_OtterTail-1024x769-1.jpg 1024w, https:\/\/fr.behr.ca\/colourfullybehr\/wp-content\/uploads\/2021\/07\/12_MODERN_GARAGE_OtterTail-1024x769-1-300x225.jpg 300w, https:\/\/fr.behr.ca\/colourfullybehr\/wp-content\/uploads\/2021\/07\/12_MODERN_GARAGE_OtterTail-1024x769-1-768x577.jpg 768w\" sizes=\"(max-width: 1024px) 100vw, 1024px\" \/><figcaption>Murs : <a href=\"https:\/\/fr.behr.ca\/consumer\/colors\/paint\/color\/N220-5\">Queue de loutre N220-5<\/a><\/figcaption><\/figure>\n\n\n\n<p>Avoir une pi\u00e8ce pour rien d&#8217;autre que le plaisir sera l&#8217;un des espaces les plus populaires de la maison. Tout ce dont vous avez besoin est un sofa confortable rempli de coussins et une t\u00e9l\u00e9vision grand \u00e9cran. Si vous avez de la place, une table de billard ou de ping-pong est un bon ajout. Les objets personnels comme les troph\u00e9es et photos encadr\u00e9es rendront cette pi\u00e8ce encore plus sp\u00e9ciale. Un beau gris au mur garde la pi\u00e8ce intime tandis que la couleur rouge fournit de l&#8217;\u00e9nergie dans la zone o\u00f9 elle en a besoin.<\/p>\n\n\n\n<figure class=\"wp-block-image size-large\"><img decoding=\"async\" loading=\"lazy\" width=\"1024\" height=\"777\" src=\"https:\/\/fr.behr.ca\/colourfullybehr\/wp-content\/uploads\/2021\/07\/10Man-Cave-Overall-Horizontal_ElephantSkin-1024x777-1.jpg\" alt=\"\" class=\"wp-image-17912\" srcset=\"https:\/\/fr.behr.ca\/colourfullybehr\/wp-content\/uploads\/2021\/07\/10Man-Cave-Overall-Horizontal_ElephantSkin-1024x777-1.jpg 1024w, https:\/\/fr.behr.ca\/colourfullybehr\/wp-content\/uploads\/2021\/07\/10Man-Cave-Overall-Horizontal_ElephantSkin-1024x777-1-300x228.jpg 300w, https:\/\/fr.behr.ca\/colourfullybehr\/wp-content\/uploads\/2021\/07\/10Man-Cave-Overall-Horizontal_ElephantSkin-1024x777-1-768x583.jpg 768w\" sizes=\"(max-width: 1024px) 100vw, 1024px\" \/><figcaption>Murs du salon : <a href=\"https:\/\/fr.behr.ca\/consumer\/colors\/paint\/color\/PPU18-16\">Peau d&#8217;\u00e9l\u00e9phant PPU18-16<\/a>, murs de la table de billard : <a href=\"https:\/\/fr.behr.ca\/consumer\/colors\/paint\/color\/PPU2-02\">Piment rouge PPU2-02<\/a><\/figcaption><\/figure>\n\n\n\n<p>En cette f\u00eate des p\u00e8res, nous c\u00e9l\u00e9brerons les hommes qui nous entourent, ceux qui nous ont quitt\u00e9s et ceux qui seront bient\u00f4t papa. Profitez de cette journ\u00e9e avec cette personne sp\u00e9ciale dans votre vie que vous \u00eates fier d&#8217;appeler votre p\u00e8re.<\/p>\n\n\n\n<p>Pour plus d&#8217;inspiration en design et en style, consultez le <a href=\"https:\/\/fr.behr.ca\/consumer\/colorstudio\">studio des couleurs Behr<\/a> o\u00f9 vous trouverez de l&#8217;inspiration, desoutils de couleur, des conseils de design et plus encore!<\/p>\n\n\n\n<p>Vivez en couleur,<\/p>\n\n\n\n<p>Larayne<\/p>\n","protected":false},"excerpt":{"rendered":"<p>Ce mois-ci, nous c\u00e9l\u00e9brons la f\u00eate des p\u00e8res. Quand je pense \u00e0 mon p\u00e8re, je me souviens de gros c\u00e2lins d&#8217;ours et de rires bruyants. Il a entour\u00e9 sa famille d&#8217;amour et nous a toujours fait sentir en s\u00e9curit\u00e9. Il nous a quitt\u00e9s depuis longtemps mais je garde de tendres souvenirs de lui travaillant ici [&hellip;]<\/p>\n","protected":false},"author":27,"featured_media":0,"comment_status":"open","ping_status":"open","sticky":false,"template":"","format":"standard","meta":{"_s2mail":"yes"},"categories":[5],"tags":[],"yoast_head":"<!-- This site is optimized with the Yoast SEO plugin v19.14 - https:\/\/yoast.com\/wordpress\/plugins\/seo\/ -->\n<title>Une Pi\u00e8ce Sp\u00e9ciale Pour Papa - Tout en couleur, BEHR<\/title>\n<meta name=\"robots\" content=\"index, follow, max-snippet:-1, max-image-preview:large, max-video-preview:-1\" \/>\n<link rel=\"canonical\" href=\"https:\/\/fr.behr.ca\/colourfullybehr\/une-piece-speciale-pour-papa\/\" \/>\n<meta property=\"og:locale\" content=\"en_US\" \/>\n<meta property=\"og:type\" content=\"article\" \/>\n<meta property=\"og:title\" content=\"Une Pi\u00e8ce Sp\u00e9ciale Pour Papa - Tout en couleur, BEHR\" \/>\n<meta property=\"og:description\" content=\"Ce mois-ci, nous c\u00e9l\u00e9brons la f\u00eate des p\u00e8res. Quand je pense \u00e0 mon p\u00e8re, je me souviens de gros c\u00e2lins d&#8217;ours et de rires bruyants. Il a entour\u00e9 sa famille d&#8217;amour et nous a toujours fait sentir en s\u00e9curit\u00e9. Il nous a quitt\u00e9s depuis longtemps mais je garde de tendres souvenirs de lui travaillant ici [&hellip;]\" \/>\n<meta property=\"og:url\" content=\"https:\/\/fr.behr.ca\/colourfullybehr\/une-piece-speciale-pour-papa\/\" \/>\n<meta property=\"og:site_name\" content=\"Tout en couleur, BEHR\" \/>\n<meta property=\"article:published_time\" content=\"2020-06-18T12:47:00+00:00\" \/>\n<meta property=\"article:modified_time\" content=\"2021-10-23T12:11:38+00:00\" \/>\n<meta property=\"og:image\" content=\"https:\/\/fr.behr.ca\/colourfullybehr\/wp-content\/uploads\/2021\/07\/GettyImages-511752229-1024x683-1.jpg\" \/>\n<meta name=\"author\" content=\"Larayne Boaz\" \/>\n<meta name=\"twitter:label1\" content=\"Written by\" \/>\n\t<meta name=\"twitter:data1\" content=\"Larayne Boaz\" \/>\n\t<meta name=\"twitter:label2\" content=\"Est. reading time\" \/>\n\t<meta name=\"twitter:data2\" content=\"5 minutes\" \/>\n<script type=\"application\/ld+json\" class=\"yoast-schema-graph\">{\"@context\":\"https:\/\/schema.org\",\"@graph\":[{\"@type\":\"Article\",\"@id\":\"https:\/\/fr.behr.ca\/colourfullybehr\/une-piece-speciale-pour-papa\/#article\",\"isPartOf\":{\"@id\":\"https:\/\/fr.behr.ca\/colourfullybehr\/une-piece-speciale-pour-papa\/\"},\"author\":{\"name\":\"Larayne Boaz\",\"@id\":\"https:\/\/fr.behr.ca\/colourfullybehr\/#\/schema\/person\/de735f5b939e59c6c920667df59ca59c\"},\"headline\":\"Une Pi\u00e8ce Sp\u00e9ciale Pour Papa\",\"datePublished\":\"2020-06-18T12:47:00+00:00\",\"dateModified\":\"2021-10-23T12:11:38+00:00\",\"mainEntityOfPage\":{\"@id\":\"https:\/\/fr.behr.ca\/colourfullybehr\/une-piece-speciale-pour-papa\/\"},\"wordCount\":738,\"commentCount\":0,\"publisher\":{\"@id\":\"https:\/\/fr.behr.ca\/colourfullybehr\/#organization\"},\"articleSection\":[\"Mode de vie\"],\"inLanguage\":\"en-US\",\"potentialAction\":[{\"@type\":\"CommentAction\",\"name\":\"Comment\",\"target\":[\"https:\/\/fr.behr.ca\/colourfullybehr\/une-piece-speciale-pour-papa\/#respond\"]}]},{\"@type\":\"WebPage\",\"@id\":\"https:\/\/fr.behr.ca\/colourfullybehr\/une-piece-speciale-pour-papa\/\",\"url\":\"https:\/\/fr.behr.ca\/colourfullybehr\/une-piece-speciale-pour-papa\/\",\"name\":\"Une Pi\u00e8ce Sp\u00e9ciale Pour Papa - Tout en couleur, BEHR\",\"isPartOf\":{\"@id\":\"https:\/\/fr.behr.ca\/colourfullybehr\/#website\"},\"datePublished\":\"2020-06-18T12:47:00+00:00\",\"dateModified\":\"2021-10-23T12:11:38+00:00\",\"inLanguage\":\"en-US\",\"potentialAction\":[{\"@type\":\"ReadAction\",\"target\":[\"https:\/\/fr.behr.ca\/colourfullybehr\/une-piece-speciale-pour-papa\/\"]}]},{\"@type\":\"WebSite\",\"@id\":\"https:\/\/fr.behr.ca\/colourfullybehr\/#website\",\"url\":\"https:\/\/fr.behr.ca\/colourfullybehr\/\",\"name\":\"Tout en couleur, BEHR\",\"description\":\"\",\"publisher\":{\"@id\":\"https:\/\/fr.behr.ca\/colourfullybehr\/#organization\"},\"potentialAction\":[{\"@type\":\"SearchAction\",\"target\":{\"@type\":\"EntryPoint\",\"urlTemplate\":\"https:\/\/fr.behr.ca\/colourfullybehr\/?s={search_term_string}\"},\"query-input\":\"required name=search_term_string\"}],\"inLanguage\":\"en-US\"},{\"@type\":\"Organization\",\"@id\":\"https:\/\/fr.behr.ca\/colourfullybehr\/#organization\",\"name\":\"Tout en couleur, BEHR\",\"url\":\"https:\/\/fr.behr.ca\/colourfullybehr\/\",\"logo\":{\"@type\":\"ImageObject\",\"inLanguage\":\"en-US\",\"@id\":\"https:\/\/fr.behr.ca\/colourfullybehr\/#\/schema\/logo\/image\/\",\"url\":\"https:\/\/fr.behr.ca\/colourfullybehr\/wp-content\/uploads\/2021\/10\/colourfully-behr-logo-fr.png\",\"contentUrl\":\"https:\/\/fr.behr.ca\/colourfullybehr\/wp-content\/uploads\/2021\/10\/colourfully-behr-logo-fr.png\",\"width\":1000,\"height\":248,\"caption\":\"Tout en couleur, BEHR\"},\"image\":{\"@id\":\"https:\/\/fr.behr.ca\/colourfullybehr\/#\/schema\/logo\/image\/\"}},{\"@type\":\"Person\",\"@id\":\"https:\/\/fr.behr.ca\/colourfullybehr\/#\/schema\/person\/de735f5b939e59c6c920667df59ca59c\",\"name\":\"Larayne Boaz\",\"image\":{\"@type\":\"ImageObject\",\"inLanguage\":\"en-US\",\"@id\":\"https:\/\/fr.behr.ca\/colourfullybehr\/#\/schema\/person\/image\/\",\"url\":\"https:\/\/secure.gravatar.com\/avatar\/6944f6a1653829c632e551dfb8ed9377?s=96&d=mm&r=g\",\"contentUrl\":\"https:\/\/secure.gravatar.com\/avatar\/6944f6a1653829c632e551dfb8ed9377?s=96&d=mm&r=g\",\"caption\":\"Larayne Boaz\"},\"url\":\"https:\/\/fr.behr.ca\/colourfullybehr\/author\/lboaz\/\"}]}<\/script>\n<!-- \/ Yoast SEO plugin. -->","yoast_head_json":{"title":"Une Pi\u00e8ce Sp\u00e9ciale Pour Papa - Tout en couleur, BEHR","robots":{"index":"index","follow":"follow","max-snippet":"max-snippet:-1","max-image-preview":"max-image-preview:large","max-video-preview":"max-video-preview:-1"},"canonical":"https:\/\/fr.behr.ca\/colourfullybehr\/une-piece-speciale-pour-papa\/","og_locale":"en_US","og_type":"article","og_title":"Une Pi\u00e8ce Sp\u00e9ciale Pour Papa - Tout en couleur, BEHR","og_description":"Ce mois-ci, nous c\u00e9l\u00e9brons la f\u00eate des p\u00e8res. Quand je pense \u00e0 mon p\u00e8re, je me souviens de gros c\u00e2lins d&#8217;ours et de rires bruyants. Il a entour\u00e9 sa famille d&#8217;amour et nous a toujours fait sentir en s\u00e9curit\u00e9. Il nous a quitt\u00e9s depuis longtemps mais je garde de tendres souvenirs de lui travaillant ici [&hellip;]","og_url":"https:\/\/fr.behr.ca\/colourfullybehr\/une-piece-speciale-pour-papa\/","og_site_name":"Tout en couleur, BEHR","article_published_time":"2020-06-18T12:47:00+00:00","article_modified_time":"2021-10-23T12:11:38+00:00","og_image":[{"url":"https:\/\/fr.behr.ca\/colourfullybehr\/wp-content\/uploads\/2021\/07\/GettyImages-511752229-1024x683-1.jpg"}],"author":"Larayne Boaz","twitter_misc":{"Written by":"Larayne Boaz","Est. reading time":"5 minutes"},"schema":{"@context":"https:\/\/schema.org","@graph":[{"@type":"Article","@id":"https:\/\/fr.behr.ca\/colourfullybehr\/une-piece-speciale-pour-papa\/#article","isPartOf":{"@id":"https:\/\/fr.behr.ca\/colourfullybehr\/une-piece-speciale-pour-papa\/"},"author":{"name":"Larayne Boaz","@id":"https:\/\/fr.behr.ca\/colourfullybehr\/#\/schema\/person\/de735f5b939e59c6c920667df59ca59c"},"headline":"Une Pi\u00e8ce Sp\u00e9ciale Pour Papa","datePublished":"2020-06-18T12:47:00+00:00","dateModified":"2021-10-23T12:11:38+00:00","mainEntityOfPage":{"@id":"https:\/\/fr.behr.ca\/colourfullybehr\/une-piece-speciale-pour-papa\/"},"wordCount":738,"commentCount":0,"publisher":{"@id":"https:\/\/fr.behr.ca\/colourfullybehr\/#organization"},"articleSection":["Mode de vie"],"inLanguage":"en-US","potentialAction":[{"@type":"CommentAction","name":"Comment","target":["https:\/\/fr.behr.ca\/colourfullybehr\/une-piece-speciale-pour-papa\/#respond"]}]},{"@type":"WebPage","@id":"https:\/\/fr.behr.ca\/colourfullybehr\/une-piece-speciale-pour-papa\/","url":"https:\/\/fr.behr.ca\/colourfullybehr\/une-piece-speciale-pour-papa\/","name":"Une Pi\u00e8ce Sp\u00e9ciale Pour Papa - Tout en couleur, BEHR","isPartOf":{"@id":"https:\/\/fr.behr.ca\/colourfullybehr\/#website"},"datePublished":"2020-06-18T12:47:00+00:00","dateModified":"2021-10-23T12:11:38+00:00","inLanguage":"en-US","potentialAction":[{"@type":"ReadAction","target":["https:\/\/fr.behr.ca\/colourfullybehr\/une-piece-speciale-pour-papa\/"]}]},{"@type":"WebSite","@id":"https:\/\/fr.behr.ca\/colourfullybehr\/#website","url":"https:\/\/fr.behr.ca\/colourfullybehr\/","name":"Tout en couleur, BEHR","description":"","publisher":{"@id":"https:\/\/fr.behr.ca\/colourfullybehr\/#organization"},"potentialAction":[{"@type":"SearchAction","target":{"@type":"EntryPoint","urlTemplate":"https:\/\/fr.behr.ca\/colourfullybehr\/?s={search_term_string}"},"query-input":"required name=search_term_string"}],"inLanguage":"en-US"},{"@type":"Organization","@id":"https:\/\/fr.behr.ca\/colourfullybehr\/#organization","name":"Tout en couleur, BEHR","url":"https:\/\/fr.behr.ca\/colourfullybehr\/","logo":{"@type":"ImageObject","inLanguage":"en-US","@id":"https:\/\/fr.behr.ca\/colourfullybehr\/#\/schema\/logo\/image\/","url":"https:\/\/fr.behr.ca\/colourfullybehr\/wp-content\/uploads\/2021\/10\/colourfully-behr-logo-fr.png","contentUrl":"https:\/\/fr.behr.ca\/colourfullybehr\/wp-content\/uploads\/2021\/10\/colourfully-behr-logo-fr.png","width":1000,"height":248,"caption":"Tout en couleur, BEHR"},"image":{"@id":"https:\/\/fr.behr.ca\/colourfullybehr\/#\/schema\/logo\/image\/"}},{"@type":"Person","@id":"https:\/\/fr.behr.ca\/colourfullybehr\/#\/schema\/person\/de735f5b939e59c6c920667df59ca59c","name":"Larayne Boaz","image":{"@type":"ImageObject","inLanguage":"en-US","@id":"https:\/\/fr.behr.ca\/colourfullybehr\/#\/schema\/person\/image\/","url":"https:\/\/secure.gravatar.com\/avatar\/6944f6a1653829c632e551dfb8ed9377?s=96&d=mm&r=g","contentUrl":"https:\/\/secure.gravatar.com\/avatar\/6944f6a1653829c632e551dfb8ed9377?s=96&d=mm&r=g","caption":"Larayne Boaz"},"url":"https:\/\/fr.behr.ca\/colourfullybehr\/author\/lboaz\/"}]}},"_links":{"self":[{"href":"https:\/\/fr.behr.ca\/colourfullybehr\/wp-json\/wp\/v2\/posts\/17908"}],"collection":[{"href":"https:\/\/fr.behr.ca\/colourfullybehr\/wp-json\/wp\/v2\/posts"}],"about":[{"href":"https:\/\/fr.behr.ca\/colourfullybehr\/wp-json\/wp\/v2\/types\/post"}],"author":[{"embeddable":true,"href":"https:\/\/fr.behr.ca\/colourfullybehr\/wp-json\/wp\/v2\/users\/27"}],"replies":[{"embeddable":true,"href":"https:\/\/fr.behr.ca\/colourfullybehr\/wp-json\/wp\/v2\/comments?post=17908"}],"version-history":[{"count":5,"href":"https:\/\/fr.behr.ca\/colourfullybehr\/wp-json\/wp\/v2\/posts\/17908\/revisions"}],"predecessor-version":[{"id":18882,"href":"https:\/\/fr.behr.ca\/colourfullybehr\/wp-json\/wp\/v2\/posts\/17908\/revisions\/18882"}],"wp:attachment":[{"href":"https:\/\/fr.behr.ca\/colourfullybehr\/wp-json\/wp\/v2\/media?parent=17908"}],"wp:term":[{"taxonomy":"category","embeddable":true,"href":"https:\/\/fr.behr.ca\/colourfullybehr\/wp-json\/wp\/v2\/categories?post=17908"},{"taxonomy":"post_tag","embeddable":true,"href":"https:\/\/fr.behr.ca\/colourfullybehr\/wp-json\/wp\/v2\/tags?post=17908"}],"curies":[{"name":"wp","href":"https:\/\/api.w.org\/{rel}","templated":true}]}}