{"id":18988,"date":"2022-02-01T08:00:00","date_gmt":"2022-02-01T08:00:00","guid":{"rendered":"https:\/\/fr.behr.ca\/colourfullybehr\/?p=18988"},"modified":"2022-04-27T19:30:05","modified_gmt":"2022-04-27T19:30:05","slug":"couleur-du-mois-brique-lavee-au-soleil","status":"publish","type":"post","link":"https:\/\/fr.behr.ca\/colourfullybehr\/couleur-du-mois-brique-lavee-au-soleil\/","title":{"rendered":"COULEUR DU MOIS: BRIQUE LAV\u00c9E AU SOLEIL"},"content":{"rendered":"\n<figure class=\"wp-block-image size-full\"><img decoding=\"async\" loading=\"lazy\" width=\"5472\" height=\"3648\" src=\"https:\/\/fr.behr.ca\/colourfullybehr\/wp-content\/uploads\/2022\/02\/GettyImages-1160066561_SunwashedBrick.jpg\" alt=\"Un int\u00e9rieur de salon avec sofa, miroir et ficus. La couleur pr\u00e9sent\u00e9e sur les murs est un rose chaud et clair appel\u00e9 Brique lav\u00e9e au soleil.\" class=\"wp-image-18990\"\/><\/figure>\n\n\n\n<p>F\u00e9vrier est un mois de nouveaux d\u00e9parts : il repr\u00e9sente le renouveau, l&#8217;optimisme et l&#8217;espoir. C&#8217;est aussi un mois froid o\u00f9 nous avons mis de c\u00f4t\u00e9 les feux de camp et les promenades en charrette de l&#8217;automne pour nous installer confortablement \u00e0 l&#8217;int\u00e9rieur. Afin d\u2019illustrer ce confort, nous avons choisi la couleur Brique lav\u00e9e au soleil pour le mois de f\u00e9vrier : un rose nuanc\u00e9 au charme doux.<\/p>\n\n\n\n<figure class=\"wp-block-image size-full\"><img decoding=\"async\" loading=\"lazy\" width=\"1000\" height=\"1000\" src=\"https:\/\/fr.behr.ca\/colourfullybehr\/wp-content\/uploads\/2022\/02\/S180-2_SUNWASHED-BRICK_F.jpg\" alt=\"Un pot de peinture ouvert avec un pinceau \u00e0 moiti\u00e9 tremp\u00e9 appuy\u00e9 sur le dessus du pot, la couleur de peinture est un rose tendre appel\u00e9 Brique lav\u00e9e au soleil.\" class=\"wp-image-18991\"\/><\/figure>\n\n\n\n<p>F\u00e9vrier est un mois de r\u00e9flexion, la saison pour reprendre ses forces et faire des projets. C\u2019est pourquoi, quand le temps se r\u00e9chauffe et que l&#8217;ann\u00e9e avance, nous sommes pr\u00eats \u00e0 assumer toutes les t\u00e2ches de plein fouet. Brique lav\u00e9e au soleil est donc une couleur appropri\u00e9e pour cette p\u00e9riode. C&#8217;est une couleur rose subtile qui est douce, d\u00e9licate et tranquille, nous rappelant que c&#8217;est une saison de paix et de repos.<\/p>\n\n\n\n<p>Avec sa nuance l\u00e9g\u00e8rement poussi\u00e9reuse, Brique lav\u00e9e au soleil est suffisamment polyvalente pour fonctionner avec d&#8217;autres couleurs neutres. Elle aide \u00e0 cr\u00e9er un espace \u00e0 la fois confortable et \u00e9difiant.<\/p>\n\n\n\n<p>couleur du mur : <a href=\"https:\/\/fr.behr.ca\/consumer\/ColorDetailView\/S180-2\/\">Brique lav\u00e9e au soleil S180-2<\/a>, garnitures : <a href=\"https:\/\/fr.behr.ca\/consumer\/ColorDetailView\/PPU7-11\/\">Tricot de coton PPU7-11<\/a><\/p>\n\n\n\n<figure class=\"is-layout-flex wp-block-gallery-1 wp-block-gallery has-nested-images columns-default is-cropped\">\n<figure class=\"wp-block-image size-large\"><img decoding=\"async\" loading=\"lazy\" width=\"4286\" height=\"5000\" data-id=\"19039\"  src=\"https:\/\/fr.behr.ca\/colourfullybehr\/wp-content\/uploads\/2022\/04\/image.jpeg\" alt=\"\" class=\"wp-image-19039\"\/><\/figure>\n<\/figure>\n\n\n\n<p>Comme couleur de mur dans une salle de bain, Brique lav\u00e9e au soleil appara\u00eet comme un blush doux. Elle vous rappelle que cet espace est l\u00e0 pour vous d\u00e9tendre et vous rafra\u00eechir.<\/p>\n\n\n\n<p>couleur du mur : <a href=\"https:\/\/fr.behr.ca\/consumer\/ColorDetailView\/S180-2\/\">Brique lav\u00e9e au soleil S180-2<\/a>, garnitures et porte : <a href=\"https:\/\/fr.behr.ca\/consumer\/ColorDetailView\/HDC-MD-08\/\">Blanc murmure HDC-MD-08<\/a><\/p>\n\n\n\n<figure class=\"wp-block-image size-full\"><img decoding=\"async\" loading=\"lazy\" width=\"3664\" height=\"5100\" src=\"https:\/\/fr.behr.ca\/colourfullybehr\/wp-content\/uploads\/2022\/02\/BEHR_21.05_COLORTRENDS_THS_BATH_004_SunwashedBrick_RGB.jpg\" alt=\"Une salle de bain classique avec lavabos pour elle et lui, la couleur du mur est un rose clair.\" class=\"wp-image-18993\"\/><\/figure>\n\n\n\n<p>Parce que le ton rose de Brique lav\u00e9e au soleil n&#8217;est pas trop sucr\u00e9, c&#8217;est un bon choix pour les garnitures et la porte d&#8217;une salle \u00e0 manger. Cette teinte apporte de la profondeur, de la complexit\u00e9 et de la dimension sans surcharger l&#8217;espace. Elle le fait en s\u2019entourant de couleurs subtiles, \u00e9vitant les tons plus voyants qui pourraient affecter la fa\u00e7on dont vous vous sentez lorsque vous mangez ou \u00eates r\u00e9unis avec votre famille et amis.mur : <a href=\"https:\/\/fr.behr.ca\/consumer\/ColorDetailView\/BWC-13\/\">Blanc fum\u00e9 BWC-13<\/a>, garnitures et porte : <a href=\"https:\/\/fr.behr.ca\/consumer\/ColorDetailView\/S180-2\/\">Brique lav\u00e9e au soleil S180-2<\/a><\/p>\n\n\n\n<figure class=\"wp-block-image size-full\"><img decoding=\"async\" loading=\"lazy\" width=\"4528\" height=\"6105\" src=\"https:\/\/fr.behr.ca\/colourfullybehr\/wp-content\/uploads\/2022\/02\/TC-Studios-Color_Trends_2017_DiningRoom_VOA_SunwashedBrick.jpg\" alt=\"Une salle \u00e0 manger avec table en bois, accents dor\u00e9s \u00e9l\u00e9gants et doubles portes peintur\u00e9es en Brique lav\u00e9e au soleil.\" class=\"wp-image-18994\"\/><\/figure>\n\n\n\n<p>Brique lav\u00e9e au soleil sur les moulures ou sur le plafond attire le regard vers le haut et cr\u00e9e une zone d&#8217;int\u00e9r\u00eat au-dessus de la t\u00eate. Agencez-la avec des murs blancs de ton chaud et \u00e0 un mobilier \u00e9pur\u00e9 pour donner une apparence propre et moderne dans un bureau.<\/p>\n\n\n\n<p>garnitures : <a href=\"https:\/\/fr.behr.ca\/consumer\/ColorDetailView\/S180-2\/\">Brique lav\u00e9e au soleil S180-2<\/a>, mur : <a href=\"https:\/\/fr.behr.ca\/consumer\/ColorDetailView\/HDC-MD-08\/\">Blanc murmure HDC-MD-08<\/a><\/p>\n\n\n\n<figure class=\"wp-block-image size-full\"><img decoding=\"async\" loading=\"lazy\" width=\"3298\" height=\"3737\" src=\"https:\/\/fr.behr.ca\/colourfullybehr\/wp-content\/uploads\/2022\/02\/MADIGANSTUDIOS_BEHR_COLORTRENDS_OFFICE_001_SunwashedBrickWHITE.jpg\" alt=\"Un bureau moderne d'inspiration ann\u00e9es 50 avec des murs blancs et de larges garnitures roses.\" class=\"wp-image-18995\"\/><\/figure>\n\n\n\n<p>Brique lav\u00e9e au soleil est une couleur gaie pour un bureau. Elle fonctionne bien dans un espace de travail car la teinte de rose d\u00e9licat est enjou\u00e9e, joyeuse et l\u00e9g\u00e8rement \u00e9nergisante.<\/p>\n\n\n\n<p>couleur du mur : <a href=\"https:\/\/fr.behr.ca\/consumer\/ColorDetailView\/S180-2\/\">Brique lav\u00e9e au soleil S180-2<\/a><\/p>\n\n\n\n<figure class=\"wp-block-image size-full\"><img decoding=\"async\" loading=\"lazy\" width=\"3415\" height=\"4465\" src=\"https:\/\/fr.behr.ca\/colourfullybehr\/wp-content\/uploads\/2022\/02\/GettyImages-1160930007_SunwashedBrick.jpg\" alt=\"Un int\u00e9rieur boho chic de pi\u00e8ce ouverte dans un appartement confortable avec un mobilier design et des accessoires de bureau \u00e9l\u00e9gants. Le mur est peint dans un rose clair et ombr\u00e9 appel\u00e9 Brique lav\u00e9e au soleil.\" class=\"wp-image-18996\"\/><\/figure>\n\n\n\n<p>Brique lav\u00e9e au soleil peut \u00eatre utilis\u00e9e n&#8217;importe o\u00f9 dans la maison. Ce ton sophistiqu\u00e9 peut m\u00eame \u00eatre utilis\u00e9 comme mur d&#8217;accent dans un salon, en particulier comme une touche de couleur derri\u00e8re un foyer.<\/p>\n\n\n\n<p>couleur du mur : <a href=\"https:\/\/fr.behr.ca\/consumer\/ColorDetailView\/S180-2\/\">Brique lav\u00e9e au soleil S180-2<\/a>, garnitures : <a href=\"https:\/\/fr.behr.ca\/consumer\/ColorDetailView\/N370-4A\/\">Gris historique N370-4A<\/a><\/p>\n\n\n\n<figure class=\"wp-block-image size-full\"><img decoding=\"async\" loading=\"lazy\" width=\"2400\" height=\"2975\" src=\"https:\/\/fr.behr.ca\/colourfullybehr\/wp-content\/uploads\/2022\/02\/BEHR_COTY-2021_LivingRoom_SunwashedBrick_HistoricalGray.jpg\" alt=\"Une photo en gros plan d'un mur de salon avec foyer, le mur est peint en rose p\u00e2le et le manteau de chemin\u00e9e est peint en un gris-vert.\" class=\"wp-image-18997\"\/><\/figure>\n\n\n\n<p>Ce rose clair au ton chaud illumine une chambre et la rend plus accueillante.<\/p>\n\n\n\n<p>couleur du mur : <a href=\"https:\/\/fr.behr.ca\/consumer\/ColorDetailView\/S180-2\/\">Brique lav\u00e9e au soleil S180-2<\/a>, garnitures : <a href=\"https:\/\/fr.behr.ca\/consumer\/ColorDetailView\/75\/\">Ours polaire 75<\/a><\/p>\n\n\n\n<figure class=\"wp-block-image size-full\"><img decoding=\"async\" loading=\"lazy\" width=\"4876\" height=\"4756\" src=\"https:\/\/fr.behr.ca\/colourfullybehr\/wp-content\/uploads\/2022\/02\/Keith-Madigan_Coastal-Room-v2.jpg\" alt=\"Une chambre de cottage avec mobilier blanc et murs peints en Brique lav\u00e9e au soleil.\" class=\"wp-image-18998\"\/><\/figure>\n\n\n\n<p>Dans une chambre d&#8217;enfant, elle apporte une touche rose subtile et discr\u00e8te, \u00e0 la fois moderne et chic.<\/p>\n\n\n\n<p>couleur du mur : <a href=\"https:\/\/fr.behr.ca\/consumer\/ColorDetailView\/S180-2\/\">Brique lav\u00e9e au soleil S180-2<\/a>, garnitures : <a href=\"https:\/\/fr.behr.ca\/consumer\/ColorDetailView\/12\/\">Caf\u00e9 suisse 12<\/a><\/p>\n\n\n\n<figure class=\"wp-block-image size-full\"><img decoding=\"async\" loading=\"lazy\" width=\"3829\" height=\"5743\" src=\"https:\/\/fr.behr.ca\/colourfullybehr\/wp-content\/uploads\/2022\/02\/GettyImages-1057916132_SunwashedBrick.jpg\" alt=\"La vue verticale d'une chambre pour b\u00e9b\u00e9 blanche d'influence scandinave avec tente, ours en peluche, \u00e9chelle en bois et couverture beige. Le mur du fond est peintur\u00e9 en rose clair.\" class=\"wp-image-18999\"\/><\/figure>\n\n\n\n<p>Brique lav\u00e9e au soleil est une teinte douce et r\u00e9confortante tout en \u00e9tant amusante et ludique, et c&#8217;est exactement ce que nous voulons vivre pour ce mois de f\u00e9vrier.<\/p>\n\n\n\n<p>Pour en savoir plus sur Brique lav\u00e9e au soleil et explorer l&#8217;ensemble de la palette des tendances couleurs 2022 de BEHR<sup>MD<\/sup>, visitez <a href=\"https:\/\/fr.behr.ca\/consumer\/\">fr.behr.ca<\/a> ou votre magasin Home Depot.<\/p>\n\n\n\n<p>Vivez en couleur,<\/p>\n\n\n\n<p>Diana<\/p>\n","protected":false},"excerpt":{"rendered":"<p>F\u00e9vrier est un mois de nouveaux d\u00e9parts : il repr\u00e9sente le renouveau, l&#8217;optimisme et l&#8217;espoir. C&#8217;est aussi un mois froid o\u00f9 nous avons mis de c\u00f4t\u00e9 les feux de camp et les promenades en charrette de l&#8217;automne pour nous installer confortablement \u00e0 l&#8217;int\u00e9rieur. Afin d\u2019illustrer ce confort, nous avons choisi la couleur Brique lav\u00e9e au [&hellip;]<\/p>\n","protected":false},"author":24,"featured_media":18990,"comment_status":"open","ping_status":"open","sticky":false,"template":"","format":"standard","meta":{"_s2mail":""},"categories":[24,11,20],"tags":[1048,1054,1055,1050,1053],"yoast_head":"<!-- This site is optimized with the Yoast SEO plugin v19.14 - https:\/\/yoast.com\/wordpress\/plugins\/seo\/ -->\n<title>COULEUR DU MOIS: BRIQUE LAV\u00c9E AU SOLEIL - Tout en couleur, BEHR<\/title>\n<meta name=\"robots\" content=\"index, follow, max-snippet:-1, max-image-preview:large, max-video-preview:-1\" \/>\n<link rel=\"canonical\" href=\"https:\/\/fr.behr.ca\/colourfullybehr\/couleur-du-mois-brique-lavee-au-soleil\/\" \/>\n<meta property=\"og:locale\" content=\"en_US\" \/>\n<meta property=\"og:type\" content=\"article\" \/>\n<meta property=\"og:title\" content=\"COULEUR DU MOIS: BRIQUE LAV\u00c9E AU SOLEIL - Tout en couleur, BEHR\" \/>\n<meta property=\"og:description\" content=\"F\u00e9vrier est un mois de nouveaux d\u00e9parts : il repr\u00e9sente le renouveau, l&#8217;optimisme et l&#8217;espoir. C&#8217;est aussi un mois froid o\u00f9 nous avons mis de c\u00f4t\u00e9 les feux de camp et les promenades en charrette de l&#8217;automne pour nous installer confortablement \u00e0 l&#8217;int\u00e9rieur. Afin d\u2019illustrer ce confort, nous avons choisi la couleur Brique lav\u00e9e au [&hellip;]\" \/>\n<meta property=\"og:url\" content=\"https:\/\/fr.behr.ca\/colourfullybehr\/couleur-du-mois-brique-lavee-au-soleil\/\" \/>\n<meta property=\"og:site_name\" content=\"Tout en couleur, BEHR\" \/>\n<meta property=\"article:published_time\" content=\"2022-02-01T08:00:00+00:00\" \/>\n<meta property=\"article:modified_time\" content=\"2022-04-27T19:30:05+00:00\" \/>\n<meta name=\"author\" content=\"Deanna Torrez\" \/>\n<meta name=\"twitter:label1\" content=\"Written by\" \/>\n\t<meta name=\"twitter:data1\" content=\"Deanna Torrez\" \/>\n\t<meta name=\"twitter:label2\" content=\"Est. reading time\" \/>\n\t<meta name=\"twitter:data2\" content=\"5 minutes\" \/>\n<script type=\"application\/ld+json\" class=\"yoast-schema-graph\">{\"@context\":\"https:\/\/schema.org\",\"@graph\":[{\"@type\":\"Article\",\"@id\":\"https:\/\/fr.behr.ca\/colourfullybehr\/couleur-du-mois-brique-lavee-au-soleil\/#article\",\"isPartOf\":{\"@id\":\"https:\/\/fr.behr.ca\/colourfullybehr\/couleur-du-mois-brique-lavee-au-soleil\/\"},\"author\":{\"name\":\"Deanna Torrez\",\"@id\":\"https:\/\/fr.behr.ca\/colourfullybehr\/#\/schema\/person\/748f333698b0058dee1a230924a8df35\"},\"headline\":\"COULEUR DU MOIS: BRIQUE LAV\u00c9E AU SOLEIL\",\"datePublished\":\"2022-02-01T08:00:00+00:00\",\"dateModified\":\"2022-04-27T19:30:05+00:00\",\"mainEntityOfPage\":{\"@id\":\"https:\/\/fr.behr.ca\/colourfullybehr\/couleur-du-mois-brique-lavee-au-soleil\/\"},\"wordCount\":648,\"commentCount\":0,\"publisher\":{\"@id\":\"https:\/\/fr.behr.ca\/colourfullybehr\/#organization\"},\"keywords\":[\"Couleur du mois\",\"\u00e9l\u00e9gante peintur\u00e9e\",\"maison moderne\",\"optimisent\",\"Rose\"],\"articleSection\":[\"Couleur du mois\",\"Couleurs + tendances\",\"Rose\"],\"inLanguage\":\"en-US\",\"potentialAction\":[{\"@type\":\"CommentAction\",\"name\":\"Comment\",\"target\":[\"https:\/\/fr.behr.ca\/colourfullybehr\/couleur-du-mois-brique-lavee-au-soleil\/#respond\"]}]},{\"@type\":\"WebPage\",\"@id\":\"https:\/\/fr.behr.ca\/colourfullybehr\/couleur-du-mois-brique-lavee-au-soleil\/\",\"url\":\"https:\/\/fr.behr.ca\/colourfullybehr\/couleur-du-mois-brique-lavee-au-soleil\/\",\"name\":\"COULEUR DU MOIS: BRIQUE LAV\u00c9E AU SOLEIL - Tout en couleur, BEHR\",\"isPartOf\":{\"@id\":\"https:\/\/fr.behr.ca\/colourfullybehr\/#website\"},\"datePublished\":\"2022-02-01T08:00:00+00:00\",\"dateModified\":\"2022-04-27T19:30:05+00:00\",\"inLanguage\":\"en-US\",\"potentialAction\":[{\"@type\":\"ReadAction\",\"target\":[\"https:\/\/fr.behr.ca\/colourfullybehr\/couleur-du-mois-brique-lavee-au-soleil\/\"]}]},{\"@type\":\"WebSite\",\"@id\":\"https:\/\/fr.behr.ca\/colourfullybehr\/#website\",\"url\":\"https:\/\/fr.behr.ca\/colourfullybehr\/\",\"name\":\"Tout en couleur, BEHR\",\"description\":\"\",\"publisher\":{\"@id\":\"https:\/\/fr.behr.ca\/colourfullybehr\/#organization\"},\"potentialAction\":[{\"@type\":\"SearchAction\",\"target\":{\"@type\":\"EntryPoint\",\"urlTemplate\":\"https:\/\/fr.behr.ca\/colourfullybehr\/?s={search_term_string}\"},\"query-input\":\"required name=search_term_string\"}],\"inLanguage\":\"en-US\"},{\"@type\":\"Organization\",\"@id\":\"https:\/\/fr.behr.ca\/colourfullybehr\/#organization\",\"name\":\"Tout en couleur, BEHR\",\"url\":\"https:\/\/fr.behr.ca\/colourfullybehr\/\",\"logo\":{\"@type\":\"ImageObject\",\"inLanguage\":\"en-US\",\"@id\":\"https:\/\/fr.behr.ca\/colourfullybehr\/#\/schema\/logo\/image\/\",\"url\":\"https:\/\/fr.behr.ca\/colourfullybehr\/wp-content\/uploads\/2021\/10\/colourfully-behr-logo-fr.png\",\"contentUrl\":\"https:\/\/fr.behr.ca\/colourfullybehr\/wp-content\/uploads\/2021\/10\/colourfully-behr-logo-fr.png\",\"width\":1000,\"height\":248,\"caption\":\"Tout en couleur, BEHR\"},\"image\":{\"@id\":\"https:\/\/fr.behr.ca\/colourfullybehr\/#\/schema\/logo\/image\/\"}},{\"@type\":\"Person\",\"@id\":\"https:\/\/fr.behr.ca\/colourfullybehr\/#\/schema\/person\/748f333698b0058dee1a230924a8df35\",\"name\":\"Deanna Torrez\",\"image\":{\"@type\":\"ImageObject\",\"inLanguage\":\"en-US\",\"@id\":\"https:\/\/fr.behr.ca\/colourfullybehr\/#\/schema\/person\/image\/\",\"url\":\"https:\/\/secure.gravatar.com\/avatar\/45f7486238bcf24d7a5db91d00f07bf4?s=96&d=mm&r=g\",\"contentUrl\":\"https:\/\/secure.gravatar.com\/avatar\/45f7486238bcf24d7a5db91d00f07bf4?s=96&d=mm&r=g\",\"caption\":\"Deanna Torrez\"},\"url\":\"https:\/\/fr.behr.ca\/colourfullybehr\/author\/dtorrez\/\"}]}<\/script>\n<!-- \/ Yoast SEO plugin. -->","yoast_head_json":{"title":"COULEUR DU MOIS: BRIQUE LAV\u00c9E AU SOLEIL - Tout en couleur, BEHR","robots":{"index":"index","follow":"follow","max-snippet":"max-snippet:-1","max-image-preview":"max-image-preview:large","max-video-preview":"max-video-preview:-1"},"canonical":"https:\/\/fr.behr.ca\/colourfullybehr\/couleur-du-mois-brique-lavee-au-soleil\/","og_locale":"en_US","og_type":"article","og_title":"COULEUR DU MOIS: BRIQUE LAV\u00c9E AU SOLEIL - Tout en couleur, BEHR","og_description":"F\u00e9vrier est un mois de nouveaux d\u00e9parts : il repr\u00e9sente le renouveau, l&#8217;optimisme et l&#8217;espoir. C&#8217;est aussi un mois froid o\u00f9 nous avons mis de c\u00f4t\u00e9 les feux de camp et les promenades en charrette de l&#8217;automne pour nous installer confortablement \u00e0 l&#8217;int\u00e9rieur. Afin d\u2019illustrer ce confort, nous avons choisi la couleur Brique lav\u00e9e au [&hellip;]","og_url":"https:\/\/fr.behr.ca\/colourfullybehr\/couleur-du-mois-brique-lavee-au-soleil\/","og_site_name":"Tout en couleur, BEHR","article_published_time":"2022-02-01T08:00:00+00:00","article_modified_time":"2022-04-27T19:30:05+00:00","author":"Deanna Torrez","twitter_misc":{"Written by":"Deanna Torrez","Est. reading time":"5 minutes"},"schema":{"@context":"https:\/\/schema.org","@graph":[{"@type":"Article","@id":"https:\/\/fr.behr.ca\/colourfullybehr\/couleur-du-mois-brique-lavee-au-soleil\/#article","isPartOf":{"@id":"https:\/\/fr.behr.ca\/colourfullybehr\/couleur-du-mois-brique-lavee-au-soleil\/"},"author":{"name":"Deanna Torrez","@id":"https:\/\/fr.behr.ca\/colourfullybehr\/#\/schema\/person\/748f333698b0058dee1a230924a8df35"},"headline":"COULEUR DU MOIS: BRIQUE LAV\u00c9E AU SOLEIL","datePublished":"2022-02-01T08:00:00+00:00","dateModified":"2022-04-27T19:30:05+00:00","mainEntityOfPage":{"@id":"https:\/\/fr.behr.ca\/colourfullybehr\/couleur-du-mois-brique-lavee-au-soleil\/"},"wordCount":648,"commentCount":0,"publisher":{"@id":"https:\/\/fr.behr.ca\/colourfullybehr\/#organization"},"keywords":["Couleur du mois","\u00e9l\u00e9gante peintur\u00e9e","maison moderne","optimisent","Rose"],"articleSection":["Couleur du mois","Couleurs + tendances","Rose"],"inLanguage":"en-US","potentialAction":[{"@type":"CommentAction","name":"Comment","target":["https:\/\/fr.behr.ca\/colourfullybehr\/couleur-du-mois-brique-lavee-au-soleil\/#respond"]}]},{"@type":"WebPage","@id":"https:\/\/fr.behr.ca\/colourfullybehr\/couleur-du-mois-brique-lavee-au-soleil\/","url":"https:\/\/fr.behr.ca\/colourfullybehr\/couleur-du-mois-brique-lavee-au-soleil\/","name":"COULEUR DU MOIS: BRIQUE LAV\u00c9E AU SOLEIL - Tout en couleur, BEHR","isPartOf":{"@id":"https:\/\/fr.behr.ca\/colourfullybehr\/#website"},"datePublished":"2022-02-01T08:00:00+00:00","dateModified":"2022-04-27T19:30:05+00:00","inLanguage":"en-US","potentialAction":[{"@type":"ReadAction","target":["https:\/\/fr.behr.ca\/colourfullybehr\/couleur-du-mois-brique-lavee-au-soleil\/"]}]},{"@type":"WebSite","@id":"https:\/\/fr.behr.ca\/colourfullybehr\/#website","url":"https:\/\/fr.behr.ca\/colourfullybehr\/","name":"Tout en couleur, BEHR","description":"","publisher":{"@id":"https:\/\/fr.behr.ca\/colourfullybehr\/#organization"},"potentialAction":[{"@type":"SearchAction","target":{"@type":"EntryPoint","urlTemplate":"https:\/\/fr.behr.ca\/colourfullybehr\/?s={search_term_string}"},"query-input":"required name=search_term_string"}],"inLanguage":"en-US"},{"@type":"Organization","@id":"https:\/\/fr.behr.ca\/colourfullybehr\/#organization","name":"Tout en couleur, BEHR","url":"https:\/\/fr.behr.ca\/colourfullybehr\/","logo":{"@type":"ImageObject","inLanguage":"en-US","@id":"https:\/\/fr.behr.ca\/colourfullybehr\/#\/schema\/logo\/image\/","url":"https:\/\/fr.behr.ca\/colourfullybehr\/wp-content\/uploads\/2021\/10\/colourfully-behr-logo-fr.png","contentUrl":"https:\/\/fr.behr.ca\/colourfullybehr\/wp-content\/uploads\/2021\/10\/colourfully-behr-logo-fr.png","width":1000,"height":248,"caption":"Tout en couleur, BEHR"},"image":{"@id":"https:\/\/fr.behr.ca\/colourfullybehr\/#\/schema\/logo\/image\/"}},{"@type":"Person","@id":"https:\/\/fr.behr.ca\/colourfullybehr\/#\/schema\/person\/748f333698b0058dee1a230924a8df35","name":"Deanna Torrez","image":{"@type":"ImageObject","inLanguage":"en-US","@id":"https:\/\/fr.behr.ca\/colourfullybehr\/#\/schema\/person\/image\/","url":"https:\/\/secure.gravatar.com\/avatar\/45f7486238bcf24d7a5db91d00f07bf4?s=96&d=mm&r=g","contentUrl":"https:\/\/secure.gravatar.com\/avatar\/45f7486238bcf24d7a5db91d00f07bf4?s=96&d=mm&r=g","caption":"Deanna Torrez"},"url":"https:\/\/fr.behr.ca\/colourfullybehr\/author\/dtorrez\/"}]}},"_links":{"self":[{"href":"https:\/\/fr.behr.ca\/colourfullybehr\/wp-json\/wp\/v2\/posts\/18988"}],"collection":[{"href":"https:\/\/fr.behr.ca\/colourfullybehr\/wp-json\/wp\/v2\/posts"}],"about":[{"href":"https:\/\/fr.behr.ca\/colourfullybehr\/wp-json\/wp\/v2\/types\/post"}],"author":[{"embeddable":true,"href":"https:\/\/fr.behr.ca\/colourfullybehr\/wp-json\/wp\/v2\/users\/24"}],"replies":[{"embeddable":true,"href":"https:\/\/fr.behr.ca\/colourfullybehr\/wp-json\/wp\/v2\/comments?post=18988"}],"version-history":[{"count":4,"href":"https:\/\/fr.behr.ca\/colourfullybehr\/wp-json\/wp\/v2\/posts\/18988\/revisions"}],"predecessor-version":[{"id":19041,"href":"https:\/\/fr.behr.ca\/colourfullybehr\/wp-json\/wp\/v2\/posts\/18988\/revisions\/19041"}],"wp:featuredmedia":[{"embeddable":true,"href":"https:\/\/fr.behr.ca\/colourfullybehr\/wp-json\/wp\/v2\/media\/18990"}],"wp:attachment":[{"href":"https:\/\/fr.behr.ca\/colourfullybehr\/wp-json\/wp\/v2\/media?parent=18988"}],"wp:term":[{"taxonomy":"category","embeddable":true,"href":"https:\/\/fr.behr.ca\/colourfullybehr\/wp-json\/wp\/v2\/categories?post=18988"},{"taxonomy":"post_tag","embeddable":true,"href":"https:\/\/fr.behr.ca\/colourfullybehr\/wp-json\/wp\/v2\/tags?post=18988"}],"curies":[{"name":"wp","href":"https:\/\/api.w.org\/{rel}","templated":true}]}}