{"id":19096,"date":"2022-03-10T08:00:00","date_gmt":"2022-03-10T08:00:00","guid":{"rendered":"https:\/\/fr.behr.ca\/colourfullybehr\/?p=19096"},"modified":"2022-05-13T17:55:57","modified_gmt":"2022-05-13T17:55:57","slug":"les-verts-chanceux","status":"publish","type":"post","link":"https:\/\/fr.behr.ca\/colourfullybehr\/les-verts-chanceux\/","title":{"rendered":"LES VERTS CHANCEUX"},"content":{"rendered":"\n<figure class=\"wp-block-image\"><img decoding=\"async\" src=\"https:\/\/www.behr.com\/colorfullybehr\/wp-content\/uploads\/2022\/02\/BEHR_21.12_COPPERFORCE_TC_HALL_008-1.jpg\" alt=\"\"\/><\/figure>\n\n\n\n<p>Il existe de nombreuses fa\u00e7ons astucieuses d&#8217;utiliser la couleur nature qui est le vert. Nous associons la couleur verte au calme, au repos et au renouveau. Elle est \u00e9galement consid\u00e9r\u00e9e par certains comme une couleur porte-bonheur, et c&#8217;est une teinte qui ne se d\u00e9mode jamais. Dans cette image, nous utilisons le vert de mani\u00e8re cr\u00e9ative en peinturant le plafond et le mur arri\u00e8re pour ajouter de la profondeur et un bel \u00e9clat de couleur avec <a href=\"https:\/\/fr.behr.ca\/consumer\/ColorDetailView\/HDC-CL-21A\/\">Marais sombre HDC-CL-21A<\/a>.<\/p>\n\n\n\n<figure class=\"wp-block-image\"><img decoding=\"async\" src=\"https:\/\/www.behr.com\/colorfullybehr\/wp-content\/uploads\/2022\/02\/DIGITALLOFT_BEHR_BEDROOM_001_3_RoyalOrchard-1-1024x551.jpg\" alt=\"\"\/><\/figure>\n\n\n\n<p>Un moyen id\u00e9al d\u2019amener la nature \u00e0 l\u2019int\u00e9rieur consiste \u00e0 utiliser un vert for\u00eat. <a href=\"https:\/\/fr.behr.ca\/consumer\/ColorDetailView\/PPU11-01\/\">Verger royal PPU11-01<\/a> est utilis\u00e9 comme mur d&#8217;accent et cr\u00e9e l&#8217;apparence et l\u2019ambiance recherch\u00e9es dans cette chambre principale.<\/p>\n\n\n\n<figure class=\"wp-block-image is-resized\"><img decoding=\"async\" loading=\"lazy\" src=\"https:\/\/www.behr.com\/colorfullybehr\/wp-content\/uploads\/2022\/02\/KREBER_BEHR_DYNASTY_KITCHEN_013_DarkEvergreen-1-1024x683.jpg\" alt=\"\" width=\"1024\" height=\"683\"\/><\/figure>\n\n\n\n<p>Embellissez votre espace cuisine avec un environnement dans un ton de vert. La teinte <a href=\"https:\/\/fr.behr.ca\/consumer\/ColorDetailView\/HDC-CL-21A\/\">Marais sombre HDC-CL-21A<\/a> est utilis\u00e9e sur les armoires comme \u00e9l\u00e9ment d&#8217;accentuation, cr\u00e9ant un int\u00e9r\u00eat visuel qui vous donnera envie de cuisiner des repas sains et nutritifs.<\/p>\n\n\n\n<figure class=\"wp-block-image\"><img decoding=\"async\" src=\"https:\/\/www.behr.com\/colorfullybehr\/wp-content\/uploads\/2022\/02\/KREBER_BEHR_DYNASTY_OFFICE_008_GrowingSeason-1-1024x1020.jpg\" alt=\"\"\/><\/figure>\n\n\n\n<p>Les verts plus clairs donnent \u00e0 un espace de bureau un air d\u00e9tendu et tranquille. Le travail peut \u00eatre accaparant mais un seul regard sur <a href=\"https:\/\/fr.behr.ca\/consumer\/ColorDetailView\/M380-3\">Saison de croissance M380-3<\/a> apporte un sentiment de calme et nous rappelle la beaut\u00e9 de la nature.<\/p>\n\n\n\n<p>Les verts peuvent \u00eatre utilis\u00e9s n&#8217;importe o\u00f9 dans la maison pour \u00e9voquer harmonie, tranquillit\u00e9 et optimisme. Choisissez votre vert chanceux d\u00e8s aujourd&#8217;hui.<\/p>\n\n\n\n<p>Vivez en couleur,<\/p>\n\n\n\n<p>Deanna<\/p>\n","protected":false},"excerpt":{"rendered":"<p>Il existe de nombreuses fa\u00e7ons astucieuses d&#8217;utiliser la couleur nature qui est le vert. Nous associons la couleur verte au calme, au repos et au renouveau. Elle est \u00e9galement consid\u00e9r\u00e9e par certains comme une couleur porte-bonheur, et c&#8217;est une teinte qui ne se d\u00e9mode jamais. Dans cette image, nous utilisons le vert de mani\u00e8re cr\u00e9ative [&hellip;]<\/p>\n","protected":false},"author":24,"featured_media":19099,"comment_status":"open","ping_status":"open","sticky":false,"template":"","format":"standard","meta":{"_s2mail":""},"categories":[26],"tags":[1062,1050,1064,1063],"yoast_head":"<!-- This site is optimized with the Yoast SEO plugin v19.14 - https:\/\/yoast.com\/wordpress\/plugins\/seo\/ -->\n<title>LES VERTS CHANCEUX - Tout en couleur, BEHR<\/title>\n<meta name=\"robots\" content=\"index, follow, max-snippet:-1, max-image-preview:large, max-video-preview:-1\" \/>\n<link rel=\"canonical\" href=\"https:\/\/fr.behr.ca\/colourfullybehr\/les-verts-chanceux\/\" \/>\n<meta property=\"og:locale\" content=\"en_US\" \/>\n<meta property=\"og:type\" content=\"article\" \/>\n<meta property=\"og:title\" content=\"LES VERTS CHANCEUX - Tout en couleur, BEHR\" \/>\n<meta property=\"og:description\" content=\"Il existe de nombreuses fa\u00e7ons astucieuses d&#8217;utiliser la couleur nature qui est le vert. Nous associons la couleur verte au calme, au repos et au renouveau. Elle est \u00e9galement consid\u00e9r\u00e9e par certains comme une couleur porte-bonheur, et c&#8217;est une teinte qui ne se d\u00e9mode jamais. Dans cette image, nous utilisons le vert de mani\u00e8re cr\u00e9ative [&hellip;]\" \/>\n<meta property=\"og:url\" content=\"https:\/\/fr.behr.ca\/colourfullybehr\/les-verts-chanceux\/\" \/>\n<meta property=\"og:site_name\" content=\"Tout en couleur, BEHR\" \/>\n<meta property=\"article:published_time\" content=\"2022-03-10T08:00:00+00:00\" \/>\n<meta property=\"article:modified_time\" content=\"2022-05-13T17:55:57+00:00\" \/>\n<meta property=\"og:image\" content=\"https:\/\/fr.behr.ca\/colourfullybehr\/wp-content\/uploads\/2022\/05\/BEHR_21.12_COPPERFORCE_TC_HALL_008.jpg\" \/>\n\t<meta property=\"og:image:width\" content=\"800\" \/>\n\t<meta property=\"og:image:height\" content=\"543\" \/>\n\t<meta property=\"og:image:type\" content=\"image\/jpeg\" \/>\n<meta name=\"author\" content=\"Deanna Torrez\" \/>\n<meta name=\"twitter:label1\" content=\"Written by\" \/>\n\t<meta name=\"twitter:data1\" content=\"Deanna Torrez\" \/>\n\t<meta name=\"twitter:label2\" content=\"Est. reading time\" \/>\n\t<meta name=\"twitter:data2\" content=\"2 minutes\" \/>\n<script type=\"application\/ld+json\" class=\"yoast-schema-graph\">{\"@context\":\"https:\/\/schema.org\",\"@graph\":[{\"@type\":\"Article\",\"@id\":\"https:\/\/fr.behr.ca\/colourfullybehr\/les-verts-chanceux\/#article\",\"isPartOf\":{\"@id\":\"https:\/\/fr.behr.ca\/colourfullybehr\/les-verts-chanceux\/\"},\"author\":{\"name\":\"Deanna Torrez\",\"@id\":\"https:\/\/fr.behr.ca\/colourfullybehr\/#\/schema\/person\/748f333698b0058dee1a230924a8df35\"},\"headline\":\"LES VERTS CHANCEUX\",\"datePublished\":\"2022-03-10T08:00:00+00:00\",\"dateModified\":\"2022-05-13T17:55:57+00:00\",\"mainEntityOfPage\":{\"@id\":\"https:\/\/fr.behr.ca\/colourfullybehr\/les-verts-chanceux\/\"},\"wordCount\":245,\"commentCount\":0,\"publisher\":{\"@id\":\"https:\/\/fr.behr.ca\/colourfullybehr\/#organization\"},\"keywords\":[\"la couleur nature\",\"optimisent\",\"un air d\u00e9tendu et tranquille\",\"un vert for\u00eat\"],\"articleSection\":[\"Inspiration\"],\"inLanguage\":\"en-US\",\"potentialAction\":[{\"@type\":\"CommentAction\",\"name\":\"Comment\",\"target\":[\"https:\/\/fr.behr.ca\/colourfullybehr\/les-verts-chanceux\/#respond\"]}]},{\"@type\":\"WebPage\",\"@id\":\"https:\/\/fr.behr.ca\/colourfullybehr\/les-verts-chanceux\/\",\"url\":\"https:\/\/fr.behr.ca\/colourfullybehr\/les-verts-chanceux\/\",\"name\":\"LES VERTS CHANCEUX - Tout en couleur, BEHR\",\"isPartOf\":{\"@id\":\"https:\/\/fr.behr.ca\/colourfullybehr\/#website\"},\"datePublished\":\"2022-03-10T08:00:00+00:00\",\"dateModified\":\"2022-05-13T17:55:57+00:00\",\"inLanguage\":\"en-US\",\"potentialAction\":[{\"@type\":\"ReadAction\",\"target\":[\"https:\/\/fr.behr.ca\/colourfullybehr\/les-verts-chanceux\/\"]}]},{\"@type\":\"WebSite\",\"@id\":\"https:\/\/fr.behr.ca\/colourfullybehr\/#website\",\"url\":\"https:\/\/fr.behr.ca\/colourfullybehr\/\",\"name\":\"Tout en couleur, BEHR\",\"description\":\"\",\"publisher\":{\"@id\":\"https:\/\/fr.behr.ca\/colourfullybehr\/#organization\"},\"potentialAction\":[{\"@type\":\"SearchAction\",\"target\":{\"@type\":\"EntryPoint\",\"urlTemplate\":\"https:\/\/fr.behr.ca\/colourfullybehr\/?s={search_term_string}\"},\"query-input\":\"required name=search_term_string\"}],\"inLanguage\":\"en-US\"},{\"@type\":\"Organization\",\"@id\":\"https:\/\/fr.behr.ca\/colourfullybehr\/#organization\",\"name\":\"Tout en couleur, BEHR\",\"url\":\"https:\/\/fr.behr.ca\/colourfullybehr\/\",\"logo\":{\"@type\":\"ImageObject\",\"inLanguage\":\"en-US\",\"@id\":\"https:\/\/fr.behr.ca\/colourfullybehr\/#\/schema\/logo\/image\/\",\"url\":\"https:\/\/fr.behr.ca\/colourfullybehr\/wp-content\/uploads\/2021\/10\/colourfully-behr-logo-fr.png\",\"contentUrl\":\"https:\/\/fr.behr.ca\/colourfullybehr\/wp-content\/uploads\/2021\/10\/colourfully-behr-logo-fr.png\",\"width\":1000,\"height\":248,\"caption\":\"Tout en couleur, BEHR\"},\"image\":{\"@id\":\"https:\/\/fr.behr.ca\/colourfullybehr\/#\/schema\/logo\/image\/\"}},{\"@type\":\"Person\",\"@id\":\"https:\/\/fr.behr.ca\/colourfullybehr\/#\/schema\/person\/748f333698b0058dee1a230924a8df35\",\"name\":\"Deanna Torrez\",\"image\":{\"@type\":\"ImageObject\",\"inLanguage\":\"en-US\",\"@id\":\"https:\/\/fr.behr.ca\/colourfullybehr\/#\/schema\/person\/image\/\",\"url\":\"https:\/\/secure.gravatar.com\/avatar\/45f7486238bcf24d7a5db91d00f07bf4?s=96&d=mm&r=g\",\"contentUrl\":\"https:\/\/secure.gravatar.com\/avatar\/45f7486238bcf24d7a5db91d00f07bf4?s=96&d=mm&r=g\",\"caption\":\"Deanna Torrez\"},\"url\":\"https:\/\/fr.behr.ca\/colourfullybehr\/author\/dtorrez\/\"}]}<\/script>\n<!-- \/ Yoast SEO plugin. -->","yoast_head_json":{"title":"LES VERTS CHANCEUX - Tout en couleur, BEHR","robots":{"index":"index","follow":"follow","max-snippet":"max-snippet:-1","max-image-preview":"max-image-preview:large","max-video-preview":"max-video-preview:-1"},"canonical":"https:\/\/fr.behr.ca\/colourfullybehr\/les-verts-chanceux\/","og_locale":"en_US","og_type":"article","og_title":"LES VERTS CHANCEUX - Tout en couleur, BEHR","og_description":"Il existe de nombreuses fa\u00e7ons astucieuses d&#8217;utiliser la couleur nature qui est le vert. Nous associons la couleur verte au calme, au repos et au renouveau. Elle est \u00e9galement consid\u00e9r\u00e9e par certains comme une couleur porte-bonheur, et c&#8217;est une teinte qui ne se d\u00e9mode jamais. Dans cette image, nous utilisons le vert de mani\u00e8re cr\u00e9ative [&hellip;]","og_url":"https:\/\/fr.behr.ca\/colourfullybehr\/les-verts-chanceux\/","og_site_name":"Tout en couleur, BEHR","article_published_time":"2022-03-10T08:00:00+00:00","article_modified_time":"2022-05-13T17:55:57+00:00","og_image":[{"width":800,"height":543,"url":"https:\/\/fr.behr.ca\/colourfullybehr\/wp-content\/uploads\/2022\/05\/BEHR_21.12_COPPERFORCE_TC_HALL_008.jpg","type":"image\/jpeg"}],"author":"Deanna Torrez","twitter_misc":{"Written by":"Deanna Torrez","Est. reading time":"2 minutes"},"schema":{"@context":"https:\/\/schema.org","@graph":[{"@type":"Article","@id":"https:\/\/fr.behr.ca\/colourfullybehr\/les-verts-chanceux\/#article","isPartOf":{"@id":"https:\/\/fr.behr.ca\/colourfullybehr\/les-verts-chanceux\/"},"author":{"name":"Deanna Torrez","@id":"https:\/\/fr.behr.ca\/colourfullybehr\/#\/schema\/person\/748f333698b0058dee1a230924a8df35"},"headline":"LES VERTS CHANCEUX","datePublished":"2022-03-10T08:00:00+00:00","dateModified":"2022-05-13T17:55:57+00:00","mainEntityOfPage":{"@id":"https:\/\/fr.behr.ca\/colourfullybehr\/les-verts-chanceux\/"},"wordCount":245,"commentCount":0,"publisher":{"@id":"https:\/\/fr.behr.ca\/colourfullybehr\/#organization"},"keywords":["la couleur nature","optimisent","un air d\u00e9tendu et tranquille","un vert for\u00eat"],"articleSection":["Inspiration"],"inLanguage":"en-US","potentialAction":[{"@type":"CommentAction","name":"Comment","target":["https:\/\/fr.behr.ca\/colourfullybehr\/les-verts-chanceux\/#respond"]}]},{"@type":"WebPage","@id":"https:\/\/fr.behr.ca\/colourfullybehr\/les-verts-chanceux\/","url":"https:\/\/fr.behr.ca\/colourfullybehr\/les-verts-chanceux\/","name":"LES VERTS CHANCEUX - Tout en couleur, BEHR","isPartOf":{"@id":"https:\/\/fr.behr.ca\/colourfullybehr\/#website"},"datePublished":"2022-03-10T08:00:00+00:00","dateModified":"2022-05-13T17:55:57+00:00","inLanguage":"en-US","potentialAction":[{"@type":"ReadAction","target":["https:\/\/fr.behr.ca\/colourfullybehr\/les-verts-chanceux\/"]}]},{"@type":"WebSite","@id":"https:\/\/fr.behr.ca\/colourfullybehr\/#website","url":"https:\/\/fr.behr.ca\/colourfullybehr\/","name":"Tout en couleur, BEHR","description":"","publisher":{"@id":"https:\/\/fr.behr.ca\/colourfullybehr\/#organization"},"potentialAction":[{"@type":"SearchAction","target":{"@type":"EntryPoint","urlTemplate":"https:\/\/fr.behr.ca\/colourfullybehr\/?s={search_term_string}"},"query-input":"required name=search_term_string"}],"inLanguage":"en-US"},{"@type":"Organization","@id":"https:\/\/fr.behr.ca\/colourfullybehr\/#organization","name":"Tout en couleur, BEHR","url":"https:\/\/fr.behr.ca\/colourfullybehr\/","logo":{"@type":"ImageObject","inLanguage":"en-US","@id":"https:\/\/fr.behr.ca\/colourfullybehr\/#\/schema\/logo\/image\/","url":"https:\/\/fr.behr.ca\/colourfullybehr\/wp-content\/uploads\/2021\/10\/colourfully-behr-logo-fr.png","contentUrl":"https:\/\/fr.behr.ca\/colourfullybehr\/wp-content\/uploads\/2021\/10\/colourfully-behr-logo-fr.png","width":1000,"height":248,"caption":"Tout en couleur, BEHR"},"image":{"@id":"https:\/\/fr.behr.ca\/colourfullybehr\/#\/schema\/logo\/image\/"}},{"@type":"Person","@id":"https:\/\/fr.behr.ca\/colourfullybehr\/#\/schema\/person\/748f333698b0058dee1a230924a8df35","name":"Deanna Torrez","image":{"@type":"ImageObject","inLanguage":"en-US","@id":"https:\/\/fr.behr.ca\/colourfullybehr\/#\/schema\/person\/image\/","url":"https:\/\/secure.gravatar.com\/avatar\/45f7486238bcf24d7a5db91d00f07bf4?s=96&d=mm&r=g","contentUrl":"https:\/\/secure.gravatar.com\/avatar\/45f7486238bcf24d7a5db91d00f07bf4?s=96&d=mm&r=g","caption":"Deanna Torrez"},"url":"https:\/\/fr.behr.ca\/colourfullybehr\/author\/dtorrez\/"}]}},"_links":{"self":[{"href":"https:\/\/fr.behr.ca\/colourfullybehr\/wp-json\/wp\/v2\/posts\/19096"}],"collection":[{"href":"https:\/\/fr.behr.ca\/colourfullybehr\/wp-json\/wp\/v2\/posts"}],"about":[{"href":"https:\/\/fr.behr.ca\/colourfullybehr\/wp-json\/wp\/v2\/types\/post"}],"author":[{"embeddable":true,"href":"https:\/\/fr.behr.ca\/colourfullybehr\/wp-json\/wp\/v2\/users\/24"}],"replies":[{"embeddable":true,"href":"https:\/\/fr.behr.ca\/colourfullybehr\/wp-json\/wp\/v2\/comments?post=19096"}],"version-history":[{"count":3,"href":"https:\/\/fr.behr.ca\/colourfullybehr\/wp-json\/wp\/v2\/posts\/19096\/revisions"}],"predecessor-version":[{"id":19101,"href":"https:\/\/fr.behr.ca\/colourfullybehr\/wp-json\/wp\/v2\/posts\/19096\/revisions\/19101"}],"wp:featuredmedia":[{"embeddable":true,"href":"https:\/\/fr.behr.ca\/colourfullybehr\/wp-json\/wp\/v2\/media\/19099"}],"wp:attachment":[{"href":"https:\/\/fr.behr.ca\/colourfullybehr\/wp-json\/wp\/v2\/media?parent=19096"}],"wp:term":[{"taxonomy":"category","embeddable":true,"href":"https:\/\/fr.behr.ca\/colourfullybehr\/wp-json\/wp\/v2\/categories?post=19096"},{"taxonomy":"post_tag","embeddable":true,"href":"https:\/\/fr.behr.ca\/colourfullybehr\/wp-json\/wp\/v2\/tags?post=19096"}],"curies":[{"name":"wp","href":"https:\/\/api.w.org\/{rel}","templated":true}]}}