{"id":19117,"date":"2022-05-11T08:00:00","date_gmt":"2022-05-11T08:00:00","guid":{"rendered":"https:\/\/fr.behr.ca\/colourfullybehr\/?p=19117"},"modified":"2022-06-16T17:01:30","modified_gmt":"2022-06-16T17:01:30","slug":"des-couleurs-inspirees-de-voyages","status":"publish","type":"post","link":"https:\/\/fr.behr.ca\/colourfullybehr\/des-couleurs-inspirees-de-voyages\/","title":{"rendered":"DES COULEURS INSPIR\u00c9ES DE VOYAGES"},"content":{"rendered":"\n<figure class=\"wp-block-image size-full\"><img decoding=\"async\" loading=\"lazy\" width=\"7074\" height=\"4361\" src=\"https:\/\/fr.behr.ca\/colourfullybehr\/wp-content\/uploads\/2022\/06\/image-3.png\" alt=\"\" class=\"wp-image-19118\"\/><\/figure>\n\n\n\n<p><a href=\"https:\/\/fr.behr.ca\/consumer\/ColorDetailView\/S420-3\/\">Rivi\u00e8re Nil S420-3\u00a0<\/a>est un vert att\u00e9nu\u00e9 avec une touche de bleu, rappelant le plus long fleuve du monde. Cette teinte est id\u00e9ale pour une chambre \u00e0 coucher pour apporter \u00e0 la fois fra\u00eecheur et confort.<\/p>\n\n\n\n<figure class=\"wp-block-image size-full\"><img decoding=\"async\" loading=\"lazy\" width=\"6681\" height=\"5342\" src=\"https:\/\/fr.behr.ca\/colourfullybehr\/wp-content\/uploads\/2022\/06\/image-4.png\" alt=\"\" class=\"wp-image-19119\"\/><\/figure>\n\n\n\n<p>Ce bureau s&#8217;inspire du c\u0153ur de Paris avec la teinte&nbsp;<a href=\"https:\/\/fr.behr.ca\/consumer\/ColorDetailView\/MQ2-33\/\">Caf\u00e9 parisien MQ2-33<\/a>. Ce brun prune est parfait lorsqu&#8217;il est combin\u00e9 avec des tons de bois fonc\u00e9 et des accents de beige.<\/p>\n\n\n\n<figure class=\"wp-block-image\"><img decoding=\"async\" src=\"https:\/\/stagingfr.behr.ca\/colorfullybehr\/wp-content\/uploads\/2022\/06\/BEHR_21.12_COPPERFORCE_TC_FAM_TahitianSky_PolarBear.jpg\" alt=\"\" class=\"wp-image-19112\"\/><\/figure>\n\n\n\n<p>\u00c9vadez-vous avec<a href=\"https:\/\/fr.behr.ca\/consumer\/ColorDetailView\/M460-1\/\">&nbsp;Ciel tahitien M460-1<\/a>, un bleu aux tons doux qui rendra \u00e0 coup s\u00fbr n&#8217;importe quel espace vivant et accueillant.<\/p>\n\n\n\n<figure class=\"wp-block-image\"><img decoding=\"async\" src=\"https:\/\/stagingfr.behr.ca\/colorfullybehr\/wp-content\/uploads\/2022\/06\/MADIGANSTUDIOS_BEHR_2020TRENDS_MUDROOM_ExplorerBlue.jpg\" alt=\"\" class=\"wp-image-19113\"\/><\/figure>\n\n\n\n<p>Ce vestiaire est peint avec&nbsp;<a href=\"https:\/\/fr.behr.ca\/consumer\/ColorDetailView\/M470-5\/\">Bleu explorateur M470-5<\/a>, un ton turquoise qui ajoute de l\u2019impact aux armoires et lui donne un aspect optimiste et lumineux.<\/p>\n\n\n\n<p>Voyagez avec ces teintes \u00e9tonnantes, que vous recherchiez une ambiance sereine, audacieuse ou r\u00e9confortante.&nbsp;&nbsp;<\/p>\n\n\n\n<p>Visitez&nbsp;<a href=\"https:\/\/fr.behr.ca\/consumer\/\">fr.behr.ca<\/a>&nbsp;pour plus de teintes inspir\u00e9es de voyages.<\/p>\n\n\n\n<p>Vivez en couleur,<\/p>\n\n\n\n<p>Deanna<\/p>\n","protected":false},"excerpt":{"rendered":"<p>Rivi\u00e8re Nil S420-3\u00a0est un vert att\u00e9nu\u00e9 avec une touche de bleu, rappelant le plus long fleuve du monde. Cette teinte est id\u00e9ale pour une chambre \u00e0 coucher pour apporter \u00e0 la fois fra\u00eecheur et confort. Ce bureau s&#8217;inspire du c\u0153ur de Paris avec la teinte&nbsp;Caf\u00e9 parisien MQ2-33. Ce brun prune est parfait lorsqu&#8217;il est combin\u00e9 [&hellip;]<\/p>\n","protected":false},"author":24,"featured_media":19118,"comment_status":"open","ping_status":"closed","sticky":false,"template":"","format":"standard","meta":{"_s2mail":""},"categories":[26,5],"tags":[],"yoast_head":"<!-- This site is optimized with the Yoast SEO plugin v19.14 - https:\/\/yoast.com\/wordpress\/plugins\/seo\/ -->\n<title>DES COULEURS INSPIR\u00c9ES DE VOYAGES - Tout en couleur, BEHR<\/title>\n<meta name=\"robots\" content=\"index, follow, max-snippet:-1, max-image-preview:large, max-video-preview:-1\" \/>\n<link rel=\"canonical\" href=\"https:\/\/fr.behr.ca\/colourfullybehr\/des-couleurs-inspirees-de-voyages\/\" \/>\n<meta property=\"og:locale\" content=\"en_US\" \/>\n<meta property=\"og:type\" content=\"article\" \/>\n<meta property=\"og:title\" content=\"DES COULEURS INSPIR\u00c9ES DE VOYAGES - Tout en couleur, BEHR\" \/>\n<meta property=\"og:description\" content=\"Rivi\u00e8re Nil S420-3\u00a0est un vert att\u00e9nu\u00e9 avec une touche de bleu, rappelant le plus long fleuve du monde. Cette teinte est id\u00e9ale pour une chambre \u00e0 coucher pour apporter \u00e0 la fois fra\u00eecheur et confort. Ce bureau s&#8217;inspire du c\u0153ur de Paris avec la teinte&nbsp;Caf\u00e9 parisien MQ2-33. Ce brun prune est parfait lorsqu&#8217;il est combin\u00e9 [&hellip;]\" \/>\n<meta property=\"og:url\" content=\"https:\/\/fr.behr.ca\/colourfullybehr\/des-couleurs-inspirees-de-voyages\/\" \/>\n<meta property=\"og:site_name\" content=\"Tout en couleur, BEHR\" \/>\n<meta property=\"article:published_time\" content=\"2022-05-11T08:00:00+00:00\" \/>\n<meta property=\"article:modified_time\" content=\"2022-06-16T17:01:30+00:00\" \/>\n<meta name=\"author\" content=\"Deanna Torrez\" \/>\n<meta name=\"twitter:label1\" content=\"Written by\" \/>\n\t<meta name=\"twitter:data1\" content=\"Deanna Torrez\" \/>\n\t<meta name=\"twitter:label2\" content=\"Est. reading time\" \/>\n\t<meta name=\"twitter:data2\" content=\"2 minutes\" \/>\n<script type=\"application\/ld+json\" class=\"yoast-schema-graph\">{\"@context\":\"https:\/\/schema.org\",\"@graph\":[{\"@type\":\"Article\",\"@id\":\"https:\/\/fr.behr.ca\/colourfullybehr\/des-couleurs-inspirees-de-voyages\/#article\",\"isPartOf\":{\"@id\":\"https:\/\/fr.behr.ca\/colourfullybehr\/des-couleurs-inspirees-de-voyages\/\"},\"author\":{\"name\":\"Deanna Torrez\",\"@id\":\"https:\/\/fr.behr.ca\/colourfullybehr\/#\/schema\/person\/748f333698b0058dee1a230924a8df35\"},\"headline\":\"DES COULEURS INSPIR\u00c9ES DE VOYAGES\",\"datePublished\":\"2022-05-11T08:00:00+00:00\",\"dateModified\":\"2022-06-16T17:01:30+00:00\",\"mainEntityOfPage\":{\"@id\":\"https:\/\/fr.behr.ca\/colourfullybehr\/des-couleurs-inspirees-de-voyages\/\"},\"wordCount\":166,\"commentCount\":0,\"publisher\":{\"@id\":\"https:\/\/fr.behr.ca\/colourfullybehr\/#organization\"},\"articleSection\":[\"Inspiration\",\"Mode de vie\"],\"inLanguage\":\"en-US\",\"potentialAction\":[{\"@type\":\"CommentAction\",\"name\":\"Comment\",\"target\":[\"https:\/\/fr.behr.ca\/colourfullybehr\/des-couleurs-inspirees-de-voyages\/#respond\"]}]},{\"@type\":\"WebPage\",\"@id\":\"https:\/\/fr.behr.ca\/colourfullybehr\/des-couleurs-inspirees-de-voyages\/\",\"url\":\"https:\/\/fr.behr.ca\/colourfullybehr\/des-couleurs-inspirees-de-voyages\/\",\"name\":\"DES COULEURS INSPIR\u00c9ES DE VOYAGES - Tout en couleur, BEHR\",\"isPartOf\":{\"@id\":\"https:\/\/fr.behr.ca\/colourfullybehr\/#website\"},\"datePublished\":\"2022-05-11T08:00:00+00:00\",\"dateModified\":\"2022-06-16T17:01:30+00:00\",\"inLanguage\":\"en-US\",\"potentialAction\":[{\"@type\":\"ReadAction\",\"target\":[\"https:\/\/fr.behr.ca\/colourfullybehr\/des-couleurs-inspirees-de-voyages\/\"]}]},{\"@type\":\"WebSite\",\"@id\":\"https:\/\/fr.behr.ca\/colourfullybehr\/#website\",\"url\":\"https:\/\/fr.behr.ca\/colourfullybehr\/\",\"name\":\"Tout en couleur, BEHR\",\"description\":\"\",\"publisher\":{\"@id\":\"https:\/\/fr.behr.ca\/colourfullybehr\/#organization\"},\"potentialAction\":[{\"@type\":\"SearchAction\",\"target\":{\"@type\":\"EntryPoint\",\"urlTemplate\":\"https:\/\/fr.behr.ca\/colourfullybehr\/?s={search_term_string}\"},\"query-input\":\"required name=search_term_string\"}],\"inLanguage\":\"en-US\"},{\"@type\":\"Organization\",\"@id\":\"https:\/\/fr.behr.ca\/colourfullybehr\/#organization\",\"name\":\"Tout en couleur, BEHR\",\"url\":\"https:\/\/fr.behr.ca\/colourfullybehr\/\",\"logo\":{\"@type\":\"ImageObject\",\"inLanguage\":\"en-US\",\"@id\":\"https:\/\/fr.behr.ca\/colourfullybehr\/#\/schema\/logo\/image\/\",\"url\":\"https:\/\/fr.behr.ca\/colourfullybehr\/wp-content\/uploads\/2021\/10\/colourfully-behr-logo-fr.png\",\"contentUrl\":\"https:\/\/fr.behr.ca\/colourfullybehr\/wp-content\/uploads\/2021\/10\/colourfully-behr-logo-fr.png\",\"width\":1000,\"height\":248,\"caption\":\"Tout en couleur, BEHR\"},\"image\":{\"@id\":\"https:\/\/fr.behr.ca\/colourfullybehr\/#\/schema\/logo\/image\/\"}},{\"@type\":\"Person\",\"@id\":\"https:\/\/fr.behr.ca\/colourfullybehr\/#\/schema\/person\/748f333698b0058dee1a230924a8df35\",\"name\":\"Deanna Torrez\",\"image\":{\"@type\":\"ImageObject\",\"inLanguage\":\"en-US\",\"@id\":\"https:\/\/fr.behr.ca\/colourfullybehr\/#\/schema\/person\/image\/\",\"url\":\"https:\/\/secure.gravatar.com\/avatar\/45f7486238bcf24d7a5db91d00f07bf4?s=96&d=mm&r=g\",\"contentUrl\":\"https:\/\/secure.gravatar.com\/avatar\/45f7486238bcf24d7a5db91d00f07bf4?s=96&d=mm&r=g\",\"caption\":\"Deanna Torrez\"},\"url\":\"https:\/\/fr.behr.ca\/colourfullybehr\/author\/dtorrez\/\"}]}<\/script>\n<!-- \/ Yoast SEO plugin. -->","yoast_head_json":{"title":"DES COULEURS INSPIR\u00c9ES DE VOYAGES - Tout en couleur, BEHR","robots":{"index":"index","follow":"follow","max-snippet":"max-snippet:-1","max-image-preview":"max-image-preview:large","max-video-preview":"max-video-preview:-1"},"canonical":"https:\/\/fr.behr.ca\/colourfullybehr\/des-couleurs-inspirees-de-voyages\/","og_locale":"en_US","og_type":"article","og_title":"DES COULEURS INSPIR\u00c9ES DE VOYAGES - Tout en couleur, BEHR","og_description":"Rivi\u00e8re Nil S420-3\u00a0est un vert att\u00e9nu\u00e9 avec une touche de bleu, rappelant le plus long fleuve du monde. Cette teinte est id\u00e9ale pour une chambre \u00e0 coucher pour apporter \u00e0 la fois fra\u00eecheur et confort. Ce bureau s&#8217;inspire du c\u0153ur de Paris avec la teinte&nbsp;Caf\u00e9 parisien MQ2-33. Ce brun prune est parfait lorsqu&#8217;il est combin\u00e9 [&hellip;]","og_url":"https:\/\/fr.behr.ca\/colourfullybehr\/des-couleurs-inspirees-de-voyages\/","og_site_name":"Tout en couleur, BEHR","article_published_time":"2022-05-11T08:00:00+00:00","article_modified_time":"2022-06-16T17:01:30+00:00","author":"Deanna Torrez","twitter_misc":{"Written by":"Deanna Torrez","Est. reading time":"2 minutes"},"schema":{"@context":"https:\/\/schema.org","@graph":[{"@type":"Article","@id":"https:\/\/fr.behr.ca\/colourfullybehr\/des-couleurs-inspirees-de-voyages\/#article","isPartOf":{"@id":"https:\/\/fr.behr.ca\/colourfullybehr\/des-couleurs-inspirees-de-voyages\/"},"author":{"name":"Deanna Torrez","@id":"https:\/\/fr.behr.ca\/colourfullybehr\/#\/schema\/person\/748f333698b0058dee1a230924a8df35"},"headline":"DES COULEURS INSPIR\u00c9ES DE VOYAGES","datePublished":"2022-05-11T08:00:00+00:00","dateModified":"2022-06-16T17:01:30+00:00","mainEntityOfPage":{"@id":"https:\/\/fr.behr.ca\/colourfullybehr\/des-couleurs-inspirees-de-voyages\/"},"wordCount":166,"commentCount":0,"publisher":{"@id":"https:\/\/fr.behr.ca\/colourfullybehr\/#organization"},"articleSection":["Inspiration","Mode de vie"],"inLanguage":"en-US","potentialAction":[{"@type":"CommentAction","name":"Comment","target":["https:\/\/fr.behr.ca\/colourfullybehr\/des-couleurs-inspirees-de-voyages\/#respond"]}]},{"@type":"WebPage","@id":"https:\/\/fr.behr.ca\/colourfullybehr\/des-couleurs-inspirees-de-voyages\/","url":"https:\/\/fr.behr.ca\/colourfullybehr\/des-couleurs-inspirees-de-voyages\/","name":"DES COULEURS INSPIR\u00c9ES DE VOYAGES - Tout en couleur, BEHR","isPartOf":{"@id":"https:\/\/fr.behr.ca\/colourfullybehr\/#website"},"datePublished":"2022-05-11T08:00:00+00:00","dateModified":"2022-06-16T17:01:30+00:00","inLanguage":"en-US","potentialAction":[{"@type":"ReadAction","target":["https:\/\/fr.behr.ca\/colourfullybehr\/des-couleurs-inspirees-de-voyages\/"]}]},{"@type":"WebSite","@id":"https:\/\/fr.behr.ca\/colourfullybehr\/#website","url":"https:\/\/fr.behr.ca\/colourfullybehr\/","name":"Tout en couleur, BEHR","description":"","publisher":{"@id":"https:\/\/fr.behr.ca\/colourfullybehr\/#organization"},"potentialAction":[{"@type":"SearchAction","target":{"@type":"EntryPoint","urlTemplate":"https:\/\/fr.behr.ca\/colourfullybehr\/?s={search_term_string}"},"query-input":"required name=search_term_string"}],"inLanguage":"en-US"},{"@type":"Organization","@id":"https:\/\/fr.behr.ca\/colourfullybehr\/#organization","name":"Tout en couleur, BEHR","url":"https:\/\/fr.behr.ca\/colourfullybehr\/","logo":{"@type":"ImageObject","inLanguage":"en-US","@id":"https:\/\/fr.behr.ca\/colourfullybehr\/#\/schema\/logo\/image\/","url":"https:\/\/fr.behr.ca\/colourfullybehr\/wp-content\/uploads\/2021\/10\/colourfully-behr-logo-fr.png","contentUrl":"https:\/\/fr.behr.ca\/colourfullybehr\/wp-content\/uploads\/2021\/10\/colourfully-behr-logo-fr.png","width":1000,"height":248,"caption":"Tout en couleur, BEHR"},"image":{"@id":"https:\/\/fr.behr.ca\/colourfullybehr\/#\/schema\/logo\/image\/"}},{"@type":"Person","@id":"https:\/\/fr.behr.ca\/colourfullybehr\/#\/schema\/person\/748f333698b0058dee1a230924a8df35","name":"Deanna Torrez","image":{"@type":"ImageObject","inLanguage":"en-US","@id":"https:\/\/fr.behr.ca\/colourfullybehr\/#\/schema\/person\/image\/","url":"https:\/\/secure.gravatar.com\/avatar\/45f7486238bcf24d7a5db91d00f07bf4?s=96&d=mm&r=g","contentUrl":"https:\/\/secure.gravatar.com\/avatar\/45f7486238bcf24d7a5db91d00f07bf4?s=96&d=mm&r=g","caption":"Deanna Torrez"},"url":"https:\/\/fr.behr.ca\/colourfullybehr\/author\/dtorrez\/"}]}},"_links":{"self":[{"href":"https:\/\/fr.behr.ca\/colourfullybehr\/wp-json\/wp\/v2\/posts\/19117"}],"collection":[{"href":"https:\/\/fr.behr.ca\/colourfullybehr\/wp-json\/wp\/v2\/posts"}],"about":[{"href":"https:\/\/fr.behr.ca\/colourfullybehr\/wp-json\/wp\/v2\/types\/post"}],"author":[{"embeddable":true,"href":"https:\/\/fr.behr.ca\/colourfullybehr\/wp-json\/wp\/v2\/users\/24"}],"replies":[{"embeddable":true,"href":"https:\/\/fr.behr.ca\/colourfullybehr\/wp-json\/wp\/v2\/comments?post=19117"}],"version-history":[{"count":1,"href":"https:\/\/fr.behr.ca\/colourfullybehr\/wp-json\/wp\/v2\/posts\/19117\/revisions"}],"predecessor-version":[{"id":19120,"href":"https:\/\/fr.behr.ca\/colourfullybehr\/wp-json\/wp\/v2\/posts\/19117\/revisions\/19120"}],"wp:featuredmedia":[{"embeddable":true,"href":"https:\/\/fr.behr.ca\/colourfullybehr\/wp-json\/wp\/v2\/media\/19118"}],"wp:attachment":[{"href":"https:\/\/fr.behr.ca\/colourfullybehr\/wp-json\/wp\/v2\/media?parent=19117"}],"wp:term":[{"taxonomy":"category","embeddable":true,"href":"https:\/\/fr.behr.ca\/colourfullybehr\/wp-json\/wp\/v2\/categories?post=19117"},{"taxonomy":"post_tag","embeddable":true,"href":"https:\/\/fr.behr.ca\/colourfullybehr\/wp-json\/wp\/v2\/tags?post=19117"}],"curies":[{"name":"wp","href":"https:\/\/api.w.org\/{rel}","templated":true}]}}