{"id":19325,"date":"2022-12-01T08:00:00","date_gmt":"2022-12-01T08:00:00","guid":{"rendered":"https:\/\/fr.behr.ca\/colourfullybehr\/?p=19325"},"modified":"2022-12-05T14:37:19","modified_gmt":"2022-12-05T14:37:19","slug":"couleur-du-mois-feuille-de-vigne","status":"publish","type":"post","link":"https:\/\/fr.behr.ca\/colourfullybehr\/couleur-du-mois-feuille-de-vigne\/","title":{"rendered":"COULEUR DU MOIS\u00a0: FEUILLE DE VIGNE"},"content":{"rendered":"\n<figure class=\"wp-block-image size-full\"><img decoding=\"async\" loading=\"lazy\" width=\"7328\" height=\"5624\" src=\"https:\/\/fr.behr.ca\/colourfullybehr\/wp-content\/uploads\/2022\/12\/BEHR_22.03_DESIGNERCOLLECTION_ENTRYWAY_003.jpg\" alt=\"Un escalier lumineux et moderne dont le c\u00f4t\u00e9 est peint d'un vert profond.\" class=\"wp-image-19326\"\/><figcaption>murs : <a href=\"https:\/\/fr.behr.ca\/consumer\/ColorDetailView\/N400-7\/\">Feuille de vigne<\/a>, <a href=\"https:\/\/fr.behr.ca\/consumer\/ColorDetailView\/DC-004\">Blanc d\u2019hiver<\/a>, garnitures : <a href=\"https:\/\/fr.behr.ca\/consumer\/ColorDetailView\/PPU18-06\">BLANC ULTRA PUR<\/a><\/figcaption><\/figure>\n\n\n\n<p>Alors qu&#8217;une autre ann\u00e9e tire \u00e0 sa fin, c\u2019est le temps de d\u00e9corer pour les f\u00eates et s\u2019entourer de la magie de la saison. La couleur <a href=\"https:\/\/fr.behr.ca\/consumer\/ColorDetailView\/N400-7\/\">Feuille de vigne<\/a> de <a href=\"https:\/\/fr.behr.ca\/consumer\/designer-collection\/\">la collection DESIGNER de BEHR<sup>MD<\/sup><\/a> est un vert profond magnifique qui donne le ton aux festivit\u00e9s de l&#8217;hiver. Audacieux et intemporel, il cr\u00e9e une toile de fond parfaite pour les traditions anciennes et nouvelles.<\/p>\n\n\n\n<p>Feuille de vigne est un ton riche qui nous rappelle les bougies parfum\u00e9es, les couronnes et les branches de pin. Il offre un sentiment de drame et de sophistication et, tel un invit\u00e9 d&#8217;honneur, il est le compagnon id\u00e9al de toute f\u00eate, festin ou rassemblement.<\/p>\n\n\n\n<figure class=\"wp-block-image size-full\"><img decoding=\"async\" loading=\"lazy\" width=\"1000\" height=\"1000\" src=\"https:\/\/fr.behr.ca\/colourfullybehr\/wp-content\/uploads\/2022\/12\/N400-7_Feuille-de-vigne.jpg\" alt=\"Un pot de peinture ouvert avec un pinceau pos\u00e9 dessus. La couleur \u00e0 l\u2019int\u00e9rieur du pot est Feuille de vigne.\" class=\"wp-image-19337\"\/><\/figure>\n\n\n\n<p><strong>Rendez-la festive<\/strong> &#8211; La combinaison de d\u00e9tails m\u00e9talliques, de reflets brillants et de textures mates sont des embellissements parfaits pour la saison. Ils donnent \u00e0 la cuisine vert fonc\u00e9 un aspect raffin\u00e9.<\/p>\n\n\n\n<figure class=\"wp-block-image size-full\"><img decoding=\"async\" loading=\"lazy\" width=\"5217\" height=\"3347\" src=\"https:\/\/fr.behr.ca\/colourfullybehr\/wp-content\/uploads\/2022\/12\/BEHR_22.03_TRENDS_KITCHEN2_KM_001_BlankCanvas_VineLeaf.jpg\" alt=\"Une cuisine avec des armoires et un \u00eelot peints dans une couleur de vert profond, stylis\u00e9e avec des finitions modernes noires et dor\u00e9es.\" class=\"wp-image-19327\"\/><figcaption>murs : <a href=\"https:\/\/fr.behr.ca\/consumer\/ColorDetailView\/DC-003\/\">Toile vierge<\/a>, armoires et \u00eelot : <a href=\"https:\/\/fr.behr.ca\/consumer\/ColorDetailView\/N400-7\/\">Feuille de vigne<\/a><\/figcaption><\/figure>\n\n\n\n<p><strong>Rendez-la accueillante<\/strong> &#8211; La combinaison d&#8217;un vert audacieux avec le m\u00e9lange de tons de bois clairs et fonc\u00e9s donne un \u00e9quilibre \u00e0 la pi\u00e8ce. Ajoutez un d\u00e9cor de table simple pour cr\u00e9er un environnement confortable et accueillant.<\/p>\n\n\n\n<figure class=\"wp-block-image size-full\"><img decoding=\"async\" loading=\"lazy\" width=\"6147\" height=\"4293\" src=\"https:\/\/fr.behr.ca\/colourfullybehr\/wp-content\/uploads\/2022\/12\/MADIGANSTUDIOS_BEHR_CSCCOLLATERALREFRESH_DININGROOM_009.jpg\" alt=\"Une salle \u00e0 manger avec des murs peints dans une couleur de vert profond et une table et chaises en bois clair et fonc\u00e9 au milieu.\" class=\"wp-image-19328\"\/><figcaption>murs : <a href=\"https:\/\/fr.behr.ca\/consumer\/ColorDetailView\/N400-7\/\">Feuille de vigne<\/a>, garnitures et porte : <a href=\"https:\/\/fr.behr.ca\/consumer\/ColorDetailView\/52\">Blanc<\/a><\/figcaption><\/figure>\n\n\n\n<p><strong>Rendez-la confortable<\/strong> &#8211; C&#8217;est une excellente teinte \u00e0 utiliser comme accent dans une pi\u00e8ce. La combinaison du vert profond et du blanc donne \u00e0 la pi\u00e8ce un confort doux et chaleureux. Id\u00e9al pour que le corps et l&#8217;esprit se reposent et se rechargent.<\/p>\n\n\n\n<figure class=\"wp-block-image size-full\"><img decoding=\"async\" loading=\"lazy\" width=\"5200\" height=\"2798\" src=\"https:\/\/fr.behr.ca\/colourfullybehr\/wp-content\/uploads\/2022\/12\/DIGITALLOFT_BEHR_BEDROOM_001_3_VineLeaf_SmokyWhite_MidNightBlue.jpg\" alt=\"Une chambre blanche avec un mur d'accent peint dans une couleur de vert profond.\" class=\"wp-image-19329\"\/><figcaption>murs de droite\/gauche et garnitures: <a href=\"https:\/\/fr.behr.ca\/consumer\/ColorDetailView\/BWC-13\">Blanc fum\u00e9<\/a>, mur de la t\u00eate de lit : <a href=\"https:\/\/fr.behr.ca\/consumer\/ColorDetailView\/N400-7\/\">Feuille de vigne<\/a>, <br>meuble-lavabo : <a href=\"https:\/\/fr.behr.ca\/consumer\/ColorDetailView\/N480-7\">Bleu minuit<\/a><\/figcaption><\/figure>\n\n\n\n<p><strong>Cr\u00e9ez un sanctuaire<\/strong> &#8211; La teinte distingu\u00e9e des armoires dans cette salle de bain de type spa cr\u00e9e un espace riche et luxueux tout en conservant le sentiment de bien-\u00eatre serein.<\/p>\n\n\n\n<figure class=\"wp-block-image size-full\"><img decoding=\"async\" loading=\"lazy\" width=\"4958\" height=\"3668\" src=\"https:\/\/fr.behr.ca\/colourfullybehr\/wp-content\/uploads\/2022\/12\/BEHR_22.03_DESIGNERCOLLECTION_BATHROOM1_WinterWhite_VineLeaf.jpg\" alt=\"Une salle de bain moderne avec des armoires peintes dans un vert profond et des ferrures noires mates. \" class=\"wp-image-19330\"\/><figcaption>murs : <a href=\"https:\/\/fr.behr.ca\/consumer\/ColorDetailView\/DC-004\/\">Blanc d&#8217;hiver<\/a>, armoires et porte : <a href=\"https:\/\/fr.behr.ca\/consumer\/ColorDetailView\/N400-7\/\">Feuille de vigne<\/a><\/figcaption><\/figure>\n\n\n\n<p><strong>Cr\u00e9ez un impact<\/strong> &#8211; Une porte d&#8217;entr\u00e9e d&#8217;un vert profond cr\u00e9e un impact \u00e0 la fois audacieux et classique, tout en contrastant avec l&#8217;ext\u00e9rieur neutre de la maison.&nbsp;<\/p>\n\n\n\n<figure class=\"wp-block-image size-full\"><img decoding=\"async\" loading=\"lazy\" width=\"7285\" height=\"10708\" src=\"https:\/\/fr.behr.ca\/colourfullybehr\/wp-content\/uploads\/2022\/12\/BEHR_22.08_DYNASTYEXTERIOR_CU_6310MIRRORLAKEDR_009.jpg\" alt=\"L'ext\u00e9rieur gris et blanc d'une maison dont la porte d'entr\u00e9e est peinte en vert fonc\u00e9.\" class=\"wp-image-19331\"\/><figcaption>corps de maison : <a href=\"https:\/\/fr.behr.ca\/consumer\/ColorDetailView\/DC-003\/\">Toile vierge<\/a> et <a href=\"https:\/\/fr.behr.ca\/consumer\/ColorDetailView\/PPU26-03\">Gris l\u00e9gendaire<\/a>, garnitures : <a href=\"https:\/\/fr.behr.ca\/consumer\/ColorDetailView\/N520-7\">Carbone<\/a>, porte : <a href=\"https:\/\/fr.behr.ca\/consumer\/ColorDetailView\/N400-7\/\">Feuille de vigne<\/a><\/figcaption><\/figure>\n\n\n\n<p>Pour en apprendre davantage sur Feuille de vigne et sur le reste de la collection DESIGNER de BEHR<sup>MD<\/sup>, visitez <a href=\"https:\/\/fr.behr.ca\/consumer\/\">fr.behr.ca<\/a>.<\/p>\n\n\n\n<p>Vivez en couleur,<br>Diana<\/p>\n","protected":false},"excerpt":{"rendered":"<p>Alors qu&#8217;une autre ann\u00e9e tire \u00e0 sa fin, c\u2019est le temps de d\u00e9corer pour les f\u00eates et s\u2019entourer de la magie de la saison. La couleur Feuille de vigne de la collection DESIGNER de BEHRMD est un vert profond magnifique qui donne le ton aux festivit\u00e9s de l&#8217;hiver. Audacieux et intemporel, il cr\u00e9e une toile [&hellip;]<\/p>\n","protected":false},"author":22,"featured_media":19326,"comment_status":"open","ping_status":"open","sticky":true,"template":"","format":"standard","meta":{"_s2mail":""},"categories":[24,11,14],"tags":[1188,1223,1225,1224,1226,1201,1222],"yoast_head":"<!-- This site is optimized with the Yoast SEO plugin v19.14 - https:\/\/yoast.com\/wordpress\/plugins\/seo\/ -->\n<title>Feuille de vigne \u2013 couleur du mois de d\u00e9cembre | Tout en couleur BEHR<\/title>\n<meta name=\"description\" content=\"D\u00e9couvrez Feuille de vigne - une couleur de peinture vert fonc\u00e9 inspir\u00e9e des bougies parfum\u00e9es au pin et des traditions hivernales. Donnez \u00e0 votre int\u00e9rieur ou ext\u00e9rieur un nouveau look audacieux avec une peinture verte intemporelle.\" \/>\n<meta name=\"robots\" content=\"index, follow, max-snippet:-1, max-image-preview:large, max-video-preview:-1\" \/>\n<link rel=\"canonical\" href=\"https:\/\/fr.behr.ca\/colourfullybehr\/couleur-du-mois-feuille-de-vigne\/\" \/>\n<meta property=\"og:locale\" content=\"en_US\" \/>\n<meta property=\"og:type\" content=\"article\" \/>\n<meta property=\"og:title\" content=\"Feuille de vigne \u2013 couleur du mois de d\u00e9cembre | Tout en couleur BEHR\" \/>\n<meta property=\"og:description\" content=\"D\u00e9couvrez Feuille de vigne - une couleur de peinture vert fonc\u00e9 inspir\u00e9e des bougies parfum\u00e9es au pin et des traditions hivernales. Donnez \u00e0 votre int\u00e9rieur ou ext\u00e9rieur un nouveau look audacieux avec une peinture verte intemporelle.\" \/>\n<meta property=\"og:url\" content=\"https:\/\/fr.behr.ca\/colourfullybehr\/couleur-du-mois-feuille-de-vigne\/\" \/>\n<meta property=\"og:site_name\" content=\"Tout en couleur, BEHR\" \/>\n<meta property=\"article:published_time\" content=\"2022-12-01T08:00:00+00:00\" \/>\n<meta property=\"article:modified_time\" content=\"2022-12-05T14:37:19+00:00\" \/>\n<meta name=\"author\" content=\"Diana Olvera\" \/>\n<meta name=\"twitter:label1\" content=\"Written by\" \/>\n\t<meta name=\"twitter:data1\" content=\"Diana Olvera\" \/>\n\t<meta name=\"twitter:label2\" content=\"Est. reading time\" \/>\n\t<meta name=\"twitter:data2\" content=\"4 minutes\" \/>\n<script type=\"application\/ld+json\" class=\"yoast-schema-graph\">{\"@context\":\"https:\/\/schema.org\",\"@graph\":[{\"@type\":\"Article\",\"@id\":\"https:\/\/fr.behr.ca\/colourfullybehr\/couleur-du-mois-feuille-de-vigne\/#article\",\"isPartOf\":{\"@id\":\"https:\/\/fr.behr.ca\/colourfullybehr\/couleur-du-mois-feuille-de-vigne\/\"},\"author\":{\"name\":\"Diana Olvera\",\"@id\":\"https:\/\/fr.behr.ca\/colourfullybehr\/#\/schema\/person\/90dbe4132f0d7f7776cf3a083b942e13\"},\"headline\":\"COULEUR DU MOIS\u00a0: FEUILLE DE VIGNE\",\"datePublished\":\"2022-12-01T08:00:00+00:00\",\"dateModified\":\"2022-12-05T14:37:19+00:00\",\"mainEntityOfPage\":{\"@id\":\"https:\/\/fr.behr.ca\/colourfullybehr\/couleur-du-mois-feuille-de-vigne\/\"},\"wordCount\":408,\"commentCount\":0,\"publisher\":{\"@id\":\"https:\/\/fr.behr.ca\/colourfullybehr\/#organization\"},\"keywords\":[\"Collection Designer\",\"Couleurs d\u2019accent\",\"Festif\",\"Pin\",\"Tons de joyaux\",\"Vert\",\"Vert profond\"],\"articleSection\":[\"Couleur du mois\",\"Couleurs + tendances\",\"Vert\"],\"inLanguage\":\"en-US\",\"potentialAction\":[{\"@type\":\"CommentAction\",\"name\":\"Comment\",\"target\":[\"https:\/\/fr.behr.ca\/colourfullybehr\/couleur-du-mois-feuille-de-vigne\/#respond\"]}]},{\"@type\":\"WebPage\",\"@id\":\"https:\/\/fr.behr.ca\/colourfullybehr\/couleur-du-mois-feuille-de-vigne\/\",\"url\":\"https:\/\/fr.behr.ca\/colourfullybehr\/couleur-du-mois-feuille-de-vigne\/\",\"name\":\"Feuille de vigne \u2013 couleur du mois de d\u00e9cembre | Tout en couleur BEHR\",\"isPartOf\":{\"@id\":\"https:\/\/fr.behr.ca\/colourfullybehr\/#website\"},\"datePublished\":\"2022-12-01T08:00:00+00:00\",\"dateModified\":\"2022-12-05T14:37:19+00:00\",\"description\":\"D\u00e9couvrez Feuille de vigne - une couleur de peinture vert fonc\u00e9 inspir\u00e9e des bougies parfum\u00e9es au pin et des traditions hivernales. Donnez \u00e0 votre int\u00e9rieur ou ext\u00e9rieur un nouveau look audacieux avec une peinture verte intemporelle.\",\"inLanguage\":\"en-US\",\"potentialAction\":[{\"@type\":\"ReadAction\",\"target\":[\"https:\/\/fr.behr.ca\/colourfullybehr\/couleur-du-mois-feuille-de-vigne\/\"]}]},{\"@type\":\"WebSite\",\"@id\":\"https:\/\/fr.behr.ca\/colourfullybehr\/#website\",\"url\":\"https:\/\/fr.behr.ca\/colourfullybehr\/\",\"name\":\"Tout en couleur, BEHR\",\"description\":\"\",\"publisher\":{\"@id\":\"https:\/\/fr.behr.ca\/colourfullybehr\/#organization\"},\"potentialAction\":[{\"@type\":\"SearchAction\",\"target\":{\"@type\":\"EntryPoint\",\"urlTemplate\":\"https:\/\/fr.behr.ca\/colourfullybehr\/?s={search_term_string}\"},\"query-input\":\"required name=search_term_string\"}],\"inLanguage\":\"en-US\"},{\"@type\":\"Organization\",\"@id\":\"https:\/\/fr.behr.ca\/colourfullybehr\/#organization\",\"name\":\"Tout en couleur, BEHR\",\"url\":\"https:\/\/fr.behr.ca\/colourfullybehr\/\",\"logo\":{\"@type\":\"ImageObject\",\"inLanguage\":\"en-US\",\"@id\":\"https:\/\/fr.behr.ca\/colourfullybehr\/#\/schema\/logo\/image\/\",\"url\":\"https:\/\/fr.behr.ca\/colourfullybehr\/wp-content\/uploads\/2021\/10\/colourfully-behr-logo-fr.png\",\"contentUrl\":\"https:\/\/fr.behr.ca\/colourfullybehr\/wp-content\/uploads\/2021\/10\/colourfully-behr-logo-fr.png\",\"width\":1000,\"height\":248,\"caption\":\"Tout en couleur, BEHR\"},\"image\":{\"@id\":\"https:\/\/fr.behr.ca\/colourfullybehr\/#\/schema\/logo\/image\/\"}},{\"@type\":\"Person\",\"@id\":\"https:\/\/fr.behr.ca\/colourfullybehr\/#\/schema\/person\/90dbe4132f0d7f7776cf3a083b942e13\",\"name\":\"Diana Olvera\",\"image\":{\"@type\":\"ImageObject\",\"inLanguage\":\"en-US\",\"@id\":\"https:\/\/fr.behr.ca\/colourfullybehr\/#\/schema\/person\/image\/\",\"url\":\"https:\/\/secure.gravatar.com\/avatar\/465ca6aaf2f16757d94ae8cf0c8c7dca?s=96&d=mm&r=g\",\"contentUrl\":\"https:\/\/secure.gravatar.com\/avatar\/465ca6aaf2f16757d94ae8cf0c8c7dca?s=96&d=mm&r=g\",\"caption\":\"Diana Olvera\"},\"url\":\"https:\/\/fr.behr.ca\/colourfullybehr\/author\/dolvera\/\"}]}<\/script>\n<!-- \/ Yoast SEO plugin. -->","yoast_head_json":{"title":"Feuille de vigne \u2013 couleur du mois de d\u00e9cembre | Tout en couleur BEHR","description":"D\u00e9couvrez Feuille de vigne - une couleur de peinture vert fonc\u00e9 inspir\u00e9e des bougies parfum\u00e9es au pin et des traditions hivernales. Donnez \u00e0 votre int\u00e9rieur ou ext\u00e9rieur un nouveau look audacieux avec une peinture verte intemporelle.","robots":{"index":"index","follow":"follow","max-snippet":"max-snippet:-1","max-image-preview":"max-image-preview:large","max-video-preview":"max-video-preview:-1"},"canonical":"https:\/\/fr.behr.ca\/colourfullybehr\/couleur-du-mois-feuille-de-vigne\/","og_locale":"en_US","og_type":"article","og_title":"Feuille de vigne \u2013 couleur du mois de d\u00e9cembre | Tout en couleur BEHR","og_description":"D\u00e9couvrez Feuille de vigne - une couleur de peinture vert fonc\u00e9 inspir\u00e9e des bougies parfum\u00e9es au pin et des traditions hivernales. Donnez \u00e0 votre int\u00e9rieur ou ext\u00e9rieur un nouveau look audacieux avec une peinture verte intemporelle.","og_url":"https:\/\/fr.behr.ca\/colourfullybehr\/couleur-du-mois-feuille-de-vigne\/","og_site_name":"Tout en couleur, BEHR","article_published_time":"2022-12-01T08:00:00+00:00","article_modified_time":"2022-12-05T14:37:19+00:00","author":"Diana Olvera","twitter_misc":{"Written by":"Diana Olvera","Est. reading time":"4 minutes"},"schema":{"@context":"https:\/\/schema.org","@graph":[{"@type":"Article","@id":"https:\/\/fr.behr.ca\/colourfullybehr\/couleur-du-mois-feuille-de-vigne\/#article","isPartOf":{"@id":"https:\/\/fr.behr.ca\/colourfullybehr\/couleur-du-mois-feuille-de-vigne\/"},"author":{"name":"Diana Olvera","@id":"https:\/\/fr.behr.ca\/colourfullybehr\/#\/schema\/person\/90dbe4132f0d7f7776cf3a083b942e13"},"headline":"COULEUR DU MOIS\u00a0: FEUILLE DE VIGNE","datePublished":"2022-12-01T08:00:00+00:00","dateModified":"2022-12-05T14:37:19+00:00","mainEntityOfPage":{"@id":"https:\/\/fr.behr.ca\/colourfullybehr\/couleur-du-mois-feuille-de-vigne\/"},"wordCount":408,"commentCount":0,"publisher":{"@id":"https:\/\/fr.behr.ca\/colourfullybehr\/#organization"},"keywords":["Collection Designer","Couleurs d\u2019accent","Festif","Pin","Tons de joyaux","Vert","Vert profond"],"articleSection":["Couleur du mois","Couleurs + tendances","Vert"],"inLanguage":"en-US","potentialAction":[{"@type":"CommentAction","name":"Comment","target":["https:\/\/fr.behr.ca\/colourfullybehr\/couleur-du-mois-feuille-de-vigne\/#respond"]}]},{"@type":"WebPage","@id":"https:\/\/fr.behr.ca\/colourfullybehr\/couleur-du-mois-feuille-de-vigne\/","url":"https:\/\/fr.behr.ca\/colourfullybehr\/couleur-du-mois-feuille-de-vigne\/","name":"Feuille de vigne \u2013 couleur du mois de d\u00e9cembre | Tout en couleur BEHR","isPartOf":{"@id":"https:\/\/fr.behr.ca\/colourfullybehr\/#website"},"datePublished":"2022-12-01T08:00:00+00:00","dateModified":"2022-12-05T14:37:19+00:00","description":"D\u00e9couvrez Feuille de vigne - une couleur de peinture vert fonc\u00e9 inspir\u00e9e des bougies parfum\u00e9es au pin et des traditions hivernales. Donnez \u00e0 votre int\u00e9rieur ou ext\u00e9rieur un nouveau look audacieux avec une peinture verte intemporelle.","inLanguage":"en-US","potentialAction":[{"@type":"ReadAction","target":["https:\/\/fr.behr.ca\/colourfullybehr\/couleur-du-mois-feuille-de-vigne\/"]}]},{"@type":"WebSite","@id":"https:\/\/fr.behr.ca\/colourfullybehr\/#website","url":"https:\/\/fr.behr.ca\/colourfullybehr\/","name":"Tout en couleur, BEHR","description":"","publisher":{"@id":"https:\/\/fr.behr.ca\/colourfullybehr\/#organization"},"potentialAction":[{"@type":"SearchAction","target":{"@type":"EntryPoint","urlTemplate":"https:\/\/fr.behr.ca\/colourfullybehr\/?s={search_term_string}"},"query-input":"required name=search_term_string"}],"inLanguage":"en-US"},{"@type":"Organization","@id":"https:\/\/fr.behr.ca\/colourfullybehr\/#organization","name":"Tout en couleur, BEHR","url":"https:\/\/fr.behr.ca\/colourfullybehr\/","logo":{"@type":"ImageObject","inLanguage":"en-US","@id":"https:\/\/fr.behr.ca\/colourfullybehr\/#\/schema\/logo\/image\/","url":"https:\/\/fr.behr.ca\/colourfullybehr\/wp-content\/uploads\/2021\/10\/colourfully-behr-logo-fr.png","contentUrl":"https:\/\/fr.behr.ca\/colourfullybehr\/wp-content\/uploads\/2021\/10\/colourfully-behr-logo-fr.png","width":1000,"height":248,"caption":"Tout en couleur, BEHR"},"image":{"@id":"https:\/\/fr.behr.ca\/colourfullybehr\/#\/schema\/logo\/image\/"}},{"@type":"Person","@id":"https:\/\/fr.behr.ca\/colourfullybehr\/#\/schema\/person\/90dbe4132f0d7f7776cf3a083b942e13","name":"Diana Olvera","image":{"@type":"ImageObject","inLanguage":"en-US","@id":"https:\/\/fr.behr.ca\/colourfullybehr\/#\/schema\/person\/image\/","url":"https:\/\/secure.gravatar.com\/avatar\/465ca6aaf2f16757d94ae8cf0c8c7dca?s=96&d=mm&r=g","contentUrl":"https:\/\/secure.gravatar.com\/avatar\/465ca6aaf2f16757d94ae8cf0c8c7dca?s=96&d=mm&r=g","caption":"Diana Olvera"},"url":"https:\/\/fr.behr.ca\/colourfullybehr\/author\/dolvera\/"}]}},"_links":{"self":[{"href":"https:\/\/fr.behr.ca\/colourfullybehr\/wp-json\/wp\/v2\/posts\/19325"}],"collection":[{"href":"https:\/\/fr.behr.ca\/colourfullybehr\/wp-json\/wp\/v2\/posts"}],"about":[{"href":"https:\/\/fr.behr.ca\/colourfullybehr\/wp-json\/wp\/v2\/types\/post"}],"author":[{"embeddable":true,"href":"https:\/\/fr.behr.ca\/colourfullybehr\/wp-json\/wp\/v2\/users\/22"}],"replies":[{"embeddable":true,"href":"https:\/\/fr.behr.ca\/colourfullybehr\/wp-json\/wp\/v2\/comments?post=19325"}],"version-history":[{"count":3,"href":"https:\/\/fr.behr.ca\/colourfullybehr\/wp-json\/wp\/v2\/posts\/19325\/revisions"}],"predecessor-version":[{"id":19339,"href":"https:\/\/fr.behr.ca\/colourfullybehr\/wp-json\/wp\/v2\/posts\/19325\/revisions\/19339"}],"wp:featuredmedia":[{"embeddable":true,"href":"https:\/\/fr.behr.ca\/colourfullybehr\/wp-json\/wp\/v2\/media\/19326"}],"wp:attachment":[{"href":"https:\/\/fr.behr.ca\/colourfullybehr\/wp-json\/wp\/v2\/media?parent=19325"}],"wp:term":[{"taxonomy":"category","embeddable":true,"href":"https:\/\/fr.behr.ca\/colourfullybehr\/wp-json\/wp\/v2\/categories?post=19325"},{"taxonomy":"post_tag","embeddable":true,"href":"https:\/\/fr.behr.ca\/colourfullybehr\/wp-json\/wp\/v2\/tags?post=19325"}],"curies":[{"name":"wp","href":"https:\/\/api.w.org\/{rel}","templated":true}]}}