{"id":19379,"date":"2023-01-16T08:00:00","date_gmt":"2023-01-16T08:00:00","guid":{"rendered":"https:\/\/fr.behr.ca\/colourfullybehr\/?p=19379"},"modified":"2023-01-17T18:10:19","modified_gmt":"2023-01-17T18:10:19","slug":"couleurs-douillettes-dhiver","status":"publish","type":"post","link":"https:\/\/fr.behr.ca\/colourfullybehr\/couleurs-douillettes-dhiver\/","title":{"rendered":"COULEURS DOUILLETTES D\u2019HIVER"},"content":{"rendered":"\n<figure class=\"wp-block-image size-full\"><img decoding=\"async\" loading=\"lazy\" width=\"1024\" height=\"645\" src=\"https:\/\/fr.behr.ca\/colourfullybehr\/wp-content\/uploads\/2023\/01\/cropped-HERO-1-1024x645-1.jpg\" alt=\"Une entr\u00e9e spacieuse dont les murs sont peintur\u00e9s en Colline pomme de pin, avec de grandes armoires blanches pour le rangement.\" class=\"wp-image-19380\"\/><figcaption class=\"wp-element-caption\">murs\u00a0: <a href=\"https:\/\/fr.behr.ca\/consumer\/ColorDetailView\/N410-6\">Colline pomme de pin<\/a>, garnitures\u00a0: <a href=\"https:\/\/fr.behr.ca\/consumer\/ColorDetailView\/DC-006A\/\">Blanc studio<\/a>, porte\u00a0: <a href=\"https:\/\/fr.behr.ca\/consumer\/ColorDetailView\/N200-6\">Bois d\u2019allumage<\/a><\/figcaption><\/figure>\n\n\n\n<p>En plus des blancs givr\u00e9s de paysages enneig\u00e9s que l&#8217;on retrouve au c\u0153ur de l&#8217;hiver, nous nous inspirons des couleurs de l\u2019ext\u00e9rieur pour r\u00e9imaginer nos maisons.<\/p>\n\n\n\n<p>Des verts profonds appari\u00e9s \u00e0 des blancs cr\u00e9meux nous font sentir confortables et au chaud tout au long de l&#8217;ann\u00e9e. <a href=\"https:\/\/fr.behr.ca\/consumer\/ColorDetailView\/N410-6\">Colline pomme de pin<\/a> est un vert for\u00eat fonc\u00e9 qui cr\u00e9e l&#8217;ambiance d&#8217;un charmant chalet bois\u00e9 dans toute pi\u00e8ce.<\/p>\n\n\n\n<figure class=\"wp-block-image size-full\"><img decoding=\"async\" loading=\"lazy\" width=\"1024\" height=\"666\" src=\"https:\/\/fr.behr.ca\/colourfullybehr\/wp-content\/uploads\/2023\/01\/BEHR_22.03_DESIGNERCOLLECTION_BOYSBEDROOM_MidnightBlue_TranquilGray_FirstSnow-1-1024x666-1.jpg\" alt=\"Une chambre \u00e0 coucher charmante avec des murs peints en gris clair et un mur d'accent peint en bleu nuit, avec des verts profonds, bruns et blancs dans le d\u00e9cor et les meubles.\" class=\"wp-image-19381\"\/><figcaption class=\"wp-element-caption\">murs\u00a0: <a href=\"https:\/\/fr.behr.ca\/consumer\/ColorDetailView\/DC-007\">Gris tranquille<\/a>, mur d\u2019accent\u00a0: <a href=\"https:\/\/fr.behr.ca\/consumer\/ColorDetailView\/N480-7\">Bleu minuit<\/a>, garnitures\u00a0: <a href=\"https:\/\/fr.behr.ca\/consumer\/ColorDetailView\/DC-006A\/\">Blanc studio<\/a><\/figcaption><\/figure>\n\n\n\n<p>Apr\u00e8s une journ\u00e9e d&#8217;aventures hivernales en plein air, il n&#8217;y a rien de tel que de rentrer chez soi dans un espace accueillant et confortable. <a href=\"https:\/\/fr.behr.ca\/consumer\/ColorDetailView\/DC-007\">Gris tranquille<\/a> est un gris taupe doux et <a href=\"https:\/\/fr.behr.ca\/consumer\/ColorDetailView\/N480-7\">Bleu minuit<\/a> est un bleu-gris profond avec un soup\u00e7on de noir, inspir\u00e9s par les journ\u00e9es d\u2019hiver et parfaits pour se d\u00e9tendre et s\u2019assoupir d\u2019un sommeil paisible.<\/p>\n\n\n\n<figure class=\"wp-block-image size-full\"><img decoding=\"async\" loading=\"lazy\" width=\"936\" height=\"1024\" src=\"https:\/\/fr.behr.ca\/colourfullybehr\/wp-content\/uploads\/2023\/01\/cropped-dining-room-936x1024-1.jpg\" alt=\"Une salle \u00e0 manger avec de hauts plafonds en bois, avec un mur peintur\u00e9 en Envie cacao et l'autre en Blanc studio.\" class=\"wp-image-19382\"\/><figcaption class=\"wp-element-caption\">mur de gauche\u00a0: <a href=\"https:\/\/fr.behr.ca\/consumer\/ColorDetailView\/N150-3\">Envie cacao<\/a>, mur de droite\u00a0: <a href=\"https:\/\/fr.behr.ca\/consumer\/ColorDetailView\/DC-006A\/\">Blanc studio<\/a><\/figcaption><\/figure>\n\n\n\n<p>Lorsque les temp\u00e9ratures ext\u00e9rieures chutent, il n&#8217;y a rien de mieux que de siroter une boisson chaude pour nous r\u00e9chauffer. <a href=\"https:\/\/fr.behr.ca\/consumer\/ColorDetailView\/N150-3\">Envie cacao<\/a> est un brun mi-ton chaud et chocolat\u00e9 qui nous gardera bien au chaud par un jour de neige et toute l&#8217;ann\u00e9e.<\/p>\n\n\n\n<figure class=\"wp-block-image size-full\"><img decoding=\"async\" loading=\"lazy\" width=\"1024\" height=\"952\" src=\"https:\/\/fr.behr.ca\/colourfullybehr\/wp-content\/uploads\/2023\/01\/Keith-Madigan-FallTrend19-Livingroom_Kindling-1-1-1024x952-1.jpg\" alt=\"Gros plan sur un salon confortable aux murs peints en Bois d\u2019allumage, d\u00e9cor\u00e9 de bougies et de cadres sur le manteau de la chemin\u00e9e.\" class=\"wp-image-19383\"\/><figcaption class=\"wp-element-caption\">murs : <a href=\"https:\/\/fr.behr.ca\/consumer\/ColorDetailView\/N200-6\/\">Bois d\u2019allumage<\/a><\/figcaption><\/figure>\n\n\n\n<p>Vous en avez assez du froid de l&#8217;hiver ? <a href=\"https:\/\/fr.behr.ca\/consumer\/ColorDetailView\/N200-6\">Bois d\u2019allumage<\/a> est un gris taupe profond qui cr\u00e9e un sentiment \u00e0 la fois luxueux et confortable, id\u00e9al pour des endroits accueillants et chauds et pour se rassembler et partager la chaleur et le confort de la maison.<\/p>\n\n\n\n<p>Pour plus d&#8217;id\u00e9es sur la fa\u00e7on d&#8217;utiliser ces couleurs inspir\u00e9es de la nature qui ajoutent de la chaleur et un sentiment d&#8217;accueil \u00e0 tout espace, visitez <a href=\"https:\/\/fr.behr.ca\/consumer\/\">fr.behr.ca<\/a>.<\/p>\n\n\n\n<p>Vivez en couleur,<br>Diana<\/p>\n","protected":false},"excerpt":{"rendered":"<p>En plus des blancs givr\u00e9s de paysages enneig\u00e9s que l&#8217;on retrouve au c\u0153ur de l&#8217;hiver, nous nous inspirons des couleurs de l\u2019ext\u00e9rieur pour r\u00e9imaginer nos maisons. Des verts profonds appari\u00e9s \u00e0 des blancs cr\u00e9meux nous font sentir confortables et au chaud tout au long de l&#8217;ann\u00e9e. Colline pomme de pin est un vert for\u00eat fonc\u00e9 [&hellip;]<\/p>\n","protected":false},"author":22,"featured_media":19380,"comment_status":"open","ping_status":"open","sticky":true,"template":"","format":"standard","meta":{"_s2mail":""},"categories":[18,13,16,11,17,15],"tags":[1240,1239,1242,1235,1236,1243,1241],"yoast_head":"<!-- This site is optimized with the Yoast SEO plugin v19.14 - https:\/\/yoast.com\/wordpress\/plugins\/seo\/ -->\n<title>Couleurs douillettes d\u2019hiver \u2013 Palette des couleurs d\u2019hiver | Tout en couleur BEHR<\/title>\n<meta name=\"description\" content=\"Faites entrer l&#039;ext\u00e9rieur \u00e0 l&#039;int\u00e9rieur avec ces couleurs d&#039;hiver qui vous permettront de vous sentir bien au chaud pendant les mois les plus froids. D\u00e9couvrez la palette de couleurs hivernales de Behr qui ajoute chaleur et accueil \u00e0 vos espaces.\" \/>\n<meta name=\"robots\" content=\"index, follow, max-snippet:-1, max-image-preview:large, max-video-preview:-1\" \/>\n<link rel=\"canonical\" href=\"https:\/\/fr.behr.ca\/colourfullybehr\/couleurs-douillettes-dhiver\/\" \/>\n<meta property=\"og:locale\" content=\"en_US\" \/>\n<meta property=\"og:type\" content=\"article\" \/>\n<meta property=\"og:title\" content=\"Couleurs douillettes d\u2019hiver \u2013 Palette des couleurs d\u2019hiver | Tout en couleur BEHR\" \/>\n<meta property=\"og:description\" content=\"Faites entrer l&#039;ext\u00e9rieur \u00e0 l&#039;int\u00e9rieur avec ces couleurs d&#039;hiver qui vous permettront de vous sentir bien au chaud pendant les mois les plus froids. D\u00e9couvrez la palette de couleurs hivernales de Behr qui ajoute chaleur et accueil \u00e0 vos espaces.\" \/>\n<meta property=\"og:url\" content=\"https:\/\/fr.behr.ca\/colourfullybehr\/couleurs-douillettes-dhiver\/\" \/>\n<meta property=\"og:site_name\" content=\"Tout en couleur, BEHR\" \/>\n<meta property=\"article:published_time\" content=\"2023-01-16T08:00:00+00:00\" \/>\n<meta property=\"article:modified_time\" content=\"2023-01-17T18:10:19+00:00\" \/>\n<meta property=\"og:image\" content=\"https:\/\/fr.behr.ca\/colourfullybehr\/wp-content\/uploads\/2023\/01\/cropped-HERO-1-1024x645-1.jpg\" \/>\n\t<meta property=\"og:image:width\" content=\"1024\" \/>\n\t<meta property=\"og:image:height\" content=\"645\" \/>\n\t<meta property=\"og:image:type\" content=\"image\/jpeg\" \/>\n<meta name=\"author\" content=\"Diana Olvera\" \/>\n<meta name=\"twitter:label1\" content=\"Written by\" \/>\n\t<meta name=\"twitter:data1\" content=\"Diana Olvera\" \/>\n\t<meta name=\"twitter:label2\" content=\"Est. reading time\" \/>\n\t<meta name=\"twitter:data2\" content=\"3 minutes\" \/>\n<script type=\"application\/ld+json\" class=\"yoast-schema-graph\">{\"@context\":\"https:\/\/schema.org\",\"@graph\":[{\"@type\":\"Article\",\"@id\":\"https:\/\/fr.behr.ca\/colourfullybehr\/couleurs-douillettes-dhiver\/#article\",\"isPartOf\":{\"@id\":\"https:\/\/fr.behr.ca\/colourfullybehr\/couleurs-douillettes-dhiver\/\"},\"author\":{\"name\":\"Diana Olvera\",\"@id\":\"https:\/\/fr.behr.ca\/colourfullybehr\/#\/schema\/person\/90dbe4132f0d7f7776cf3a083b942e13\"},\"headline\":\"COULEURS DOUILLETTES D\u2019HIVER\",\"datePublished\":\"2023-01-16T08:00:00+00:00\",\"dateModified\":\"2023-01-17T18:10:19+00:00\",\"mainEntityOfPage\":{\"@id\":\"https:\/\/fr.behr.ca\/colourfullybehr\/couleurs-douillettes-dhiver\/\"},\"wordCount\":315,\"commentCount\":0,\"publisher\":{\"@id\":\"https:\/\/fr.behr.ca\/colourfullybehr\/#organization\"},\"keywords\":[\"Att\u00e9nu\u00e9\",\"Chaleureux\",\"Couleurs d&#039;hiver\",\"Couleurs polyvalentes\",\"Douillet\",\"Inspiration pour chambre\",\"Palette de couleurs\"],\"articleSection\":[\"Blanc\",\"Bleu\",\"Brun\",\"Couleurs + tendances\",\"Gris et noir\",\"Neutre\"],\"inLanguage\":\"en-US\",\"potentialAction\":[{\"@type\":\"CommentAction\",\"name\":\"Comment\",\"target\":[\"https:\/\/fr.behr.ca\/colourfullybehr\/couleurs-douillettes-dhiver\/#respond\"]}]},{\"@type\":\"WebPage\",\"@id\":\"https:\/\/fr.behr.ca\/colourfullybehr\/couleurs-douillettes-dhiver\/\",\"url\":\"https:\/\/fr.behr.ca\/colourfullybehr\/couleurs-douillettes-dhiver\/\",\"name\":\"Couleurs douillettes d\u2019hiver \u2013 Palette des couleurs d\u2019hiver | Tout en couleur BEHR\",\"isPartOf\":{\"@id\":\"https:\/\/fr.behr.ca\/colourfullybehr\/#website\"},\"datePublished\":\"2023-01-16T08:00:00+00:00\",\"dateModified\":\"2023-01-17T18:10:19+00:00\",\"description\":\"Faites entrer l'ext\u00e9rieur \u00e0 l'int\u00e9rieur avec ces couleurs d'hiver qui vous permettront de vous sentir bien au chaud pendant les mois les plus froids. D\u00e9couvrez la palette de couleurs hivernales de Behr qui ajoute chaleur et accueil \u00e0 vos espaces.\",\"inLanguage\":\"en-US\",\"potentialAction\":[{\"@type\":\"ReadAction\",\"target\":[\"https:\/\/fr.behr.ca\/colourfullybehr\/couleurs-douillettes-dhiver\/\"]}]},{\"@type\":\"WebSite\",\"@id\":\"https:\/\/fr.behr.ca\/colourfullybehr\/#website\",\"url\":\"https:\/\/fr.behr.ca\/colourfullybehr\/\",\"name\":\"Tout en couleur, BEHR\",\"description\":\"\",\"publisher\":{\"@id\":\"https:\/\/fr.behr.ca\/colourfullybehr\/#organization\"},\"potentialAction\":[{\"@type\":\"SearchAction\",\"target\":{\"@type\":\"EntryPoint\",\"urlTemplate\":\"https:\/\/fr.behr.ca\/colourfullybehr\/?s={search_term_string}\"},\"query-input\":\"required name=search_term_string\"}],\"inLanguage\":\"en-US\"},{\"@type\":\"Organization\",\"@id\":\"https:\/\/fr.behr.ca\/colourfullybehr\/#organization\",\"name\":\"Tout en couleur, BEHR\",\"url\":\"https:\/\/fr.behr.ca\/colourfullybehr\/\",\"logo\":{\"@type\":\"ImageObject\",\"inLanguage\":\"en-US\",\"@id\":\"https:\/\/fr.behr.ca\/colourfullybehr\/#\/schema\/logo\/image\/\",\"url\":\"https:\/\/fr.behr.ca\/colourfullybehr\/wp-content\/uploads\/2021\/10\/colourfully-behr-logo-fr.png\",\"contentUrl\":\"https:\/\/fr.behr.ca\/colourfullybehr\/wp-content\/uploads\/2021\/10\/colourfully-behr-logo-fr.png\",\"width\":1000,\"height\":248,\"caption\":\"Tout en couleur, BEHR\"},\"image\":{\"@id\":\"https:\/\/fr.behr.ca\/colourfullybehr\/#\/schema\/logo\/image\/\"}},{\"@type\":\"Person\",\"@id\":\"https:\/\/fr.behr.ca\/colourfullybehr\/#\/schema\/person\/90dbe4132f0d7f7776cf3a083b942e13\",\"name\":\"Diana Olvera\",\"image\":{\"@type\":\"ImageObject\",\"inLanguage\":\"en-US\",\"@id\":\"https:\/\/fr.behr.ca\/colourfullybehr\/#\/schema\/person\/image\/\",\"url\":\"https:\/\/secure.gravatar.com\/avatar\/465ca6aaf2f16757d94ae8cf0c8c7dca?s=96&d=mm&r=g\",\"contentUrl\":\"https:\/\/secure.gravatar.com\/avatar\/465ca6aaf2f16757d94ae8cf0c8c7dca?s=96&d=mm&r=g\",\"caption\":\"Diana Olvera\"},\"url\":\"https:\/\/fr.behr.ca\/colourfullybehr\/author\/dolvera\/\"}]}<\/script>\n<!-- \/ Yoast SEO plugin. -->","yoast_head_json":{"title":"Couleurs douillettes d\u2019hiver \u2013 Palette des couleurs d\u2019hiver | Tout en couleur BEHR","description":"Faites entrer l'ext\u00e9rieur \u00e0 l'int\u00e9rieur avec ces couleurs d'hiver qui vous permettront de vous sentir bien au chaud pendant les mois les plus froids. D\u00e9couvrez la palette de couleurs hivernales de Behr qui ajoute chaleur et accueil \u00e0 vos espaces.","robots":{"index":"index","follow":"follow","max-snippet":"max-snippet:-1","max-image-preview":"max-image-preview:large","max-video-preview":"max-video-preview:-1"},"canonical":"https:\/\/fr.behr.ca\/colourfullybehr\/couleurs-douillettes-dhiver\/","og_locale":"en_US","og_type":"article","og_title":"Couleurs douillettes d\u2019hiver \u2013 Palette des couleurs d\u2019hiver | Tout en couleur BEHR","og_description":"Faites entrer l'ext\u00e9rieur \u00e0 l'int\u00e9rieur avec ces couleurs d'hiver qui vous permettront de vous sentir bien au chaud pendant les mois les plus froids. D\u00e9couvrez la palette de couleurs hivernales de Behr qui ajoute chaleur et accueil \u00e0 vos espaces.","og_url":"https:\/\/fr.behr.ca\/colourfullybehr\/couleurs-douillettes-dhiver\/","og_site_name":"Tout en couleur, BEHR","article_published_time":"2023-01-16T08:00:00+00:00","article_modified_time":"2023-01-17T18:10:19+00:00","og_image":[{"width":1024,"height":645,"url":"https:\/\/fr.behr.ca\/colourfullybehr\/wp-content\/uploads\/2023\/01\/cropped-HERO-1-1024x645-1.jpg","type":"image\/jpeg"}],"author":"Diana Olvera","twitter_misc":{"Written by":"Diana Olvera","Est. reading time":"3 minutes"},"schema":{"@context":"https:\/\/schema.org","@graph":[{"@type":"Article","@id":"https:\/\/fr.behr.ca\/colourfullybehr\/couleurs-douillettes-dhiver\/#article","isPartOf":{"@id":"https:\/\/fr.behr.ca\/colourfullybehr\/couleurs-douillettes-dhiver\/"},"author":{"name":"Diana Olvera","@id":"https:\/\/fr.behr.ca\/colourfullybehr\/#\/schema\/person\/90dbe4132f0d7f7776cf3a083b942e13"},"headline":"COULEURS DOUILLETTES D\u2019HIVER","datePublished":"2023-01-16T08:00:00+00:00","dateModified":"2023-01-17T18:10:19+00:00","mainEntityOfPage":{"@id":"https:\/\/fr.behr.ca\/colourfullybehr\/couleurs-douillettes-dhiver\/"},"wordCount":315,"commentCount":0,"publisher":{"@id":"https:\/\/fr.behr.ca\/colourfullybehr\/#organization"},"keywords":["Att\u00e9nu\u00e9","Chaleureux","Couleurs d&#039;hiver","Couleurs polyvalentes","Douillet","Inspiration pour chambre","Palette de couleurs"],"articleSection":["Blanc","Bleu","Brun","Couleurs + tendances","Gris et noir","Neutre"],"inLanguage":"en-US","potentialAction":[{"@type":"CommentAction","name":"Comment","target":["https:\/\/fr.behr.ca\/colourfullybehr\/couleurs-douillettes-dhiver\/#respond"]}]},{"@type":"WebPage","@id":"https:\/\/fr.behr.ca\/colourfullybehr\/couleurs-douillettes-dhiver\/","url":"https:\/\/fr.behr.ca\/colourfullybehr\/couleurs-douillettes-dhiver\/","name":"Couleurs douillettes d\u2019hiver \u2013 Palette des couleurs d\u2019hiver | Tout en couleur BEHR","isPartOf":{"@id":"https:\/\/fr.behr.ca\/colourfullybehr\/#website"},"datePublished":"2023-01-16T08:00:00+00:00","dateModified":"2023-01-17T18:10:19+00:00","description":"Faites entrer l'ext\u00e9rieur \u00e0 l'int\u00e9rieur avec ces couleurs d'hiver qui vous permettront de vous sentir bien au chaud pendant les mois les plus froids. D\u00e9couvrez la palette de couleurs hivernales de Behr qui ajoute chaleur et accueil \u00e0 vos espaces.","inLanguage":"en-US","potentialAction":[{"@type":"ReadAction","target":["https:\/\/fr.behr.ca\/colourfullybehr\/couleurs-douillettes-dhiver\/"]}]},{"@type":"WebSite","@id":"https:\/\/fr.behr.ca\/colourfullybehr\/#website","url":"https:\/\/fr.behr.ca\/colourfullybehr\/","name":"Tout en couleur, BEHR","description":"","publisher":{"@id":"https:\/\/fr.behr.ca\/colourfullybehr\/#organization"},"potentialAction":[{"@type":"SearchAction","target":{"@type":"EntryPoint","urlTemplate":"https:\/\/fr.behr.ca\/colourfullybehr\/?s={search_term_string}"},"query-input":"required name=search_term_string"}],"inLanguage":"en-US"},{"@type":"Organization","@id":"https:\/\/fr.behr.ca\/colourfullybehr\/#organization","name":"Tout en couleur, BEHR","url":"https:\/\/fr.behr.ca\/colourfullybehr\/","logo":{"@type":"ImageObject","inLanguage":"en-US","@id":"https:\/\/fr.behr.ca\/colourfullybehr\/#\/schema\/logo\/image\/","url":"https:\/\/fr.behr.ca\/colourfullybehr\/wp-content\/uploads\/2021\/10\/colourfully-behr-logo-fr.png","contentUrl":"https:\/\/fr.behr.ca\/colourfullybehr\/wp-content\/uploads\/2021\/10\/colourfully-behr-logo-fr.png","width":1000,"height":248,"caption":"Tout en couleur, BEHR"},"image":{"@id":"https:\/\/fr.behr.ca\/colourfullybehr\/#\/schema\/logo\/image\/"}},{"@type":"Person","@id":"https:\/\/fr.behr.ca\/colourfullybehr\/#\/schema\/person\/90dbe4132f0d7f7776cf3a083b942e13","name":"Diana Olvera","image":{"@type":"ImageObject","inLanguage":"en-US","@id":"https:\/\/fr.behr.ca\/colourfullybehr\/#\/schema\/person\/image\/","url":"https:\/\/secure.gravatar.com\/avatar\/465ca6aaf2f16757d94ae8cf0c8c7dca?s=96&d=mm&r=g","contentUrl":"https:\/\/secure.gravatar.com\/avatar\/465ca6aaf2f16757d94ae8cf0c8c7dca?s=96&d=mm&r=g","caption":"Diana Olvera"},"url":"https:\/\/fr.behr.ca\/colourfullybehr\/author\/dolvera\/"}]}},"_links":{"self":[{"href":"https:\/\/fr.behr.ca\/colourfullybehr\/wp-json\/wp\/v2\/posts\/19379"}],"collection":[{"href":"https:\/\/fr.behr.ca\/colourfullybehr\/wp-json\/wp\/v2\/posts"}],"about":[{"href":"https:\/\/fr.behr.ca\/colourfullybehr\/wp-json\/wp\/v2\/types\/post"}],"author":[{"embeddable":true,"href":"https:\/\/fr.behr.ca\/colourfullybehr\/wp-json\/wp\/v2\/users\/22"}],"replies":[{"embeddable":true,"href":"https:\/\/fr.behr.ca\/colourfullybehr\/wp-json\/wp\/v2\/comments?post=19379"}],"version-history":[{"count":3,"href":"https:\/\/fr.behr.ca\/colourfullybehr\/wp-json\/wp\/v2\/posts\/19379\/revisions"}],"predecessor-version":[{"id":19388,"href":"https:\/\/fr.behr.ca\/colourfullybehr\/wp-json\/wp\/v2\/posts\/19379\/revisions\/19388"}],"wp:featuredmedia":[{"embeddable":true,"href":"https:\/\/fr.behr.ca\/colourfullybehr\/wp-json\/wp\/v2\/media\/19380"}],"wp:attachment":[{"href":"https:\/\/fr.behr.ca\/colourfullybehr\/wp-json\/wp\/v2\/media?parent=19379"}],"wp:term":[{"taxonomy":"category","embeddable":true,"href":"https:\/\/fr.behr.ca\/colourfullybehr\/wp-json\/wp\/v2\/categories?post=19379"},{"taxonomy":"post_tag","embeddable":true,"href":"https:\/\/fr.behr.ca\/colourfullybehr\/wp-json\/wp\/v2\/tags?post=19379"}],"curies":[{"name":"wp","href":"https:\/\/api.w.org\/{rel}","templated":true}]}}