{"id":19390,"date":"2023-01-24T08:00:00","date_gmt":"2023-01-24T08:00:00","guid":{"rendered":"https:\/\/fr.behr.ca\/colourfullybehr\/?p=19390"},"modified":"2023-01-25T21:23:35","modified_gmt":"2023-01-25T21:23:35","slug":"peinturer-avec-les-greges","status":"publish","type":"post","link":"https:\/\/fr.behr.ca\/colourfullybehr\/peinturer-avec-les-greges\/","title":{"rendered":"<strong>PEINTURER AVEC LES GR\u00c8GES<\/strong>"},"content":{"rendered":"\n<figure class=\"wp-block-image size-full\"><img decoding=\"async\" loading=\"lazy\" width=\"4835\" height=\"3574\" src=\"https:\/\/fr.behr.ca\/colourfullybehr\/wp-content\/uploads\/2023\/01\/BEHR_22.03_TRENDS_BATHROOM2_KM_003_TranquilGray_UPW.jpg\" alt=\"Une salle de bain claire et a\u00e9r\u00e9e aux murs peints en une teinte l\u00e9g\u00e8re et chaude de gr\u00e8ge\" class=\"wp-image-19391\"\/><figcaption class=\"wp-element-caption\">mur : <a href=\"https:\/\/fr.behr.ca\/consumer\/ColorDetailView\/DC-007\">Gris tranquille<\/a>, portes\/garnitures : <a href=\"https:\/\/fr.behr.ca\/consumer\/ColorDetailView\/PPU18-06\">BLANC ULTRA PUR<sup>MC<\/sup><\/a><\/figcaption><\/figure>\n\n\n\n<p>La fusion du \u00ab&nbsp;gris&nbsp;\u00bb et du \u00ab&nbsp;beige&nbsp;\u00bb nous donne les gr\u00e8ges \u2013 des neutres intemporels et des grands classiques de la d\u00e9coration int\u00e9rieure. Ces teintes subtiles et discr\u00e8tes sont un excellent choix pour ceux qui souhaitent cr\u00e9er une ambiance sereine et sophistiqu\u00e9e dans leurs espaces de vie.<\/p>\n\n\n\n<p>Les gr\u00e8ges produisent une toile de fond neutre et polyvalente pour ancrer les meubles et le d\u00e9cor et cr\u00e9er un sentiment de coh\u00e9sion. Que vous cherchiez \u00e0 cr\u00e9er un point focal avec une \u0153uvre d&#8217;art ou un meuble audacieux, l&#8217;utilisation d\u2019un gr\u00e8ge sur le mur fournira la toile parfaite pour mettre en valeur vos \u00e9l\u00e9ments d\u00e9coratifs pr\u00e9f\u00e9r\u00e9s.<\/p>\n\n\n\n<figure class=\"wp-block-image size-full\"><img decoding=\"async\" loading=\"lazy\" width=\"5421\" height=\"3527\" src=\"https:\/\/fr.behr.ca\/colourfullybehr\/wp-content\/uploads\/2023\/01\/BEHR_22.03_TRENDS_BEDROOM2_001_ChicGray.jpg\" alt=\"Une chambre \u00e0 coucher avec une t\u00eate de lit en bois et des murs lat\u00e9raux peintur\u00e9s en un gr\u00e8ge clair\" class=\"wp-image-19392\"\/><figcaption class=\"wp-element-caption\">murs : <a href=\"https:\/\/fr.behr.ca\/consumer\/ColorDetailView\/PPU26-10\/\">Gris chic<\/a><\/figcaption><\/figure>\n\n\n\n<figure class=\"wp-block-image size-full\"><img decoding=\"async\" loading=\"lazy\" width=\"3644\" height=\"3287\" src=\"https:\/\/fr.behr.ca\/colourfullybehr\/wp-content\/uploads\/2023\/01\/BEHR_20-11_Stain_Mantle_KM_Styled_001_GreyMist.jpg\" alt=\"Un foyer chaleureux encastr\u00e9 dans un mur avec une tablette en bois au-dessus et des murs peints dans une couleur chaude de gr\u00e8ge\" class=\"wp-image-19393\"\/><figcaption class=\"wp-element-caption\">murs : <a href=\"https:\/\/fr.behr.ca\/consumer\/ColorDetailView\/HDC-CT-21\/\">Brume grise<\/a><\/figcaption><\/figure>\n\n\n\n<p>En tant que neutres, les gr\u00e8ges peuvent relier diff\u00e9rents motifs et textures, les rendant un excellent choix pour les espaces de vie ouverts ou les pi\u00e8ces \u00e0 fonctions multiples. Cette qualit\u00e9 cam\u00e9l\u00e9on leur permet d&#8217;\u00eatre associ\u00e9s \u00e0 une vari\u00e9t\u00e9 d&#8217;autres couleurs pour cr\u00e9er une apparence coh\u00e9sive, audacieuse, minimale et maximale.<\/p>\n\n\n\n<figure class=\"wp-block-image size-full\"><img decoding=\"async\" loading=\"lazy\" width=\"1024\" height=\"623\" src=\"https:\/\/fr.behr.ca\/colourfullybehr\/wp-content\/uploads\/2023\/01\/MADIGANSTUDIOS_BEHR_COMMERCIALRESIDENTIAL_LIVINGROOM2_001_Greige-1024x623-1.jpg\" alt=\"Un grand salon qui donne sur le couloir, avec des murs peints dans une teinte chaude de gr\u00e8ge \" class=\"wp-image-19394\"\/><figcaption class=\"wp-element-caption\">murs : <a href=\"https:\/\/fr.behr.ca\/consumer\/ColorDetailView\/PPU24-11\/\">Gris-beige<\/a>, garnitures : <a href=\"https:\/\/fr.behr.ca\/consumer\/ColorDetailView\/75\">Ours polaire<\/a>, couloir : <a href=\"https:\/\/fr.behr.ca\/consumer\/ColorDetailView\/M400-2\">Tuile de verre<\/a><\/figcaption><\/figure>\n\n\n\n<p>Les gr\u00e8ges sont accueillants pour les ext\u00e9rieurs. En tant que couleur principale des murs, ils constituent un arri\u00e8re-plan formidable pour mettre en valeur des \u00e9l\u00e9ments d\u00e9coratifs distinctifs. Appariez une couleur gr\u00e8ge avec du blanc et des neutres doux pour obtenir une sensation de l\u00e9g\u00e8ret\u00e9, parfaite pour un th\u00e8me de plage ou bord de mer. L&#8217;utilisation d&#8217;un gr\u00e8ge avec du noir, gris fonc\u00e9 ou bleu marine cr\u00e9e une ambiance dramatique.<\/p>\n\n\n\n<figure class=\"wp-block-image size-full\"><img decoding=\"async\" loading=\"lazy\" width=\"5073\" height=\"3519\" src=\"https:\/\/fr.behr.ca\/colourfullybehr\/wp-content\/uploads\/2023\/01\/MADIGANSTUDIOS_BEHR_COLORTRENDS_PORCH_001_Dove_VintagePewter_AdirondackBlue.jpg\" alt=\"Une entr\u00e9e ext\u00e9rieure avec des murs peints en gr\u00e8ge clair et une porte moderne en gr\u00e8ge plus fonc\u00e9, agr\u00e9ment\u00e9e d'un banc peint en bleu\" class=\"wp-image-19395\"\/><figcaption class=\"wp-element-caption\">murs : <a href=\"https:\/\/fr.behr.ca\/consumer\/ColorDetailView\/HDC-MD-21\/\">Colombe<\/a>, porte : <a href=\"https:\/\/fr.behr.ca\/consumer\/ColorDetailView\/DC-009\/\">\u00c9tain antique<\/a>, banc : <a href=\"https:\/\/fr.behr.ca\/consumer\/ColorDetailView\/N480-5\">Bleu Adirondack<\/a><\/figcaption><\/figure>\n\n\n\n<p>Pour tous ceux qui recherchent le neutre parfait, une teinte gr\u00e8ge est un choix facile. Sa polyvalence et sa capacit\u00e9 \u00e0 unifier une pi\u00e8ce en font un choix id\u00e9al pour tout style de d\u00e9coration. Que vous cherchiez \u00e0 cr\u00e9er un paradis c\u00f4tier, une oasis moderne ou un style traditionnel, une teinte gr\u00e8ge donnera vie \u00e0 votre vision.<\/p>\n\n\n\n<figure class=\"wp-block-image size-full\"><img decoding=\"async\" loading=\"lazy\" width=\"1162\" height=\"706\" src=\"https:\/\/fr.behr.ca\/colourfullybehr\/wp-content\/uploads\/2023\/01\/Gris-Beige-Palette.jpg\" alt=\"Une palette de 8 couleurs gr\u00e8ges\" class=\"wp-image-19401\"\/><figcaption class=\"wp-element-caption\"><em><strong>Remarque<\/strong> : En raison des diff\u00e9rences de moniteurs et de facteurs techniques, les couleurs illustr\u00e9es peuvent varier l\u00e9g\u00e8rement de l\u2019\u00e9chantillon. Nous recommandons d\u2019aller chercher des nuanciers au centre de solutions de couleurs Behr chez Home Depot et\/ou de se procurer la teinte en format \u00e9chantillon. <\/em><br><br>Couleurs vedettes\u00a0: <a href=\"https:\/\/fr.behr.ca\/consumer\/ColorDetailView\/DC-007\/\">Gris tranquille<\/a>, <a href=\"https:\/\/fr.behr.ca\/consumer\/ColorDetailView\/DC-009\/\">\u00c9tain antique<\/a>, <a href=\"https:\/\/fr.behr.ca\/consumer\/ColorDetailView\/PPU24-11\/\">Gris-beige<\/a>, <a href=\"https:\/\/fr.behr.ca\/consumer\/ColorDetailView\/HDC-NT-20\">Gris coton<\/a>, <a href=\"https:\/\/fr.behr.ca\/consumer\/ColorDetailView\/HDC-MD-21\">Colombe<\/a>, <a href=\"https:\/\/fr.behr.ca\/consumer\/ColorDetailView\/PPU26-10\/\">Gris chic<\/a>, <a href=\"https:\/\/fr.behr.ca\/consumer\/ColorDetailView\/PPU26-09\">Toile grise<\/a>, <a href=\"https:\/\/fr.behr.ca\/consumer\/ColorDetailView\/HDC-CT-21\/\">Brume grise<\/a><\/figcaption><\/figure>\n\n\n\n<p>Pour d&#8217;autres fa\u00e7ons d&#8217;utiliser ces gr\u00e8ges, consultez <a href=\"https:\/\/fr.behr.ca\/consumer\/colorstudio\">le studio des couleurs Behr<\/a> o\u00f9 vous trouverez de l&#8217;inspiration, des outils de couleur, des conseils de conception et bien plus encore !<\/p>\n\n\n\n<p>Vivez en couleur,<br>Erika<\/p>\n","protected":false},"excerpt":{"rendered":"<p>La fusion du \u00ab&nbsp;gris&nbsp;\u00bb et du \u00ab&nbsp;beige&nbsp;\u00bb nous donne les gr\u00e8ges \u2013 des neutres intemporels et des grands classiques de la d\u00e9coration int\u00e9rieure. Ces teintes subtiles et discr\u00e8tes sont un excellent choix pour ceux qui souhaitent cr\u00e9er une ambiance sereine et sophistiqu\u00e9e dans leurs espaces de vie. Les gr\u00e8ges produisent une toile de fond neutre [&hellip;]<\/p>\n","protected":false},"author":5,"featured_media":19391,"comment_status":"open","ping_status":"open","sticky":true,"template":"","format":"standard","meta":{"_s2mail":""},"categories":[16,11,17,15],"tags":[1205,1244,1190,1231,1234,1233,1150,1147,1245],"yoast_head":"<!-- This site is optimized with the Yoast SEO plugin v19.14 - https:\/\/yoast.com\/wordpress\/plugins\/seo\/ -->\n<title>Peinturer avec les gr\u00e8ges \u2013 Inspiration de couleurs de peinture gr\u00e8ges | Tout en couleur BEHR<\/title>\n<meta name=\"description\" content=\"Le gr\u00e8ge est une couleur de peinture neutre et polyvalente pour \u00e9gayer tout domicile. D\u00e9couvrez comment les couleurs gr\u00e8ges peuvent \u00eatre utilis\u00e9es pour cr\u00e9er une ambiance sereine et sophistiqu\u00e9e dans vos espaces.\" \/>\n<meta name=\"robots\" content=\"index, follow, max-snippet:-1, max-image-preview:large, max-video-preview:-1\" \/>\n<link rel=\"canonical\" href=\"https:\/\/fr.behr.ca\/colourfullybehr\/peinturer-avec-les-greges\/\" \/>\n<meta property=\"og:locale\" content=\"en_US\" \/>\n<meta property=\"og:type\" content=\"article\" \/>\n<meta property=\"og:title\" content=\"Peinturer avec les gr\u00e8ges \u2013 Inspiration de couleurs de peinture gr\u00e8ges | Tout en couleur BEHR\" \/>\n<meta property=\"og:description\" content=\"Le gr\u00e8ge est une couleur de peinture neutre et polyvalente pour \u00e9gayer tout domicile. D\u00e9couvrez comment les couleurs gr\u00e8ges peuvent \u00eatre utilis\u00e9es pour cr\u00e9er une ambiance sereine et sophistiqu\u00e9e dans vos espaces.\" \/>\n<meta property=\"og:url\" content=\"https:\/\/fr.behr.ca\/colourfullybehr\/peinturer-avec-les-greges\/\" \/>\n<meta property=\"og:site_name\" content=\"Tout en couleur, BEHR\" \/>\n<meta property=\"article:published_time\" content=\"2023-01-24T08:00:00+00:00\" \/>\n<meta property=\"article:modified_time\" content=\"2023-01-25T21:23:35+00:00\" \/>\n<meta name=\"author\" content=\"Erika Woelfel\" \/>\n<meta name=\"twitter:label1\" content=\"Written by\" \/>\n\t<meta name=\"twitter:data1\" content=\"Erika Woelfel\" \/>\n\t<meta name=\"twitter:label2\" content=\"Est. reading time\" \/>\n\t<meta name=\"twitter:data2\" content=\"3 minutes\" \/>\n<script type=\"application\/ld+json\" class=\"yoast-schema-graph\">{\"@context\":\"https:\/\/schema.org\",\"@graph\":[{\"@type\":\"Article\",\"@id\":\"https:\/\/fr.behr.ca\/colourfullybehr\/peinturer-avec-les-greges\/#article\",\"isPartOf\":{\"@id\":\"https:\/\/fr.behr.ca\/colourfullybehr\/peinturer-avec-les-greges\/\"},\"author\":{\"name\":\"Erika Woelfel\",\"@id\":\"https:\/\/fr.behr.ca\/colourfullybehr\/#\/schema\/person\/73a1fd8d10968dfea2c4d7b2356095c5\"},\"headline\":\"PEINTURER AVEC LES GR\u00c8GES\",\"datePublished\":\"2023-01-24T08:00:00+00:00\",\"dateModified\":\"2023-01-25T21:23:35+00:00\",\"mainEntityOfPage\":{\"@id\":\"https:\/\/fr.behr.ca\/colourfullybehr\/peinturer-avec-les-greges\/\"},\"wordCount\":461,\"commentCount\":0,\"publisher\":{\"@id\":\"https:\/\/fr.behr.ca\/colourfullybehr\/#organization\"},\"keywords\":[\"Beige\",\"Gr\u00e8ge\",\"Gris\",\"Inspiration pour pi\u00e8ces\",\"Intemporel\",\"Neutres\",\"Polyvalent\",\"Sophistiqu\u00e9\",\"Subtil\"],\"articleSection\":[\"Brun\",\"Couleurs + tendances\",\"Gris et noir\",\"Neutre\"],\"inLanguage\":\"en-US\",\"potentialAction\":[{\"@type\":\"CommentAction\",\"name\":\"Comment\",\"target\":[\"https:\/\/fr.behr.ca\/colourfullybehr\/peinturer-avec-les-greges\/#respond\"]}]},{\"@type\":\"WebPage\",\"@id\":\"https:\/\/fr.behr.ca\/colourfullybehr\/peinturer-avec-les-greges\/\",\"url\":\"https:\/\/fr.behr.ca\/colourfullybehr\/peinturer-avec-les-greges\/\",\"name\":\"Peinturer avec les gr\u00e8ges \u2013 Inspiration de couleurs de peinture gr\u00e8ges | Tout en couleur BEHR\",\"isPartOf\":{\"@id\":\"https:\/\/fr.behr.ca\/colourfullybehr\/#website\"},\"datePublished\":\"2023-01-24T08:00:00+00:00\",\"dateModified\":\"2023-01-25T21:23:35+00:00\",\"description\":\"Le gr\u00e8ge est une couleur de peinture neutre et polyvalente pour \u00e9gayer tout domicile. D\u00e9couvrez comment les couleurs gr\u00e8ges peuvent \u00eatre utilis\u00e9es pour cr\u00e9er une ambiance sereine et sophistiqu\u00e9e dans vos espaces.\",\"inLanguage\":\"en-US\",\"potentialAction\":[{\"@type\":\"ReadAction\",\"target\":[\"https:\/\/fr.behr.ca\/colourfullybehr\/peinturer-avec-les-greges\/\"]}]},{\"@type\":\"WebSite\",\"@id\":\"https:\/\/fr.behr.ca\/colourfullybehr\/#website\",\"url\":\"https:\/\/fr.behr.ca\/colourfullybehr\/\",\"name\":\"Tout en couleur, BEHR\",\"description\":\"\",\"publisher\":{\"@id\":\"https:\/\/fr.behr.ca\/colourfullybehr\/#organization\"},\"potentialAction\":[{\"@type\":\"SearchAction\",\"target\":{\"@type\":\"EntryPoint\",\"urlTemplate\":\"https:\/\/fr.behr.ca\/colourfullybehr\/?s={search_term_string}\"},\"query-input\":\"required name=search_term_string\"}],\"inLanguage\":\"en-US\"},{\"@type\":\"Organization\",\"@id\":\"https:\/\/fr.behr.ca\/colourfullybehr\/#organization\",\"name\":\"Tout en couleur, BEHR\",\"url\":\"https:\/\/fr.behr.ca\/colourfullybehr\/\",\"logo\":{\"@type\":\"ImageObject\",\"inLanguage\":\"en-US\",\"@id\":\"https:\/\/fr.behr.ca\/colourfullybehr\/#\/schema\/logo\/image\/\",\"url\":\"https:\/\/fr.behr.ca\/colourfullybehr\/wp-content\/uploads\/2021\/10\/colourfully-behr-logo-fr.png\",\"contentUrl\":\"https:\/\/fr.behr.ca\/colourfullybehr\/wp-content\/uploads\/2021\/10\/colourfully-behr-logo-fr.png\",\"width\":1000,\"height\":248,\"caption\":\"Tout en couleur, BEHR\"},\"image\":{\"@id\":\"https:\/\/fr.behr.ca\/colourfullybehr\/#\/schema\/logo\/image\/\"}},{\"@type\":\"Person\",\"@id\":\"https:\/\/fr.behr.ca\/colourfullybehr\/#\/schema\/person\/73a1fd8d10968dfea2c4d7b2356095c5\",\"name\":\"Erika Woelfel\",\"image\":{\"@type\":\"ImageObject\",\"inLanguage\":\"en-US\",\"@id\":\"https:\/\/fr.behr.ca\/colourfullybehr\/#\/schema\/person\/image\/\",\"url\":\"https:\/\/secure.gravatar.com\/avatar\/?s=96&d=mm&r=g\",\"contentUrl\":\"https:\/\/secure.gravatar.com\/avatar\/?s=96&d=mm&r=g\",\"caption\":\"Erika Woelfel\"},\"url\":\"https:\/\/fr.behr.ca\/colourfullybehr\/author\/ewoelfel\/\"}]}<\/script>\n<!-- \/ Yoast SEO plugin. -->","yoast_head_json":{"title":"Peinturer avec les gr\u00e8ges \u2013 Inspiration de couleurs de peinture gr\u00e8ges | Tout en couleur BEHR","description":"Le gr\u00e8ge est une couleur de peinture neutre et polyvalente pour \u00e9gayer tout domicile. D\u00e9couvrez comment les couleurs gr\u00e8ges peuvent \u00eatre utilis\u00e9es pour cr\u00e9er une ambiance sereine et sophistiqu\u00e9e dans vos espaces.","robots":{"index":"index","follow":"follow","max-snippet":"max-snippet:-1","max-image-preview":"max-image-preview:large","max-video-preview":"max-video-preview:-1"},"canonical":"https:\/\/fr.behr.ca\/colourfullybehr\/peinturer-avec-les-greges\/","og_locale":"en_US","og_type":"article","og_title":"Peinturer avec les gr\u00e8ges \u2013 Inspiration de couleurs de peinture gr\u00e8ges | Tout en couleur BEHR","og_description":"Le gr\u00e8ge est une couleur de peinture neutre et polyvalente pour \u00e9gayer tout domicile. D\u00e9couvrez comment les couleurs gr\u00e8ges peuvent \u00eatre utilis\u00e9es pour cr\u00e9er une ambiance sereine et sophistiqu\u00e9e dans vos espaces.","og_url":"https:\/\/fr.behr.ca\/colourfullybehr\/peinturer-avec-les-greges\/","og_site_name":"Tout en couleur, BEHR","article_published_time":"2023-01-24T08:00:00+00:00","article_modified_time":"2023-01-25T21:23:35+00:00","author":"Erika Woelfel","twitter_misc":{"Written by":"Erika Woelfel","Est. reading time":"3 minutes"},"schema":{"@context":"https:\/\/schema.org","@graph":[{"@type":"Article","@id":"https:\/\/fr.behr.ca\/colourfullybehr\/peinturer-avec-les-greges\/#article","isPartOf":{"@id":"https:\/\/fr.behr.ca\/colourfullybehr\/peinturer-avec-les-greges\/"},"author":{"name":"Erika Woelfel","@id":"https:\/\/fr.behr.ca\/colourfullybehr\/#\/schema\/person\/73a1fd8d10968dfea2c4d7b2356095c5"},"headline":"PEINTURER AVEC LES GR\u00c8GES","datePublished":"2023-01-24T08:00:00+00:00","dateModified":"2023-01-25T21:23:35+00:00","mainEntityOfPage":{"@id":"https:\/\/fr.behr.ca\/colourfullybehr\/peinturer-avec-les-greges\/"},"wordCount":461,"commentCount":0,"publisher":{"@id":"https:\/\/fr.behr.ca\/colourfullybehr\/#organization"},"keywords":["Beige","Gr\u00e8ge","Gris","Inspiration pour pi\u00e8ces","Intemporel","Neutres","Polyvalent","Sophistiqu\u00e9","Subtil"],"articleSection":["Brun","Couleurs + tendances","Gris et noir","Neutre"],"inLanguage":"en-US","potentialAction":[{"@type":"CommentAction","name":"Comment","target":["https:\/\/fr.behr.ca\/colourfullybehr\/peinturer-avec-les-greges\/#respond"]}]},{"@type":"WebPage","@id":"https:\/\/fr.behr.ca\/colourfullybehr\/peinturer-avec-les-greges\/","url":"https:\/\/fr.behr.ca\/colourfullybehr\/peinturer-avec-les-greges\/","name":"Peinturer avec les gr\u00e8ges \u2013 Inspiration de couleurs de peinture gr\u00e8ges | Tout en couleur BEHR","isPartOf":{"@id":"https:\/\/fr.behr.ca\/colourfullybehr\/#website"},"datePublished":"2023-01-24T08:00:00+00:00","dateModified":"2023-01-25T21:23:35+00:00","description":"Le gr\u00e8ge est une couleur de peinture neutre et polyvalente pour \u00e9gayer tout domicile. D\u00e9couvrez comment les couleurs gr\u00e8ges peuvent \u00eatre utilis\u00e9es pour cr\u00e9er une ambiance sereine et sophistiqu\u00e9e dans vos espaces.","inLanguage":"en-US","potentialAction":[{"@type":"ReadAction","target":["https:\/\/fr.behr.ca\/colourfullybehr\/peinturer-avec-les-greges\/"]}]},{"@type":"WebSite","@id":"https:\/\/fr.behr.ca\/colourfullybehr\/#website","url":"https:\/\/fr.behr.ca\/colourfullybehr\/","name":"Tout en couleur, BEHR","description":"","publisher":{"@id":"https:\/\/fr.behr.ca\/colourfullybehr\/#organization"},"potentialAction":[{"@type":"SearchAction","target":{"@type":"EntryPoint","urlTemplate":"https:\/\/fr.behr.ca\/colourfullybehr\/?s={search_term_string}"},"query-input":"required name=search_term_string"}],"inLanguage":"en-US"},{"@type":"Organization","@id":"https:\/\/fr.behr.ca\/colourfullybehr\/#organization","name":"Tout en couleur, BEHR","url":"https:\/\/fr.behr.ca\/colourfullybehr\/","logo":{"@type":"ImageObject","inLanguage":"en-US","@id":"https:\/\/fr.behr.ca\/colourfullybehr\/#\/schema\/logo\/image\/","url":"https:\/\/fr.behr.ca\/colourfullybehr\/wp-content\/uploads\/2021\/10\/colourfully-behr-logo-fr.png","contentUrl":"https:\/\/fr.behr.ca\/colourfullybehr\/wp-content\/uploads\/2021\/10\/colourfully-behr-logo-fr.png","width":1000,"height":248,"caption":"Tout en couleur, BEHR"},"image":{"@id":"https:\/\/fr.behr.ca\/colourfullybehr\/#\/schema\/logo\/image\/"}},{"@type":"Person","@id":"https:\/\/fr.behr.ca\/colourfullybehr\/#\/schema\/person\/73a1fd8d10968dfea2c4d7b2356095c5","name":"Erika Woelfel","image":{"@type":"ImageObject","inLanguage":"en-US","@id":"https:\/\/fr.behr.ca\/colourfullybehr\/#\/schema\/person\/image\/","url":"https:\/\/secure.gravatar.com\/avatar\/?s=96&d=mm&r=g","contentUrl":"https:\/\/secure.gravatar.com\/avatar\/?s=96&d=mm&r=g","caption":"Erika Woelfel"},"url":"https:\/\/fr.behr.ca\/colourfullybehr\/author\/ewoelfel\/"}]}},"_links":{"self":[{"href":"https:\/\/fr.behr.ca\/colourfullybehr\/wp-json\/wp\/v2\/posts\/19390"}],"collection":[{"href":"https:\/\/fr.behr.ca\/colourfullybehr\/wp-json\/wp\/v2\/posts"}],"about":[{"href":"https:\/\/fr.behr.ca\/colourfullybehr\/wp-json\/wp\/v2\/types\/post"}],"author":[{"embeddable":true,"href":"https:\/\/fr.behr.ca\/colourfullybehr\/wp-json\/wp\/v2\/users\/5"}],"replies":[{"embeddable":true,"href":"https:\/\/fr.behr.ca\/colourfullybehr\/wp-json\/wp\/v2\/comments?post=19390"}],"version-history":[{"count":4,"href":"https:\/\/fr.behr.ca\/colourfullybehr\/wp-json\/wp\/v2\/posts\/19390\/revisions"}],"predecessor-version":[{"id":19403,"href":"https:\/\/fr.behr.ca\/colourfullybehr\/wp-json\/wp\/v2\/posts\/19390\/revisions\/19403"}],"wp:featuredmedia":[{"embeddable":true,"href":"https:\/\/fr.behr.ca\/colourfullybehr\/wp-json\/wp\/v2\/media\/19391"}],"wp:attachment":[{"href":"https:\/\/fr.behr.ca\/colourfullybehr\/wp-json\/wp\/v2\/media?parent=19390"}],"wp:term":[{"taxonomy":"category","embeddable":true,"href":"https:\/\/fr.behr.ca\/colourfullybehr\/wp-json\/wp\/v2\/categories?post=19390"},{"taxonomy":"post_tag","embeddable":true,"href":"https:\/\/fr.behr.ca\/colourfullybehr\/wp-json\/wp\/v2\/tags?post=19390"}],"curies":[{"name":"wp","href":"https:\/\/api.w.org\/{rel}","templated":true}]}}