{"id":19497,"date":"2023-04-01T08:00:00","date_gmt":"2023-04-01T08:00:00","guid":{"rendered":"https:\/\/fr.behr.ca\/colourfullybehr\/?p=19497"},"modified":"2023-04-03T20:56:06","modified_gmt":"2023-04-03T20:56:06","slug":"couleur-du-mois-bleu-adirondack","status":"publish","type":"post","link":"https:\/\/fr.behr.ca\/colourfullybehr\/couleur-du-mois-bleu-adirondack\/","title":{"rendered":"COULEUR DU MOIS : BLEU ADIRONDACK"},"content":{"rendered":"\n<figure class=\"wp-block-image size-full\"><img decoding=\"async\" loading=\"lazy\" width=\"1536\" height=\"994\" src=\"https:\/\/fr.behr.ca\/colourfullybehr\/wp-content\/uploads\/2023\/04\/BEHR-2020TRENDS_Nature-Combos_AdirondackBlue_PaintersWhite-1536x994-1.jpg\" alt=\"Un salon contemporain avec un mur d'accent peint en Bleu Adirondack \" class=\"wp-image-19498\"\/><figcaption class=\"wp-element-caption\">murs et garnitures : <a href=\"https:\/\/fr.behr.ca\/consumer\/ColorDetailView\/PPU7-11\">Tricot de coton<\/a>, accent : <a href=\"https:\/\/fr.behr.ca\/consumer\/ColorDetailView\/N480-5\">Bleu Adirondack<\/a><\/figcaption><\/figure>\n\n\n\n<p>M\u00eame si le printemps arrive officiellement en mars, c&#8217;est en avril que nous commen\u00e7ons \u00e0 remarquer que les jours rallongent, que le temps commence \u00e0 se r\u00e9chauffer et que la nature sort de son sommeil hivernal. C&#8217;est aussi le moment id\u00e9al pour renouer avec la nature et profiter de l&#8217;air frais en passant plus de temps \u00e0 l&#8217;ext\u00e9rieur et \u00e0 pratiquer des activit\u00e9s de plein air. La couleur du mois d&#8217;avril, <a href=\"https:\/\/fr.behr.ca\/consumer\/ColorDetailView\/N480-5\/\">Bleu Adirondack<\/a>, nous rappelle cette belle saison et le sentiment d&#8217;optimisme qui r\u00e8gne dans l&#8217;air.\u00a0<\/p>\n\n\n\n<p>Un bleu ardoise stable et rassurant, Bleu Adirondack \u00e9voque le calme et la s\u00e9r\u00e9nit\u00e9 des milieux naturels et la sophistication raffin\u00e9e.<\/p>\n\n\n\n<p>Le bleu est une couleur tr\u00e8s polyvalente et peut \u00eatre utilis\u00e9 de diverses mani\u00e8res pour peinturer et d\u00e9corer une pi\u00e8ce, et cette teinte est \u00e9galement tr\u00e8s appr\u00e9ci\u00e9e pour les murs d&#8217;accent. Dans une chambre \u00e0 coucher, le mur derri\u00e8re le lit est un choix populaire mais vous pouvez \u00e9galement choisir un mur qui pr\u00e9sente une caract\u00e9ristique architecturale unique, comme une chemin\u00e9e ou des \u00e9tag\u00e8res encastr\u00e9es. Le bleu est \u00e9galement une couleur fantastique pour cr\u00e9er une ambiance moderne et d\u00e9contract\u00e9e dans un salon. Il s&#8217;associe bien \u00e0 d&#8217;autres couleurs, comme le jaune ou le vert, qui peuvent apporter des touches de couleur et de chaleur.<\/p>\n\n\n\n<figure class=\"wp-block-image size-full\"><img decoding=\"async\" loading=\"lazy\" width=\"1000\" height=\"1000\" src=\"https:\/\/fr.behr.ca\/colourfullybehr\/wp-content\/uploads\/2023\/04\/N480-5_Bleu-Adirondack_BC.jpg\" alt=\"Vue de dessus d'un pot de peinture ouvert contenant la couleur Bleu Adirondack \" class=\"wp-image-19508\"\/><\/figure>\n\n\n\n<p>L&#8217;ajout du bleu sur les armoires de cuisine peut apporter une touche de couleur et de fra\u00eecheur \u00e0 la cuisine. Agenc\u00e9 au blanc et aux tons clairs du bois naturel, il peut donner une impression de clart\u00e9 et de l\u00e9g\u00e8ret\u00e9.<\/p>\n\n\n\n<figure class=\"wp-block-image size-full\"><img decoding=\"async\" loading=\"lazy\" width=\"1081\" height=\"1536\" src=\"https:\/\/fr.behr.ca\/colourfullybehr\/wp-content\/uploads\/2023\/04\/BEHR_21.10_STAINANDSPECIALTY_CU_6426MEADOW_010_adirondackBlue_UPW-1081x1536-1.jpg\" alt=\"Une cuisine d\u00e9contract\u00e9e avec les armoires du bas peintur\u00e9es en Bleu Adirondack \" class=\"wp-image-19499\"\/><figcaption class=\"wp-element-caption\">murs et garnitures : <a href=\"https:\/\/fr.behr.ca\/consumer\/ColorDetailView\/UPW\">BLANC ULTRA PUR<sup>MC<\/sup><\/a>, armoires : <a href=\"https:\/\/fr.behr.ca\/consumer\/ColorDetailView\/N480-5\/\">Bleu Adirondack<\/a><\/figcaption><\/figure>\n\n\n\n<p>Bleu Adirondack se marie bien avec des couleurs neutres comme le blanc, le beige et le gris. Cette combinaison cr\u00e9e une atmosph\u00e8re reposante et sophistiqu\u00e9e dans une chambre \u00e0 coucher.<\/p>\n\n\n\n<figure class=\"wp-block-image size-full\"><img decoding=\"async\" loading=\"lazy\" width=\"1536\" height=\"1058\" src=\"https:\/\/fr.behr.ca\/colourfullybehr\/wp-content\/uploads\/2023\/04\/MADIGANSTUDIOS_BEHR_NEUTRALS_BEDROOM_001_V2_AdirondackBlue_ToastyGray-1536x1058-1.jpg\" alt=\"Une chambre \u00e0 coucher sophistiqu\u00e9e avec un mur d'accent peint en Bleu Adirondack\" class=\"wp-image-19502\"\/><figcaption class=\"wp-element-caption\">murs de c\u00f4t\u00e9 : <a href=\"https:\/\/fr.behr.ca\/consumer\/ColorDetailView\/N320-2\">Gris grill\u00e9<\/a>, mur d&#8217;accent : <a href=\"https:\/\/fr.behr.ca\/consumer\/ColorDetailView\/N480-5\/\">Bleu Adirondack<\/a><\/figcaption><\/figure>\n\n\n\n<p>Les \u00e9tag\u00e8res encastr\u00e9es sont un excellent compl\u00e9ment \u00e0 tout bureau \u00e0 domicile. Les touches de blanc ou de cr\u00e8me peuvent donner un aspect frais et propre, tandis que les accents dor\u00e9s et de bois naturel fonc\u00e9 peuvent ajouter de la richesse et de la profondeur.<\/p>\n\n\n\n<figure class=\"wp-block-image size-full\"><img decoding=\"async\" loading=\"lazy\" width=\"1536\" height=\"1531\" src=\"https:\/\/fr.behr.ca\/colourfullybehr\/wp-content\/uploads\/2023\/04\/KREBER_BEHR_DYNASTY_OFFICE_008_AdirondackBlue-1536x1531-1.jpg\" alt=\"Gros plan sur un bureau \u00e0 domicile avec des \u00e9tag\u00e8res encastr\u00e9es peintes en Bleu Adirondack\" class=\"wp-image-19503\"\/><figcaption class=\"wp-element-caption\">mur et \u00e9tag\u00e8res encastr\u00e9es : <a href=\"https:\/\/fr.behr.ca\/consumer\/ColorDetailView\/N480-5\/\">Bleu Adirondack<\/a><\/figcaption><\/figure>\n\n\n\n<p>Bleu Adirondack peut cr\u00e9er une apparence fra\u00eeche et accueillante et constitue un excellent choix pour une maison entour\u00e9e de verdure, d&#8217;eau ou d&#8217;un paysage naturel.<\/p>\n\n\n\n<figure class=\"wp-block-image size-full\"><img decoding=\"async\" loading=\"lazy\" width=\"1536\" height=\"1183\" src=\"https:\/\/fr.behr.ca\/colourfullybehr\/wp-content\/uploads\/2023\/04\/BEHR_22.08_DYNASTYEXTERIOR_CU_6366W79THST_006a_AdirondackBlue_UPW-1536x1183-1.jpg\" alt=\"Une maison de style c\u00f4tier avec l'ext\u00e9rieur peint en Bleu Adirondack\" class=\"wp-image-19504\"\/><figcaption class=\"wp-element-caption\">corps de maison\u00a0: <a href=\"https:\/\/fr.behr.ca\/consumer\/ColorDetailView\/N480-5\/\">Bleu Adirondack<\/a>, garnitures\u00a0: <a href=\"https:\/\/fr.behr.ca\/consumer\/ColorDetailView\/UPW\/\">BLANC ULTRA PUR<sup>MC<\/sup><\/a><\/figcaption><\/figure>\n\n\n\n<p>Le bleu est une couleur de peinture populaire et accueillante pour les portes d&#8217;entr\u00e9e et cr\u00e9e un impact percutant en se d\u00e9marquant de la fa\u00e7ade toute blanche. Il s&#8217;agence particuli\u00e8rement bien avec une maison de style c\u00f4tier ou cottage.<\/p>\n\n\n\n<figure class=\"wp-block-image size-full\"><img decoding=\"async\" loading=\"lazy\" width=\"1536\" height=\"1102\" src=\"https:\/\/fr.behr.ca\/colourfullybehr\/wp-content\/uploads\/2023\/04\/BEHR_21.12_PREMIUMAEROSOLS_TC_ENT_009_AdirondackBlue_WhisperWhite-1536x1102-1.jpg\" alt=\"Une porte d'entr\u00e9e ext\u00e9rieure peinte en Bleu Adirondack, contrastant avec les murs blancs environnants\" class=\"wp-image-19505\"\/><figcaption class=\"wp-element-caption\">corps de maison\u00a0: <a href=\"https:\/\/fr.behr.ca\/consumer\/ColorDetailView\/HDC-MD-08\">Blanc murmure<\/a>, porte\u00a0: <a href=\"https:\/\/fr.behr.ca\/consumer\/ColorDetailView\/N480-5\/\">Bleu Adirondack<\/a><\/figcaption><\/figure>\n\n\n\n<p>Pour obtenir d&#8217;autres id\u00e9es sur la fa\u00e7on d&#8217;utiliser Bleu Adirondack et explorer toute la collection Designer de BEHR<sup>MD<\/sup>, visitez <a href=\"https:\/\/fr.behr.ca\/consumer\/designer-collection\/\">fr.behr.ca<\/a>.<\/p>\n\n\n\n<p>Vivez en couleur,<br>Diana<\/p>\n","protected":false},"excerpt":{"rendered":"<p>M\u00eame si le printemps arrive officiellement en mars, c&#8217;est en avril que nous commen\u00e7ons \u00e0 remarquer que les jours rallongent, que le temps commence \u00e0 se r\u00e9chauffer et que la nature sort de son sommeil hivernal. C&#8217;est aussi le moment id\u00e9al pour renouer avec la nature et profiter de l&#8217;air frais en passant plus de [&hellip;]<\/p>\n","protected":false},"author":22,"featured_media":19498,"comment_status":"open","ping_status":"open","sticky":true,"template":"","format":"standard","meta":{"_s2mail":""},"categories":[13,24,11],"tags":[1276,1102,1188,1048,1278,1279,1277,1267,1251],"yoast_head":"<!-- This site is optimized with the Yoast SEO plugin v19.14 - https:\/\/yoast.com\/wordpress\/plugins\/seo\/ -->\n<title>Bleu Adirondack \u2013 Couleur du mois d\u2019avril | Tout en couleur BEHR<\/title>\n<meta name=\"description\" content=\"Un bleu ardoise stable et rassurant qui \u00e9voque le calme et le repos des environnements naturels et la sophistication raffin\u00e9e. Bleu Adirondack est un bleu moyen poudreux qui refl\u00e8te le printemps.\" \/>\n<meta name=\"robots\" content=\"index, follow, max-snippet:-1, max-image-preview:large, max-video-preview:-1\" \/>\n<link rel=\"canonical\" href=\"https:\/\/fr.behr.ca\/colourfullybehr\/couleur-du-mois-bleu-adirondack\/\" \/>\n<meta property=\"og:locale\" content=\"en_US\" \/>\n<meta property=\"og:type\" content=\"article\" \/>\n<meta property=\"og:title\" content=\"Bleu Adirondack \u2013 Couleur du mois d\u2019avril | Tout en couleur BEHR\" \/>\n<meta property=\"og:description\" content=\"Un bleu ardoise stable et rassurant qui \u00e9voque le calme et le repos des environnements naturels et la sophistication raffin\u00e9e. Bleu Adirondack est un bleu moyen poudreux qui refl\u00e8te le printemps.\" \/>\n<meta property=\"og:url\" content=\"https:\/\/fr.behr.ca\/colourfullybehr\/couleur-du-mois-bleu-adirondack\/\" \/>\n<meta property=\"og:site_name\" content=\"Tout en couleur, BEHR\" \/>\n<meta property=\"article:published_time\" content=\"2023-04-01T08:00:00+00:00\" \/>\n<meta property=\"article:modified_time\" content=\"2023-04-03T20:56:06+00:00\" \/>\n<meta property=\"og:image\" content=\"https:\/\/fr.behr.ca\/colourfullybehr\/wp-content\/uploads\/2023\/04\/BEHR-2020TRENDS_Nature-Combos_AdirondackBlue_PaintersWhite-1536x994-1.jpg\" \/>\n\t<meta property=\"og:image:width\" content=\"1536\" \/>\n\t<meta property=\"og:image:height\" content=\"994\" \/>\n\t<meta property=\"og:image:type\" content=\"image\/jpeg\" \/>\n<meta name=\"author\" content=\"Diana Olvera\" \/>\n<meta name=\"twitter:label1\" content=\"Written by\" \/>\n\t<meta name=\"twitter:data1\" content=\"Diana Olvera\" \/>\n\t<meta name=\"twitter:label2\" content=\"Est. reading time\" \/>\n\t<meta name=\"twitter:data2\" content=\"4 minutes\" \/>\n<script type=\"application\/ld+json\" class=\"yoast-schema-graph\">{\"@context\":\"https:\/\/schema.org\",\"@graph\":[{\"@type\":\"Article\",\"@id\":\"https:\/\/fr.behr.ca\/colourfullybehr\/couleur-du-mois-bleu-adirondack\/#article\",\"isPartOf\":{\"@id\":\"https:\/\/fr.behr.ca\/colourfullybehr\/couleur-du-mois-bleu-adirondack\/\"},\"author\":{\"name\":\"Diana Olvera\",\"@id\":\"https:\/\/fr.behr.ca\/colourfullybehr\/#\/schema\/person\/90dbe4132f0d7f7776cf3a083b942e13\"},\"headline\":\"COULEUR DU MOIS : BLEU ADIRONDACK\",\"datePublished\":\"2023-04-01T08:00:00+00:00\",\"dateModified\":\"2023-04-03T20:56:06+00:00\",\"mainEntityOfPage\":{\"@id\":\"https:\/\/fr.behr.ca\/colourfullybehr\/couleur-du-mois-bleu-adirondack\/\"},\"wordCount\":512,\"commentCount\":0,\"publisher\":{\"@id\":\"https:\/\/fr.behr.ca\/colourfullybehr\/#organization\"},\"keywords\":[\"Accents bleus\",\"Bleu\",\"Collection Designer\",\"Couleur du mois\",\"Couleurs ext\u00e9rieures de peinture\",\"Couleurs populaires\",\"Inspiration pour une pi\u00e8ce\",\"Printemps\",\"Salon\"],\"articleSection\":[\"Bleu\",\"Couleur du mois\",\"Couleurs + tendances\"],\"inLanguage\":\"en-US\",\"potentialAction\":[{\"@type\":\"CommentAction\",\"name\":\"Comment\",\"target\":[\"https:\/\/fr.behr.ca\/colourfullybehr\/couleur-du-mois-bleu-adirondack\/#respond\"]}]},{\"@type\":\"WebPage\",\"@id\":\"https:\/\/fr.behr.ca\/colourfullybehr\/couleur-du-mois-bleu-adirondack\/\",\"url\":\"https:\/\/fr.behr.ca\/colourfullybehr\/couleur-du-mois-bleu-adirondack\/\",\"name\":\"Bleu Adirondack \u2013 Couleur du mois d\u2019avril | Tout en couleur BEHR\",\"isPartOf\":{\"@id\":\"https:\/\/fr.behr.ca\/colourfullybehr\/#website\"},\"datePublished\":\"2023-04-01T08:00:00+00:00\",\"dateModified\":\"2023-04-03T20:56:06+00:00\",\"description\":\"Un bleu ardoise stable et rassurant qui \u00e9voque le calme et le repos des environnements naturels et la sophistication raffin\u00e9e. Bleu Adirondack est un bleu moyen poudreux qui refl\u00e8te le printemps.\",\"inLanguage\":\"en-US\",\"potentialAction\":[{\"@type\":\"ReadAction\",\"target\":[\"https:\/\/fr.behr.ca\/colourfullybehr\/couleur-du-mois-bleu-adirondack\/\"]}]},{\"@type\":\"WebSite\",\"@id\":\"https:\/\/fr.behr.ca\/colourfullybehr\/#website\",\"url\":\"https:\/\/fr.behr.ca\/colourfullybehr\/\",\"name\":\"Tout en couleur, BEHR\",\"description\":\"\",\"publisher\":{\"@id\":\"https:\/\/fr.behr.ca\/colourfullybehr\/#organization\"},\"potentialAction\":[{\"@type\":\"SearchAction\",\"target\":{\"@type\":\"EntryPoint\",\"urlTemplate\":\"https:\/\/fr.behr.ca\/colourfullybehr\/?s={search_term_string}\"},\"query-input\":\"required name=search_term_string\"}],\"inLanguage\":\"en-US\"},{\"@type\":\"Organization\",\"@id\":\"https:\/\/fr.behr.ca\/colourfullybehr\/#organization\",\"name\":\"Tout en couleur, BEHR\",\"url\":\"https:\/\/fr.behr.ca\/colourfullybehr\/\",\"logo\":{\"@type\":\"ImageObject\",\"inLanguage\":\"en-US\",\"@id\":\"https:\/\/fr.behr.ca\/colourfullybehr\/#\/schema\/logo\/image\/\",\"url\":\"https:\/\/fr.behr.ca\/colourfullybehr\/wp-content\/uploads\/2021\/10\/colourfully-behr-logo-fr.png\",\"contentUrl\":\"https:\/\/fr.behr.ca\/colourfullybehr\/wp-content\/uploads\/2021\/10\/colourfully-behr-logo-fr.png\",\"width\":1000,\"height\":248,\"caption\":\"Tout en couleur, BEHR\"},\"image\":{\"@id\":\"https:\/\/fr.behr.ca\/colourfullybehr\/#\/schema\/logo\/image\/\"}},{\"@type\":\"Person\",\"@id\":\"https:\/\/fr.behr.ca\/colourfullybehr\/#\/schema\/person\/90dbe4132f0d7f7776cf3a083b942e13\",\"name\":\"Diana Olvera\",\"image\":{\"@type\":\"ImageObject\",\"inLanguage\":\"en-US\",\"@id\":\"https:\/\/fr.behr.ca\/colourfullybehr\/#\/schema\/person\/image\/\",\"url\":\"https:\/\/secure.gravatar.com\/avatar\/465ca6aaf2f16757d94ae8cf0c8c7dca?s=96&d=mm&r=g\",\"contentUrl\":\"https:\/\/secure.gravatar.com\/avatar\/465ca6aaf2f16757d94ae8cf0c8c7dca?s=96&d=mm&r=g\",\"caption\":\"Diana Olvera\"},\"url\":\"https:\/\/fr.behr.ca\/colourfullybehr\/author\/dolvera\/\"}]}<\/script>\n<!-- \/ Yoast SEO plugin. -->","yoast_head_json":{"title":"Bleu Adirondack \u2013 Couleur du mois d\u2019avril | Tout en couleur BEHR","description":"Un bleu ardoise stable et rassurant qui \u00e9voque le calme et le repos des environnements naturels et la sophistication raffin\u00e9e. Bleu Adirondack est un bleu moyen poudreux qui refl\u00e8te le printemps.","robots":{"index":"index","follow":"follow","max-snippet":"max-snippet:-1","max-image-preview":"max-image-preview:large","max-video-preview":"max-video-preview:-1"},"canonical":"https:\/\/fr.behr.ca\/colourfullybehr\/couleur-du-mois-bleu-adirondack\/","og_locale":"en_US","og_type":"article","og_title":"Bleu Adirondack \u2013 Couleur du mois d\u2019avril | Tout en couleur BEHR","og_description":"Un bleu ardoise stable et rassurant qui \u00e9voque le calme et le repos des environnements naturels et la sophistication raffin\u00e9e. Bleu Adirondack est un bleu moyen poudreux qui refl\u00e8te le printemps.","og_url":"https:\/\/fr.behr.ca\/colourfullybehr\/couleur-du-mois-bleu-adirondack\/","og_site_name":"Tout en couleur, BEHR","article_published_time":"2023-04-01T08:00:00+00:00","article_modified_time":"2023-04-03T20:56:06+00:00","og_image":[{"width":1536,"height":994,"url":"https:\/\/fr.behr.ca\/colourfullybehr\/wp-content\/uploads\/2023\/04\/BEHR-2020TRENDS_Nature-Combos_AdirondackBlue_PaintersWhite-1536x994-1.jpg","type":"image\/jpeg"}],"author":"Diana Olvera","twitter_misc":{"Written by":"Diana Olvera","Est. reading time":"4 minutes"},"schema":{"@context":"https:\/\/schema.org","@graph":[{"@type":"Article","@id":"https:\/\/fr.behr.ca\/colourfullybehr\/couleur-du-mois-bleu-adirondack\/#article","isPartOf":{"@id":"https:\/\/fr.behr.ca\/colourfullybehr\/couleur-du-mois-bleu-adirondack\/"},"author":{"name":"Diana Olvera","@id":"https:\/\/fr.behr.ca\/colourfullybehr\/#\/schema\/person\/90dbe4132f0d7f7776cf3a083b942e13"},"headline":"COULEUR DU MOIS : BLEU ADIRONDACK","datePublished":"2023-04-01T08:00:00+00:00","dateModified":"2023-04-03T20:56:06+00:00","mainEntityOfPage":{"@id":"https:\/\/fr.behr.ca\/colourfullybehr\/couleur-du-mois-bleu-adirondack\/"},"wordCount":512,"commentCount":0,"publisher":{"@id":"https:\/\/fr.behr.ca\/colourfullybehr\/#organization"},"keywords":["Accents bleus","Bleu","Collection Designer","Couleur du mois","Couleurs ext\u00e9rieures de peinture","Couleurs populaires","Inspiration pour une pi\u00e8ce","Printemps","Salon"],"articleSection":["Bleu","Couleur du mois","Couleurs + tendances"],"inLanguage":"en-US","potentialAction":[{"@type":"CommentAction","name":"Comment","target":["https:\/\/fr.behr.ca\/colourfullybehr\/couleur-du-mois-bleu-adirondack\/#respond"]}]},{"@type":"WebPage","@id":"https:\/\/fr.behr.ca\/colourfullybehr\/couleur-du-mois-bleu-adirondack\/","url":"https:\/\/fr.behr.ca\/colourfullybehr\/couleur-du-mois-bleu-adirondack\/","name":"Bleu Adirondack \u2013 Couleur du mois d\u2019avril | Tout en couleur BEHR","isPartOf":{"@id":"https:\/\/fr.behr.ca\/colourfullybehr\/#website"},"datePublished":"2023-04-01T08:00:00+00:00","dateModified":"2023-04-03T20:56:06+00:00","description":"Un bleu ardoise stable et rassurant qui \u00e9voque le calme et le repos des environnements naturels et la sophistication raffin\u00e9e. Bleu Adirondack est un bleu moyen poudreux qui refl\u00e8te le printemps.","inLanguage":"en-US","potentialAction":[{"@type":"ReadAction","target":["https:\/\/fr.behr.ca\/colourfullybehr\/couleur-du-mois-bleu-adirondack\/"]}]},{"@type":"WebSite","@id":"https:\/\/fr.behr.ca\/colourfullybehr\/#website","url":"https:\/\/fr.behr.ca\/colourfullybehr\/","name":"Tout en couleur, BEHR","description":"","publisher":{"@id":"https:\/\/fr.behr.ca\/colourfullybehr\/#organization"},"potentialAction":[{"@type":"SearchAction","target":{"@type":"EntryPoint","urlTemplate":"https:\/\/fr.behr.ca\/colourfullybehr\/?s={search_term_string}"},"query-input":"required name=search_term_string"}],"inLanguage":"en-US"},{"@type":"Organization","@id":"https:\/\/fr.behr.ca\/colourfullybehr\/#organization","name":"Tout en couleur, BEHR","url":"https:\/\/fr.behr.ca\/colourfullybehr\/","logo":{"@type":"ImageObject","inLanguage":"en-US","@id":"https:\/\/fr.behr.ca\/colourfullybehr\/#\/schema\/logo\/image\/","url":"https:\/\/fr.behr.ca\/colourfullybehr\/wp-content\/uploads\/2021\/10\/colourfully-behr-logo-fr.png","contentUrl":"https:\/\/fr.behr.ca\/colourfullybehr\/wp-content\/uploads\/2021\/10\/colourfully-behr-logo-fr.png","width":1000,"height":248,"caption":"Tout en couleur, BEHR"},"image":{"@id":"https:\/\/fr.behr.ca\/colourfullybehr\/#\/schema\/logo\/image\/"}},{"@type":"Person","@id":"https:\/\/fr.behr.ca\/colourfullybehr\/#\/schema\/person\/90dbe4132f0d7f7776cf3a083b942e13","name":"Diana Olvera","image":{"@type":"ImageObject","inLanguage":"en-US","@id":"https:\/\/fr.behr.ca\/colourfullybehr\/#\/schema\/person\/image\/","url":"https:\/\/secure.gravatar.com\/avatar\/465ca6aaf2f16757d94ae8cf0c8c7dca?s=96&d=mm&r=g","contentUrl":"https:\/\/secure.gravatar.com\/avatar\/465ca6aaf2f16757d94ae8cf0c8c7dca?s=96&d=mm&r=g","caption":"Diana Olvera"},"url":"https:\/\/fr.behr.ca\/colourfullybehr\/author\/dolvera\/"}]}},"_links":{"self":[{"href":"https:\/\/fr.behr.ca\/colourfullybehr\/wp-json\/wp\/v2\/posts\/19497"}],"collection":[{"href":"https:\/\/fr.behr.ca\/colourfullybehr\/wp-json\/wp\/v2\/posts"}],"about":[{"href":"https:\/\/fr.behr.ca\/colourfullybehr\/wp-json\/wp\/v2\/types\/post"}],"author":[{"embeddable":true,"href":"https:\/\/fr.behr.ca\/colourfullybehr\/wp-json\/wp\/v2\/users\/22"}],"replies":[{"embeddable":true,"href":"https:\/\/fr.behr.ca\/colourfullybehr\/wp-json\/wp\/v2\/comments?post=19497"}],"version-history":[{"count":3,"href":"https:\/\/fr.behr.ca\/colourfullybehr\/wp-json\/wp\/v2\/posts\/19497\/revisions"}],"predecessor-version":[{"id":19510,"href":"https:\/\/fr.behr.ca\/colourfullybehr\/wp-json\/wp\/v2\/posts\/19497\/revisions\/19510"}],"wp:featuredmedia":[{"embeddable":true,"href":"https:\/\/fr.behr.ca\/colourfullybehr\/wp-json\/wp\/v2\/media\/19498"}],"wp:attachment":[{"href":"https:\/\/fr.behr.ca\/colourfullybehr\/wp-json\/wp\/v2\/media?parent=19497"}],"wp:term":[{"taxonomy":"category","embeddable":true,"href":"https:\/\/fr.behr.ca\/colourfullybehr\/wp-json\/wp\/v2\/categories?post=19497"},{"taxonomy":"post_tag","embeddable":true,"href":"https:\/\/fr.behr.ca\/colourfullybehr\/wp-json\/wp\/v2\/tags?post=19497"}],"curies":[{"name":"wp","href":"https:\/\/api.w.org\/{rel}","templated":true}]}}