{"id":19573,"date":"2023-06-01T08:00:00","date_gmt":"2023-06-01T08:00:00","guid":{"rendered":"https:\/\/fr.behr.ca\/colourfullybehr\/?p=19573"},"modified":"2023-06-01T14:59:26","modified_gmt":"2023-06-01T14:59:26","slug":"couleur-du-mois-hybride","status":"publish","type":"post","link":"https:\/\/fr.behr.ca\/colourfullybehr\/couleur-du-mois-hybride\/","title":{"rendered":"COULEUR DU MOIS : HYBRIDE"},"content":{"rendered":"\n<figure class=\"wp-block-image size-full\"><img decoding=\"async\" loading=\"lazy\" width=\"1280\" height=\"739\" src=\"https:\/\/fr.behr.ca\/colourfullybehr\/wp-content\/uploads\/2023\/06\/TC-Studios_Behr_ColorSmart_LivingRoom3_Hybrid.jpg\" alt=\"Un salon d\u00e9contract\u00e9 aux murs dans la couleur Hybride, agr\u00e9ment\u00e9 d'un canap\u00e9 gris clair, d'un mobilier et d'un d\u00e9cor neutres et de touches de vert\" class=\"wp-image-19574\"\/><figcaption class=\"wp-element-caption\">Mur&nbsp;: <a href=\"https:\/\/fr.behr.ca\/consumer\/ColorDetailView\/S340-3\">Hybride<\/a>, plinthe&nbsp;: <a href=\"https:\/\/fr.behr.ca\/consumer\/ColorDetailView\/75\/\">Ours polaire<\/a><\/figcaption><\/figure>\n\n\n\n<p>La couleur du mois de juin, <a href=\"https:\/\/fr.behr.ca\/consumer\/ColorDetailView\/S340-3\">Hybride<\/a>, est un pastel doux et polyvalent inspir\u00e9 par les environnements naturels et la lumi\u00e8re chaude du soleil. Le m\u00e9lange l\u00e9ger et frais de vert printanier, de jaune et de gris doux en fait une couleur id\u00e9ale pour rafra\u00eechir une pi\u00e8ce. Le vert est souvent associ\u00e9 \u00e0 la relaxation et \u00e0 la tranquillit\u00e9 et le jaune est connu pour favoriser le bonheur et la positivit\u00e9. Ces deux teintes donnent naissance \u00e0 Hybride, une combinaison unique et harmonieuse.<\/p>\n\n\n\n<p>Comme son nom l&#8217;indique, Hybride se situe entre le jaune et le vert, ce qui en fait un m\u00e9lange unique de tons chauds et froids. La couleur est suffisamment subtile pour cr\u00e9er une atmosph\u00e8re apaisante dans les pi\u00e8ces qui optent pour un style d\u00e9contract\u00e9 ou moderne.<\/p>\n\n\n\n<figure class=\"wp-block-image size-full\"><img decoding=\"async\" loading=\"lazy\" width=\"1000\" height=\"1000\" src=\"https:\/\/fr.behr.ca\/colourfullybehr\/wp-content\/uploads\/2023\/06\/S340-3_Hybride_BC.jpg\" alt=\"Vue du dessus d'un pot de peinture ouvert pr\u00e9sentant la couleur Hybride\" class=\"wp-image-19575\"\/><\/figure>\n\n\n\n<p>Hybride peut \u00eatre un bon choix pour les cuisines car elle peut cr\u00e9er une atmosph\u00e8re joyeuse et \u00e9nergique.<\/p>\n\n\n\n<figure class=\"wp-block-image size-full\"><img decoding=\"async\" loading=\"lazy\" width=\"7219\" height=\"4850\" src=\"https:\/\/fr.behr.ca\/colourfullybehr\/wp-content\/uploads\/2023\/06\/BEHR_21.12_COPPERFORCE_TC_KITCH_016_Hybrid_SmokyWhite.jpg\" alt=\"Une cuisine lumineuse et gaie avec des murs dans la couleur Hybride et des armoires dans la couleur Blanc fum\u00e9\" class=\"wp-image-19576\"\/><figcaption class=\"wp-element-caption\">Murs&nbsp;: <a href=\"https:\/\/fr.behr.ca\/consumer\/ColorDetailView\/S340-3\">Hybride<\/a>, armoires&nbsp;: <a href=\"https:\/\/fr.behr.ca\/consumer\/ColorDetailView\/BWC-13\">Blanc fum\u00e9<\/a><\/figcaption><\/figure>\n\n\n\n<p>Par exemple, pour donner un air frais et a\u00e9r\u00e9 \u00e0 un bureau traditionnel, associez Hybride avec le blanc et avec un ton froid comme le bleu ou le turquoise.<\/p>\n\n\n\n<figure class=\"wp-block-image size-full\"><img decoding=\"async\" loading=\"lazy\" width=\"3698\" height=\"4800\" src=\"https:\/\/fr.behr.ca\/colourfullybehr\/wp-content\/uploads\/2023\/06\/BEHR_21.06_COLORTRENDS_THS_OFF_001_Hybrid_SophTeal_WhisPWhite_cx2.jpg\" alt=\"Un grand bureau \u00e0 domicile avec des murs dans la couleur Hybride et des \u00e9tag\u00e8res dans les couleurs Blanc murmure et Sarcelle sophistiqu\u00e9e\" class=\"wp-image-19577\"\/><figcaption class=\"wp-element-caption\">Murs&nbsp;: <a href=\"https:\/\/fr.behr.ca\/consumer\/ColorDetailView\/S340-3\">Hybride<\/a>, accent (arri\u00e8re des \u00e9tag\u00e8res)&nbsp;: <a href=\"https:\/\/fr.behr.ca\/consumer\/ColorDetailView\/HDC-CL-22\">Sarcelle sophistiqu\u00e9e<\/a>, garnitures et lambris&nbsp;: <a href=\"https:\/\/fr.behr.ca\/consumer\/ColorDetailView\/HDC-MD-08\">Blanc murmure<\/a>, plafond&nbsp;: <a href=\"https:\/\/fr.behr.ca\/consumer\/ColorDetailView\/PPU18-06\/\">BLANC ULTRA PUR<sup>MC<\/sup><\/a><\/figcaption><\/figure>\n\n\n\n<p>C&#8217;est un excellent choix pour les chambres \u00e0 coucher ou d&#8217;autres endroits o\u00f9 l&#8217;on souhaite un sentiment de d\u00e9tente et de s\u00e9r\u00e9nit\u00e9.<\/p>\n\n\n\n<figure class=\"wp-block-image size-full\"><img decoding=\"async\" loading=\"lazy\" width=\"5458\" height=\"3235\" src=\"https:\/\/fr.behr.ca\/colourfullybehr\/wp-content\/uploads\/2023\/06\/BEHR_22.03_TRENDS_BEDROOM2_006_Hybrid_cx2.jpg\" alt=\"Une chambre \u00e0 coucher lumineuse et a\u00e9r\u00e9e avec un mur d'accent dans la couleur Hybride derri\u00e8re le lit\" class=\"wp-image-19579\"\/><figcaption class=\"wp-element-caption\">Murs et plinthe&nbsp;: <a href=\"https:\/\/fr.behr.ca\/consumer\/ColorDetailView\/DC-003\/\">Toile vierge<\/a>, accent&nbsp;: <a href=\"https:\/\/fr.behr.ca\/consumer\/ColorDetailView\/S340-3\">Hybride<\/a>, plafond&nbsp;: <a href=\"https:\/\/fr.behr.ca\/consumer\/ColorDetailView\/PPU18-06\/\">BLANC ULTRA PUR<sup>MC<\/sup><\/a><\/figcaption><\/figure>\n\n\n\n<p>La teinte Hybride est \u00e9galement un excellent choix pour les petites pi\u00e8ces, car elle donne l\u2019impression qu\u2019elles sont plus spacieuses et plus ouvertes. Elle r\u00e9fl\u00e9chit bien la lumi\u00e8re, ce qui peut contribuer \u00e0 \u00e9claircir les zones plus sombres.<\/p>\n\n\n\n<figure class=\"wp-block-image size-full\"><img decoding=\"async\" loading=\"lazy\" width=\"3145\" height=\"3045\" src=\"https:\/\/fr.behr.ca\/colourfullybehr\/wp-content\/uploads\/2023\/06\/MADIGANSTUDIOS_BEHR_COMMERCIALRESIDENTIAL_BATHROOM_001_Hybrid_PolarBear.jpg\" alt=\"Une salle de bain lumineuse aux murs et plinthes dans la couleur Hybride, avec baignoire et petite table \" class=\"wp-image-19580\"\/><figcaption class=\"wp-element-caption\">Murs et plinthe&nbsp;: <a href=\"https:\/\/fr.behr.ca\/consumer\/ColorDetailView\/S340-3\">Hybride<\/a>, cadre de fen\u00eatre&nbsp;: <a href=\"https:\/\/fr.behr.ca\/consumer\/ColorDetailView\/75\/\">Ours polaire<\/a><\/figcaption><\/figure>\n\n\n\n<p>Les tons jaune-vert de Hybride peuvent \u00e9voquer la nature et la croissance, ce qui en fait un choix parfait pour les chambres d&#8217;enfant. C&#8217;est \u00e9galement un ton qui peut cr\u00e9er une atmosph\u00e8re ludique, vibrante et encourageante pour la cr\u00e9ativit\u00e9 et l&#8217;imagination.<\/p>\n\n\n\n<figure class=\"wp-block-image size-full\"><img decoding=\"async\" loading=\"lazy\" width=\"4629\" height=\"5670\" src=\"https:\/\/fr.behr.ca\/colourfullybehr\/wp-content\/uploads\/2023\/06\/TC-Studios-Color_Trends_2017_KidsRoom_VHybrid_WB_WC_SS_r1.jpg\" alt=\"Une chambre d'enfant dont les murs sont dans la couleur Hybride, avec un cadre de lit unique et des touches de gris, de sarcelle et de violet dans le d\u00e9cor et le mobilier\" class=\"wp-image-19581\"\/><figcaption class=\"wp-element-caption\">Murs&nbsp;: <a href=\"https:\/\/fr.behr.ca\/consumer\/ColorDetailView\/S340-3\">Hybride<\/a>, garnitures&nbsp;: <a href=\"https:\/\/fr.behr.ca\/consumer\/ColorDetailView\/DC-001\/\">Cr\u00e8me fouett\u00e9e<\/a>, cadre de lit&nbsp;: <a href=\"https:\/\/fr.behr.ca\/consumer\/ColorDetailView\/HDC-MD-26\">Argent sonique<\/a>, plafond&nbsp;: <a href=\"https:\/\/fr.behr.ca\/consumer\/ColorDetailView\/GR-W06\">Souffle de vent<\/a><\/figcaption><\/figure>\n\n\n\n<p>Pour plus d\u2019id\u00e9es inspirantes de design et de style, visitez notre Studio des couleurs \u00e0 <a href=\"https:\/\/fr.behr.ca\/consumer\/colorstudio\/\">fr.behr.ca<\/a>.<\/p>\n\n\n\n<p>Vivez en couleur,<br>Diana<\/p>\n","protected":false},"excerpt":{"rendered":"<p>La couleur du mois de juin, Hybride, est un pastel doux et polyvalent inspir\u00e9 par les environnements naturels et la lumi\u00e8re chaude du soleil. Le m\u00e9lange l\u00e9ger et frais de vert printanier, de jaune et de gris doux en fait une couleur id\u00e9ale pour rafra\u00eechir une pi\u00e8ce. Le vert est souvent associ\u00e9 \u00e0 la relaxation [&hellip;]<\/p>\n","protected":false},"author":22,"featured_media":19574,"comment_status":"open","ping_status":"open","sticky":true,"template":"","format":"standard","meta":{"_s2mail":""},"categories":[24,11,23,14],"tags":[1048,1296,1295,1269,1255,1075,1256,1294,1105,1201,1293],"yoast_head":"<!-- This site is optimized with the Yoast SEO plugin v19.14 - https:\/\/yoast.com\/wordpress\/plugins\/seo\/ -->\n<title>Hybride: couleur du mois de juin \u2013 couleur de peinture vert p\u00e2le | Tout en couleur BEHR<\/title>\n<meta name=\"description\" content=\"D\u00e9couvrez la couleur du mois de juin de Behr - Hybride. Cette couleur de peinture vert clair est un m\u00e9lange de vert, de jaune et de gris, ce qui en fait le vert tendre parfait pour un espace de d\u00e9tente.\" \/>\n<meta name=\"robots\" content=\"index, follow, max-snippet:-1, max-image-preview:large, max-video-preview:-1\" \/>\n<link rel=\"canonical\" href=\"https:\/\/fr.behr.ca\/colourfullybehr\/couleur-du-mois-hybride\/\" \/>\n<meta property=\"og:locale\" content=\"en_US\" \/>\n<meta property=\"og:type\" content=\"article\" \/>\n<meta property=\"og:title\" content=\"Hybride: couleur du mois de juin \u2013 couleur de peinture vert p\u00e2le | Tout en couleur BEHR\" \/>\n<meta property=\"og:description\" content=\"D\u00e9couvrez la couleur du mois de juin de Behr - Hybride. Cette couleur de peinture vert clair est un m\u00e9lange de vert, de jaune et de gris, ce qui en fait le vert tendre parfait pour un espace de d\u00e9tente.\" \/>\n<meta property=\"og:url\" content=\"https:\/\/fr.behr.ca\/colourfullybehr\/couleur-du-mois-hybride\/\" \/>\n<meta property=\"og:site_name\" content=\"Tout en couleur, BEHR\" \/>\n<meta property=\"article:published_time\" content=\"2023-06-01T08:00:00+00:00\" \/>\n<meta property=\"article:modified_time\" content=\"2023-06-01T14:59:26+00:00\" \/>\n<meta property=\"og:image\" content=\"https:\/\/fr.behr.ca\/colourfullybehr\/wp-content\/uploads\/2023\/06\/TC-Studios_Behr_ColorSmart_LivingRoom3_Hybrid.jpg\" \/>\n\t<meta property=\"og:image:width\" content=\"1280\" \/>\n\t<meta property=\"og:image:height\" content=\"739\" \/>\n\t<meta property=\"og:image:type\" content=\"image\/jpeg\" \/>\n<meta name=\"author\" content=\"Diana Olvera\" \/>\n<meta name=\"twitter:label1\" content=\"Written by\" \/>\n\t<meta name=\"twitter:data1\" content=\"Diana Olvera\" \/>\n\t<meta name=\"twitter:label2\" content=\"Est. reading time\" \/>\n\t<meta name=\"twitter:data2\" content=\"3 minutes\" \/>\n<script type=\"application\/ld+json\" class=\"yoast-schema-graph\">{\"@context\":\"https:\/\/schema.org\",\"@graph\":[{\"@type\":\"Article\",\"@id\":\"https:\/\/fr.behr.ca\/colourfullybehr\/couleur-du-mois-hybride\/#article\",\"isPartOf\":{\"@id\":\"https:\/\/fr.behr.ca\/colourfullybehr\/couleur-du-mois-hybride\/\"},\"author\":{\"name\":\"Diana Olvera\",\"@id\":\"https:\/\/fr.behr.ca\/colourfullybehr\/#\/schema\/person\/90dbe4132f0d7f7776cf3a083b942e13\"},\"headline\":\"COULEUR DU MOIS : HYBRIDE\",\"datePublished\":\"2023-06-01T08:00:00+00:00\",\"dateModified\":\"2023-06-01T14:59:26+00:00\",\"mainEntityOfPage\":{\"@id\":\"https:\/\/fr.behr.ca\/colourfullybehr\/couleur-du-mois-hybride\/\"},\"wordCount\":408,\"commentCount\":0,\"publisher\":{\"@id\":\"https:\/\/fr.behr.ca\/colourfullybehr\/#organization\"},\"keywords\":[\"Couleur du mois\",\"D\u00e9contract\u00e9\",\"Doux\",\"Frais\",\"Inspiration pour la chambre\",\"Jaune\",\"Nature\",\"Pastel\",\"Relaxant\",\"Vert\",\"Vert clair\"],\"articleSection\":[\"Couleur du mois\",\"Couleurs + tendances\",\"Jaune\",\"Vert\"],\"inLanguage\":\"en-US\",\"potentialAction\":[{\"@type\":\"CommentAction\",\"name\":\"Comment\",\"target\":[\"https:\/\/fr.behr.ca\/colourfullybehr\/couleur-du-mois-hybride\/#respond\"]}]},{\"@type\":\"WebPage\",\"@id\":\"https:\/\/fr.behr.ca\/colourfullybehr\/couleur-du-mois-hybride\/\",\"url\":\"https:\/\/fr.behr.ca\/colourfullybehr\/couleur-du-mois-hybride\/\",\"name\":\"Hybride: couleur du mois de juin \u2013 couleur de peinture vert p\u00e2le | Tout en couleur BEHR\",\"isPartOf\":{\"@id\":\"https:\/\/fr.behr.ca\/colourfullybehr\/#website\"},\"datePublished\":\"2023-06-01T08:00:00+00:00\",\"dateModified\":\"2023-06-01T14:59:26+00:00\",\"description\":\"D\u00e9couvrez la couleur du mois de juin de Behr - Hybride. Cette couleur de peinture vert clair est un m\u00e9lange de vert, de jaune et de gris, ce qui en fait le vert tendre parfait pour un espace de d\u00e9tente.\",\"inLanguage\":\"en-US\",\"potentialAction\":[{\"@type\":\"ReadAction\",\"target\":[\"https:\/\/fr.behr.ca\/colourfullybehr\/couleur-du-mois-hybride\/\"]}]},{\"@type\":\"WebSite\",\"@id\":\"https:\/\/fr.behr.ca\/colourfullybehr\/#website\",\"url\":\"https:\/\/fr.behr.ca\/colourfullybehr\/\",\"name\":\"Tout en couleur, BEHR\",\"description\":\"\",\"publisher\":{\"@id\":\"https:\/\/fr.behr.ca\/colourfullybehr\/#organization\"},\"potentialAction\":[{\"@type\":\"SearchAction\",\"target\":{\"@type\":\"EntryPoint\",\"urlTemplate\":\"https:\/\/fr.behr.ca\/colourfullybehr\/?s={search_term_string}\"},\"query-input\":\"required name=search_term_string\"}],\"inLanguage\":\"en-US\"},{\"@type\":\"Organization\",\"@id\":\"https:\/\/fr.behr.ca\/colourfullybehr\/#organization\",\"name\":\"Tout en couleur, BEHR\",\"url\":\"https:\/\/fr.behr.ca\/colourfullybehr\/\",\"logo\":{\"@type\":\"ImageObject\",\"inLanguage\":\"en-US\",\"@id\":\"https:\/\/fr.behr.ca\/colourfullybehr\/#\/schema\/logo\/image\/\",\"url\":\"https:\/\/fr.behr.ca\/colourfullybehr\/wp-content\/uploads\/2021\/10\/colourfully-behr-logo-fr.png\",\"contentUrl\":\"https:\/\/fr.behr.ca\/colourfullybehr\/wp-content\/uploads\/2021\/10\/colourfully-behr-logo-fr.png\",\"width\":1000,\"height\":248,\"caption\":\"Tout en couleur, BEHR\"},\"image\":{\"@id\":\"https:\/\/fr.behr.ca\/colourfullybehr\/#\/schema\/logo\/image\/\"}},{\"@type\":\"Person\",\"@id\":\"https:\/\/fr.behr.ca\/colourfullybehr\/#\/schema\/person\/90dbe4132f0d7f7776cf3a083b942e13\",\"name\":\"Diana Olvera\",\"image\":{\"@type\":\"ImageObject\",\"inLanguage\":\"en-US\",\"@id\":\"https:\/\/fr.behr.ca\/colourfullybehr\/#\/schema\/person\/image\/\",\"url\":\"https:\/\/secure.gravatar.com\/avatar\/465ca6aaf2f16757d94ae8cf0c8c7dca?s=96&d=mm&r=g\",\"contentUrl\":\"https:\/\/secure.gravatar.com\/avatar\/465ca6aaf2f16757d94ae8cf0c8c7dca?s=96&d=mm&r=g\",\"caption\":\"Diana Olvera\"},\"url\":\"https:\/\/fr.behr.ca\/colourfullybehr\/author\/dolvera\/\"}]}<\/script>\n<!-- \/ Yoast SEO plugin. -->","yoast_head_json":{"title":"Hybride: couleur du mois de juin \u2013 couleur de peinture vert p\u00e2le | Tout en couleur BEHR","description":"D\u00e9couvrez la couleur du mois de juin de Behr - Hybride. Cette couleur de peinture vert clair est un m\u00e9lange de vert, de jaune et de gris, ce qui en fait le vert tendre parfait pour un espace de d\u00e9tente.","robots":{"index":"index","follow":"follow","max-snippet":"max-snippet:-1","max-image-preview":"max-image-preview:large","max-video-preview":"max-video-preview:-1"},"canonical":"https:\/\/fr.behr.ca\/colourfullybehr\/couleur-du-mois-hybride\/","og_locale":"en_US","og_type":"article","og_title":"Hybride: couleur du mois de juin \u2013 couleur de peinture vert p\u00e2le | Tout en couleur BEHR","og_description":"D\u00e9couvrez la couleur du mois de juin de Behr - Hybride. Cette couleur de peinture vert clair est un m\u00e9lange de vert, de jaune et de gris, ce qui en fait le vert tendre parfait pour un espace de d\u00e9tente.","og_url":"https:\/\/fr.behr.ca\/colourfullybehr\/couleur-du-mois-hybride\/","og_site_name":"Tout en couleur, BEHR","article_published_time":"2023-06-01T08:00:00+00:00","article_modified_time":"2023-06-01T14:59:26+00:00","og_image":[{"width":1280,"height":739,"url":"https:\/\/fr.behr.ca\/colourfullybehr\/wp-content\/uploads\/2023\/06\/TC-Studios_Behr_ColorSmart_LivingRoom3_Hybrid.jpg","type":"image\/jpeg"}],"author":"Diana Olvera","twitter_misc":{"Written by":"Diana Olvera","Est. reading time":"3 minutes"},"schema":{"@context":"https:\/\/schema.org","@graph":[{"@type":"Article","@id":"https:\/\/fr.behr.ca\/colourfullybehr\/couleur-du-mois-hybride\/#article","isPartOf":{"@id":"https:\/\/fr.behr.ca\/colourfullybehr\/couleur-du-mois-hybride\/"},"author":{"name":"Diana Olvera","@id":"https:\/\/fr.behr.ca\/colourfullybehr\/#\/schema\/person\/90dbe4132f0d7f7776cf3a083b942e13"},"headline":"COULEUR DU MOIS : HYBRIDE","datePublished":"2023-06-01T08:00:00+00:00","dateModified":"2023-06-01T14:59:26+00:00","mainEntityOfPage":{"@id":"https:\/\/fr.behr.ca\/colourfullybehr\/couleur-du-mois-hybride\/"},"wordCount":408,"commentCount":0,"publisher":{"@id":"https:\/\/fr.behr.ca\/colourfullybehr\/#organization"},"keywords":["Couleur du mois","D\u00e9contract\u00e9","Doux","Frais","Inspiration pour la chambre","Jaune","Nature","Pastel","Relaxant","Vert","Vert clair"],"articleSection":["Couleur du mois","Couleurs + tendances","Jaune","Vert"],"inLanguage":"en-US","potentialAction":[{"@type":"CommentAction","name":"Comment","target":["https:\/\/fr.behr.ca\/colourfullybehr\/couleur-du-mois-hybride\/#respond"]}]},{"@type":"WebPage","@id":"https:\/\/fr.behr.ca\/colourfullybehr\/couleur-du-mois-hybride\/","url":"https:\/\/fr.behr.ca\/colourfullybehr\/couleur-du-mois-hybride\/","name":"Hybride: couleur du mois de juin \u2013 couleur de peinture vert p\u00e2le | Tout en couleur BEHR","isPartOf":{"@id":"https:\/\/fr.behr.ca\/colourfullybehr\/#website"},"datePublished":"2023-06-01T08:00:00+00:00","dateModified":"2023-06-01T14:59:26+00:00","description":"D\u00e9couvrez la couleur du mois de juin de Behr - Hybride. Cette couleur de peinture vert clair est un m\u00e9lange de vert, de jaune et de gris, ce qui en fait le vert tendre parfait pour un espace de d\u00e9tente.","inLanguage":"en-US","potentialAction":[{"@type":"ReadAction","target":["https:\/\/fr.behr.ca\/colourfullybehr\/couleur-du-mois-hybride\/"]}]},{"@type":"WebSite","@id":"https:\/\/fr.behr.ca\/colourfullybehr\/#website","url":"https:\/\/fr.behr.ca\/colourfullybehr\/","name":"Tout en couleur, BEHR","description":"","publisher":{"@id":"https:\/\/fr.behr.ca\/colourfullybehr\/#organization"},"potentialAction":[{"@type":"SearchAction","target":{"@type":"EntryPoint","urlTemplate":"https:\/\/fr.behr.ca\/colourfullybehr\/?s={search_term_string}"},"query-input":"required name=search_term_string"}],"inLanguage":"en-US"},{"@type":"Organization","@id":"https:\/\/fr.behr.ca\/colourfullybehr\/#organization","name":"Tout en couleur, BEHR","url":"https:\/\/fr.behr.ca\/colourfullybehr\/","logo":{"@type":"ImageObject","inLanguage":"en-US","@id":"https:\/\/fr.behr.ca\/colourfullybehr\/#\/schema\/logo\/image\/","url":"https:\/\/fr.behr.ca\/colourfullybehr\/wp-content\/uploads\/2021\/10\/colourfully-behr-logo-fr.png","contentUrl":"https:\/\/fr.behr.ca\/colourfullybehr\/wp-content\/uploads\/2021\/10\/colourfully-behr-logo-fr.png","width":1000,"height":248,"caption":"Tout en couleur, BEHR"},"image":{"@id":"https:\/\/fr.behr.ca\/colourfullybehr\/#\/schema\/logo\/image\/"}},{"@type":"Person","@id":"https:\/\/fr.behr.ca\/colourfullybehr\/#\/schema\/person\/90dbe4132f0d7f7776cf3a083b942e13","name":"Diana Olvera","image":{"@type":"ImageObject","inLanguage":"en-US","@id":"https:\/\/fr.behr.ca\/colourfullybehr\/#\/schema\/person\/image\/","url":"https:\/\/secure.gravatar.com\/avatar\/465ca6aaf2f16757d94ae8cf0c8c7dca?s=96&d=mm&r=g","contentUrl":"https:\/\/secure.gravatar.com\/avatar\/465ca6aaf2f16757d94ae8cf0c8c7dca?s=96&d=mm&r=g","caption":"Diana Olvera"},"url":"https:\/\/fr.behr.ca\/colourfullybehr\/author\/dolvera\/"}]}},"_links":{"self":[{"href":"https:\/\/fr.behr.ca\/colourfullybehr\/wp-json\/wp\/v2\/posts\/19573"}],"collection":[{"href":"https:\/\/fr.behr.ca\/colourfullybehr\/wp-json\/wp\/v2\/posts"}],"about":[{"href":"https:\/\/fr.behr.ca\/colourfullybehr\/wp-json\/wp\/v2\/types\/post"}],"author":[{"embeddable":true,"href":"https:\/\/fr.behr.ca\/colourfullybehr\/wp-json\/wp\/v2\/users\/22"}],"replies":[{"embeddable":true,"href":"https:\/\/fr.behr.ca\/colourfullybehr\/wp-json\/wp\/v2\/comments?post=19573"}],"version-history":[{"count":2,"href":"https:\/\/fr.behr.ca\/colourfullybehr\/wp-json\/wp\/v2\/posts\/19573\/revisions"}],"predecessor-version":[{"id":19584,"href":"https:\/\/fr.behr.ca\/colourfullybehr\/wp-json\/wp\/v2\/posts\/19573\/revisions\/19584"}],"wp:featuredmedia":[{"embeddable":true,"href":"https:\/\/fr.behr.ca\/colourfullybehr\/wp-json\/wp\/v2\/media\/19574"}],"wp:attachment":[{"href":"https:\/\/fr.behr.ca\/colourfullybehr\/wp-json\/wp\/v2\/media?parent=19573"}],"wp:term":[{"taxonomy":"category","embeddable":true,"href":"https:\/\/fr.behr.ca\/colourfullybehr\/wp-json\/wp\/v2\/categories?post=19573"},{"taxonomy":"post_tag","embeddable":true,"href":"https:\/\/fr.behr.ca\/colourfullybehr\/wp-json\/wp\/v2\/tags?post=19573"}],"curies":[{"name":"wp","href":"https:\/\/api.w.org\/{rel}","templated":true}]}}