{"id":19604,"date":"2023-06-13T08:00:00","date_gmt":"2023-06-13T08:00:00","guid":{"rendered":"https:\/\/fr.behr.ca\/colourfullybehr\/?p=19604"},"modified":"2023-06-14T12:40:37","modified_gmt":"2023-06-14T12:40:37","slug":"voyages-dete","status":"publish","type":"post","link":"https:\/\/fr.behr.ca\/colourfullybehr\/voyages-dete\/","title":{"rendered":"VOYAGES D\u2019\u00c9T\u00c9"},"content":{"rendered":"\n<figure class=\"wp-block-image size-full\"><img decoding=\"async\" loading=\"lazy\" width=\"3888\" height=\"2592\" src=\"https:\/\/fr.behr.ca\/colourfullybehr\/wp-content\/uploads\/2023\/06\/Behr_Lubetkin_Garage2_OldMap.jpg\" alt=\"L'ext\u00e9rieur d'une maison avec des bardages dans la couleur Vieille carte et des garnitures et portes de garage dans la couleur Ours polaire\" class=\"wp-image-19605\"\/><\/figure>\n\n\n\n<p>Cette palette de bruns de terre, de verts herbeux et de bleus ciel nous rappelle les voyages en voiture et les aventures estivales. <a href=\"https:\/\/fr.behr.ca\/consumer\/ColorDetailView\/N230-2\/\">Vieille carte N230-2<\/a> est un brun r\u00e9tro qui est chaud et ancr\u00e9. Associez-le \u00e0 <a href=\"https:\/\/fr.behr.ca\/consumer\/ColorDetailView\/75\/\">Ours polaire 75<\/a> sur les boiseries et les portes de garage pour cr\u00e9er une allure fraiche et moderne.<\/p>\n\n\n\n<figure class=\"wp-block-image size-full\"><img decoding=\"async\" loading=\"lazy\" width=\"6051\" height=\"4331\" src=\"https:\/\/fr.behr.ca\/colourfullybehr\/wp-content\/uploads\/2023\/06\/MADIGANSTUDIOS_BEHR_2020TRENDS_LIVINGROOM_012_Hybrid.jpg\" alt=\"Un salon lumineux et d\u00e9contract\u00e9 avec des murs dans la couleur Hybride\" class=\"wp-image-19606\"\/><\/figure>\n\n\n\n<p><a href=\"https:\/\/fr.behr.ca\/consumer\/ColorDetailView\/S340-3\/\">Hybride S340-3<\/a> est un vert tendre avec des touches de jaune, une teinte apaisante \u00e0 utiliser en \u00e9t\u00e9 et tout au long de l&#8217;ann\u00e9e. Sa polyvalence va au-del\u00e0 de son utilisation dans un salon ; essayez-le dans un bureau ou m\u00eame dans une salle d&#8217;eau.<\/p>\n\n\n\n<figure class=\"wp-block-image size-full\"><img decoding=\"async\" loading=\"lazy\" width=\"5368\" height=\"8048\" src=\"https:\/\/fr.behr.ca\/colourfullybehr\/wp-content\/uploads\/2023\/06\/BEHR_22.08_WOODSTAINS_CU_6366W79THST_AsphaltGray.jpg\" alt=\"Une cuisine moderne avec des armoires en Gris asphalte, contrastant avec des murs et comptoirs blancs\" class=\"wp-image-19607\"\/><\/figure>\n\n\n\n<p><a href=\"https:\/\/fr.behr.ca\/consumer\/ColorDetailView\/N520-6\/\">Gris asphalte N520-6<\/a> est un classique sur les armoires et s\u2019agence bien avec les tons blancs nets.<\/p>\n\n\n\n<figure class=\"wp-block-image size-full\"><img decoding=\"async\" loading=\"lazy\" width=\"4828\" height=\"4286\" src=\"https:\/\/fr.behr.ca\/colourfullybehr\/wp-content\/uploads\/2023\/06\/BEHR_22.03_DESIGNERCOLLECTION_ENTRYWAY_SecludedWoods.jpg\" alt=\"Le c\u00f4t\u00e9 d\u2019un escalier dans la couleur Bois isol\u00e9s\" class=\"wp-image-19608\"\/><\/figure>\n\n\n\n<p>L&#8217;\u00e9t\u00e9 est l&#8217;occasion de prendre la route vers des destinations pittoresques. <a href=\"https:\/\/fr.behr.ca\/consumer\/ColorDetailView\/S420-7\/\">Bois isol\u00e9s S420-7<\/a> donnera un effet pittoresque avec sa teinte verte, bois\u00e9e et fra\u00eeche.<\/p>\n\n\n\n<figure class=\"wp-block-image size-full\"><img decoding=\"async\" loading=\"lazy\" width=\"4959\" height=\"3589\" src=\"https:\/\/fr.behr.ca\/colourfullybehr\/wp-content\/uploads\/2023\/06\/KeithMadigan_Chalk_Dining-Room_-OldMap_ClearVista_AsphaltGray.jpg\" alt=\"Une salle \u00e0 manger lumineuse avec des murs peints en Vieille carte et des portes et meubles en Gris asphalte et Vue claire\" class=\"wp-image-19609\"\/><\/figure>\n\n\n\n<p>Ces trois teintes s&#8217;harmonisent parfaitement dans une salle \u00e0 manger. Utilisez <a href=\"https:\/\/fr.behr.ca\/consumer\/ColorDetailView\/N230-2\/\">Vieille carte N230-2<\/a> sur les murs avec <a href=\"https:\/\/fr.behr.ca\/consumer\/ColorDetailView\/N520-6\/\">Gris asphalte N520-6<\/a> et <a href=\"https:\/\/fr.behr.ca\/consumer\/ColorDetailView\/PPU13-11\/\">Vue claire PPU13-11<\/a> pour accentuer l&#8217;effet.<\/p>\n\n\n\n<figure class=\"wp-block-image size-full\"><img decoding=\"async\" loading=\"lazy\" width=\"3840\" height=\"5760\" src=\"https:\/\/fr.behr.ca\/colourfullybehr\/wp-content\/uploads\/2023\/06\/TC-Studios_4398CoveIslandDrNE_008_CanyonDusk.jpg\" alt=\"Gros plan sur l'ext\u00e9rieur d'une maison dans la couleur Poussi\u00e8re de canyon\" class=\"wp-image-19610\"\/><\/figure>\n\n\n\n<p><a href=\"https:\/\/fr.behr.ca\/consumer\/ColorDetailView\/S210-4\/\">Poussi\u00e8re de canyon S210-4<\/a> est notre derni\u00e8re couleur \u00ab&nbsp;Voyages d\u2019\u00e9t\u00e9&nbsp;\u00bb. Cette couleur \u00e9voque la chaleur d&#8217;une soir\u00e9e d&#8217;\u00e9t\u00e9 en plein air.<\/p>\n\n\n\n<figure class=\"wp-block-image size-full\"><img decoding=\"async\" loading=\"lazy\" width=\"918\" height=\"727\" src=\"https:\/\/fr.behr.ca\/colourfullybehr\/wp-content\/uploads\/2023\/06\/Hit-The-Road-Palette-FR.png\" alt=\"Une palette de six couleurs inspir\u00e9es des voyages d'\u00e9t\u00e9 et activit\u00e9s en plein air \u2013 Vieille carte, Vue claire, Gris asphalte, Bois isol\u00e9s, Hybride et Poussi\u00e8re de canyon\" class=\"wp-image-19615\"\/><\/figure>\n\n\n\n<p>Visitez ces teintes inspir\u00e9es de voyages d\u2019\u00e9t\u00e9 et autres couleurs sur <a href=\"https:\/\/fr.behr.ca\/consumer\/\">fr.behr.ca<\/a>.<\/p>\n\n\n\n<p>Vivez en couleur,<br>Deanna<\/p>\n","protected":false},"excerpt":{"rendered":"<p>Cette palette de bruns de terre, de verts herbeux et de bleus ciel nous rappelle les voyages en voiture et les aventures estivales. Vieille carte N230-2 est un brun r\u00e9tro qui est chaud et ancr\u00e9. Associez-le \u00e0 Ours polaire 75 sur les boiseries et les portes de garage pour cr\u00e9er une allure fraiche et moderne. [&hellip;]<\/p>\n","protected":false},"author":24,"featured_media":19605,"comment_status":"open","ping_status":"open","sticky":true,"template":"","format":"standard","meta":{"_s2mail":""},"categories":[13,16,11,17,15,14],"tags":[1119,1295,1108,1162,1270,1256,1146,1241,1302],"yoast_head":"<!-- This site is optimized with the Yoast SEO plugin v19.14 - https:\/\/yoast.com\/wordpress\/plugins\/seo\/ -->\n<title>Voyages d\u2019\u00e9t\u00e9 \u2013 palette douce de couleurs d\u2019\u00e9t\u00e9 | Tout en couleur BEHR<\/title>\n<meta name=\"description\" content=\"L&#039;\u00e9t\u00e9 est l&#039;occasion de prendre la route vers des destinations pittoresques. Explorez la palette douce de couleurs d\u2019\u00e9t\u00e9 de Behr et trouvez des couleurs de peinture chaudes inspir\u00e9es des grands espaces.\" \/>\n<meta name=\"robots\" content=\"index, follow, max-snippet:-1, max-image-preview:large, max-video-preview:-1\" \/>\n<link rel=\"canonical\" href=\"https:\/\/fr.behr.ca\/colourfullybehr\/voyages-dete\/\" \/>\n<meta property=\"og:locale\" content=\"en_US\" \/>\n<meta property=\"og:type\" content=\"article\" \/>\n<meta property=\"og:title\" content=\"Voyages d\u2019\u00e9t\u00e9 \u2013 palette douce de couleurs d\u2019\u00e9t\u00e9 | Tout en couleur BEHR\" \/>\n<meta property=\"og:description\" content=\"L&#039;\u00e9t\u00e9 est l&#039;occasion de prendre la route vers des destinations pittoresques. Explorez la palette douce de couleurs d\u2019\u00e9t\u00e9 de Behr et trouvez des couleurs de peinture chaudes inspir\u00e9es des grands espaces.\" \/>\n<meta property=\"og:url\" content=\"https:\/\/fr.behr.ca\/colourfullybehr\/voyages-dete\/\" \/>\n<meta property=\"og:site_name\" content=\"Tout en couleur, BEHR\" \/>\n<meta property=\"article:published_time\" content=\"2023-06-13T08:00:00+00:00\" \/>\n<meta property=\"article:modified_time\" content=\"2023-06-14T12:40:37+00:00\" \/>\n<meta name=\"author\" content=\"Deanna Torrez\" \/>\n<meta name=\"twitter:label1\" content=\"Written by\" \/>\n\t<meta name=\"twitter:data1\" content=\"Deanna Torrez\" \/>\n\t<meta name=\"twitter:label2\" content=\"Est. reading time\" \/>\n\t<meta name=\"twitter:data2\" content=\"3 minutes\" \/>\n<script type=\"application\/ld+json\" class=\"yoast-schema-graph\">{\"@context\":\"https:\/\/schema.org\",\"@graph\":[{\"@type\":\"Article\",\"@id\":\"https:\/\/fr.behr.ca\/colourfullybehr\/voyages-dete\/#article\",\"isPartOf\":{\"@id\":\"https:\/\/fr.behr.ca\/colourfullybehr\/voyages-dete\/\"},\"author\":{\"name\":\"Deanna Torrez\",\"@id\":\"https:\/\/fr.behr.ca\/colourfullybehr\/#\/schema\/person\/748f333698b0058dee1a230924a8df35\"},\"headline\":\"VOYAGES D\u2019\u00c9T\u00c9\",\"datePublished\":\"2023-06-13T08:00:00+00:00\",\"dateModified\":\"2023-06-14T12:40:37+00:00\",\"mainEntityOfPage\":{\"@id\":\"https:\/\/fr.behr.ca\/colourfullybehr\/voyages-dete\/\"},\"wordCount\":233,\"commentCount\":0,\"publisher\":{\"@id\":\"https:\/\/fr.behr.ca\/colourfullybehr\/#organization\"},\"keywords\":[\"Chaud\",\"Doux\",\"\u00c9t\u00e9\",\"Ext\u00e9rieur\",\"Inspiration pour pi\u00e8ce\",\"Nature\",\"Neutre\",\"Palette de couleurs\",\"Voyage en voiture\"],\"articleSection\":[\"Bleu\",\"Brun\",\"Couleurs + tendances\",\"Gris et noir\",\"Neutre\",\"Vert\"],\"inLanguage\":\"en-US\",\"potentialAction\":[{\"@type\":\"CommentAction\",\"name\":\"Comment\",\"target\":[\"https:\/\/fr.behr.ca\/colourfullybehr\/voyages-dete\/#respond\"]}]},{\"@type\":\"WebPage\",\"@id\":\"https:\/\/fr.behr.ca\/colourfullybehr\/voyages-dete\/\",\"url\":\"https:\/\/fr.behr.ca\/colourfullybehr\/voyages-dete\/\",\"name\":\"Voyages d\u2019\u00e9t\u00e9 \u2013 palette douce de couleurs d\u2019\u00e9t\u00e9 | Tout en couleur BEHR\",\"isPartOf\":{\"@id\":\"https:\/\/fr.behr.ca\/colourfullybehr\/#website\"},\"datePublished\":\"2023-06-13T08:00:00+00:00\",\"dateModified\":\"2023-06-14T12:40:37+00:00\",\"description\":\"L'\u00e9t\u00e9 est l'occasion de prendre la route vers des destinations pittoresques. Explorez la palette douce de couleurs d\u2019\u00e9t\u00e9 de Behr et trouvez des couleurs de peinture chaudes inspir\u00e9es des grands espaces.\",\"inLanguage\":\"en-US\",\"potentialAction\":[{\"@type\":\"ReadAction\",\"target\":[\"https:\/\/fr.behr.ca\/colourfullybehr\/voyages-dete\/\"]}]},{\"@type\":\"WebSite\",\"@id\":\"https:\/\/fr.behr.ca\/colourfullybehr\/#website\",\"url\":\"https:\/\/fr.behr.ca\/colourfullybehr\/\",\"name\":\"Tout en couleur, BEHR\",\"description\":\"\",\"publisher\":{\"@id\":\"https:\/\/fr.behr.ca\/colourfullybehr\/#organization\"},\"potentialAction\":[{\"@type\":\"SearchAction\",\"target\":{\"@type\":\"EntryPoint\",\"urlTemplate\":\"https:\/\/fr.behr.ca\/colourfullybehr\/?s={search_term_string}\"},\"query-input\":\"required name=search_term_string\"}],\"inLanguage\":\"en-US\"},{\"@type\":\"Organization\",\"@id\":\"https:\/\/fr.behr.ca\/colourfullybehr\/#organization\",\"name\":\"Tout en couleur, BEHR\",\"url\":\"https:\/\/fr.behr.ca\/colourfullybehr\/\",\"logo\":{\"@type\":\"ImageObject\",\"inLanguage\":\"en-US\",\"@id\":\"https:\/\/fr.behr.ca\/colourfullybehr\/#\/schema\/logo\/image\/\",\"url\":\"https:\/\/fr.behr.ca\/colourfullybehr\/wp-content\/uploads\/2021\/10\/colourfully-behr-logo-fr.png\",\"contentUrl\":\"https:\/\/fr.behr.ca\/colourfullybehr\/wp-content\/uploads\/2021\/10\/colourfully-behr-logo-fr.png\",\"width\":1000,\"height\":248,\"caption\":\"Tout en couleur, BEHR\"},\"image\":{\"@id\":\"https:\/\/fr.behr.ca\/colourfullybehr\/#\/schema\/logo\/image\/\"}},{\"@type\":\"Person\",\"@id\":\"https:\/\/fr.behr.ca\/colourfullybehr\/#\/schema\/person\/748f333698b0058dee1a230924a8df35\",\"name\":\"Deanna Torrez\",\"image\":{\"@type\":\"ImageObject\",\"inLanguage\":\"en-US\",\"@id\":\"https:\/\/fr.behr.ca\/colourfullybehr\/#\/schema\/person\/image\/\",\"url\":\"https:\/\/secure.gravatar.com\/avatar\/45f7486238bcf24d7a5db91d00f07bf4?s=96&d=mm&r=g\",\"contentUrl\":\"https:\/\/secure.gravatar.com\/avatar\/45f7486238bcf24d7a5db91d00f07bf4?s=96&d=mm&r=g\",\"caption\":\"Deanna Torrez\"},\"url\":\"https:\/\/fr.behr.ca\/colourfullybehr\/author\/dtorrez\/\"}]}<\/script>\n<!-- \/ Yoast SEO plugin. -->","yoast_head_json":{"title":"Voyages d\u2019\u00e9t\u00e9 \u2013 palette douce de couleurs d\u2019\u00e9t\u00e9 | Tout en couleur BEHR","description":"L'\u00e9t\u00e9 est l'occasion de prendre la route vers des destinations pittoresques. Explorez la palette douce de couleurs d\u2019\u00e9t\u00e9 de Behr et trouvez des couleurs de peinture chaudes inspir\u00e9es des grands espaces.","robots":{"index":"index","follow":"follow","max-snippet":"max-snippet:-1","max-image-preview":"max-image-preview:large","max-video-preview":"max-video-preview:-1"},"canonical":"https:\/\/fr.behr.ca\/colourfullybehr\/voyages-dete\/","og_locale":"en_US","og_type":"article","og_title":"Voyages d\u2019\u00e9t\u00e9 \u2013 palette douce de couleurs d\u2019\u00e9t\u00e9 | Tout en couleur BEHR","og_description":"L'\u00e9t\u00e9 est l'occasion de prendre la route vers des destinations pittoresques. Explorez la palette douce de couleurs d\u2019\u00e9t\u00e9 de Behr et trouvez des couleurs de peinture chaudes inspir\u00e9es des grands espaces.","og_url":"https:\/\/fr.behr.ca\/colourfullybehr\/voyages-dete\/","og_site_name":"Tout en couleur, BEHR","article_published_time":"2023-06-13T08:00:00+00:00","article_modified_time":"2023-06-14T12:40:37+00:00","author":"Deanna Torrez","twitter_misc":{"Written by":"Deanna Torrez","Est. reading time":"3 minutes"},"schema":{"@context":"https:\/\/schema.org","@graph":[{"@type":"Article","@id":"https:\/\/fr.behr.ca\/colourfullybehr\/voyages-dete\/#article","isPartOf":{"@id":"https:\/\/fr.behr.ca\/colourfullybehr\/voyages-dete\/"},"author":{"name":"Deanna Torrez","@id":"https:\/\/fr.behr.ca\/colourfullybehr\/#\/schema\/person\/748f333698b0058dee1a230924a8df35"},"headline":"VOYAGES D\u2019\u00c9T\u00c9","datePublished":"2023-06-13T08:00:00+00:00","dateModified":"2023-06-14T12:40:37+00:00","mainEntityOfPage":{"@id":"https:\/\/fr.behr.ca\/colourfullybehr\/voyages-dete\/"},"wordCount":233,"commentCount":0,"publisher":{"@id":"https:\/\/fr.behr.ca\/colourfullybehr\/#organization"},"keywords":["Chaud","Doux","\u00c9t\u00e9","Ext\u00e9rieur","Inspiration pour pi\u00e8ce","Nature","Neutre","Palette de couleurs","Voyage en voiture"],"articleSection":["Bleu","Brun","Couleurs + tendances","Gris et noir","Neutre","Vert"],"inLanguage":"en-US","potentialAction":[{"@type":"CommentAction","name":"Comment","target":["https:\/\/fr.behr.ca\/colourfullybehr\/voyages-dete\/#respond"]}]},{"@type":"WebPage","@id":"https:\/\/fr.behr.ca\/colourfullybehr\/voyages-dete\/","url":"https:\/\/fr.behr.ca\/colourfullybehr\/voyages-dete\/","name":"Voyages d\u2019\u00e9t\u00e9 \u2013 palette douce de couleurs d\u2019\u00e9t\u00e9 | Tout en couleur BEHR","isPartOf":{"@id":"https:\/\/fr.behr.ca\/colourfullybehr\/#website"},"datePublished":"2023-06-13T08:00:00+00:00","dateModified":"2023-06-14T12:40:37+00:00","description":"L'\u00e9t\u00e9 est l'occasion de prendre la route vers des destinations pittoresques. Explorez la palette douce de couleurs d\u2019\u00e9t\u00e9 de Behr et trouvez des couleurs de peinture chaudes inspir\u00e9es des grands espaces.","inLanguage":"en-US","potentialAction":[{"@type":"ReadAction","target":["https:\/\/fr.behr.ca\/colourfullybehr\/voyages-dete\/"]}]},{"@type":"WebSite","@id":"https:\/\/fr.behr.ca\/colourfullybehr\/#website","url":"https:\/\/fr.behr.ca\/colourfullybehr\/","name":"Tout en couleur, BEHR","description":"","publisher":{"@id":"https:\/\/fr.behr.ca\/colourfullybehr\/#organization"},"potentialAction":[{"@type":"SearchAction","target":{"@type":"EntryPoint","urlTemplate":"https:\/\/fr.behr.ca\/colourfullybehr\/?s={search_term_string}"},"query-input":"required name=search_term_string"}],"inLanguage":"en-US"},{"@type":"Organization","@id":"https:\/\/fr.behr.ca\/colourfullybehr\/#organization","name":"Tout en couleur, BEHR","url":"https:\/\/fr.behr.ca\/colourfullybehr\/","logo":{"@type":"ImageObject","inLanguage":"en-US","@id":"https:\/\/fr.behr.ca\/colourfullybehr\/#\/schema\/logo\/image\/","url":"https:\/\/fr.behr.ca\/colourfullybehr\/wp-content\/uploads\/2021\/10\/colourfully-behr-logo-fr.png","contentUrl":"https:\/\/fr.behr.ca\/colourfullybehr\/wp-content\/uploads\/2021\/10\/colourfully-behr-logo-fr.png","width":1000,"height":248,"caption":"Tout en couleur, BEHR"},"image":{"@id":"https:\/\/fr.behr.ca\/colourfullybehr\/#\/schema\/logo\/image\/"}},{"@type":"Person","@id":"https:\/\/fr.behr.ca\/colourfullybehr\/#\/schema\/person\/748f333698b0058dee1a230924a8df35","name":"Deanna Torrez","image":{"@type":"ImageObject","inLanguage":"en-US","@id":"https:\/\/fr.behr.ca\/colourfullybehr\/#\/schema\/person\/image\/","url":"https:\/\/secure.gravatar.com\/avatar\/45f7486238bcf24d7a5db91d00f07bf4?s=96&d=mm&r=g","contentUrl":"https:\/\/secure.gravatar.com\/avatar\/45f7486238bcf24d7a5db91d00f07bf4?s=96&d=mm&r=g","caption":"Deanna Torrez"},"url":"https:\/\/fr.behr.ca\/colourfullybehr\/author\/dtorrez\/"}]}},"_links":{"self":[{"href":"https:\/\/fr.behr.ca\/colourfullybehr\/wp-json\/wp\/v2\/posts\/19604"}],"collection":[{"href":"https:\/\/fr.behr.ca\/colourfullybehr\/wp-json\/wp\/v2\/posts"}],"about":[{"href":"https:\/\/fr.behr.ca\/colourfullybehr\/wp-json\/wp\/v2\/types\/post"}],"author":[{"embeddable":true,"href":"https:\/\/fr.behr.ca\/colourfullybehr\/wp-json\/wp\/v2\/users\/24"}],"replies":[{"embeddable":true,"href":"https:\/\/fr.behr.ca\/colourfullybehr\/wp-json\/wp\/v2\/comments?post=19604"}],"version-history":[{"count":4,"href":"https:\/\/fr.behr.ca\/colourfullybehr\/wp-json\/wp\/v2\/posts\/19604\/revisions"}],"predecessor-version":[{"id":19618,"href":"https:\/\/fr.behr.ca\/colourfullybehr\/wp-json\/wp\/v2\/posts\/19604\/revisions\/19618"}],"wp:featuredmedia":[{"embeddable":true,"href":"https:\/\/fr.behr.ca\/colourfullybehr\/wp-json\/wp\/v2\/media\/19605"}],"wp:attachment":[{"href":"https:\/\/fr.behr.ca\/colourfullybehr\/wp-json\/wp\/v2\/media?parent=19604"}],"wp:term":[{"taxonomy":"category","embeddable":true,"href":"https:\/\/fr.behr.ca\/colourfullybehr\/wp-json\/wp\/v2\/categories?post=19604"},{"taxonomy":"post_tag","embeddable":true,"href":"https:\/\/fr.behr.ca\/colourfullybehr\/wp-json\/wp\/v2\/tags?post=19604"}],"curies":[{"name":"wp","href":"https:\/\/api.w.org\/{rel}","templated":true}]}}