{"id":19650,"date":"2023-07-18T08:00:00","date_gmt":"2023-07-18T08:00:00","guid":{"rendered":"https:\/\/fr.behr.ca\/colourfullybehr\/?p=19650"},"modified":"2023-07-20T16:27:48","modified_gmt":"2023-07-20T16:27:48","slug":"couleurs-de-portes-dentree","status":"publish","type":"post","link":"https:\/\/fr.behr.ca\/colourfullybehr\/couleurs-de-portes-dentree\/","title":{"rendered":"COULEURS DE PORTES D\u2019ENTR\u00c9E"},"content":{"rendered":"\n<figure class=\"wp-block-image size-full\"><img decoding=\"async\" loading=\"lazy\" width=\"1536\" height=\"1102\" src=\"https:\/\/fr.behr.ca\/colourfullybehr\/wp-content\/uploads\/2023\/07\/BEHR_21.12_PREMIUMAEROSOLS_TC_ENT_BLACKdoor-1536x1102-1.jpg\" alt=\"L'ext\u00e9rieur d'une maison blanche avec une porte d'entr\u00e9e peinte en noir\" class=\"wp-image-19651\"\/><figcaption class=\"wp-element-caption\"><em>Couleur de la porte : <a href=\"https:\/\/fr.behr.ca\/consumer\/ColorDetailView\/BLACK\/\">Noir<\/a><\/em><\/figcaption><\/figure>\n\n\n\n<p>La couleur de votre porte d&#8217;entr\u00e9e en dit long sur votre maison et est g\u00e9n\u00e9ralement un reflet de votre personnalit\u00e9. Elle cr\u00e9e un impact, ajoute de l&#8217;attrait \u00e0 la fa\u00e7ade et donne le ton de ce qui se trouve \u00e0 l&#8217;int\u00e9rieur. Explorez les pages suivantes pour d\u00e9couvrir ces couleurs de porte populaires et ce qu&#8217;elles peuvent dire de vous.<\/p>\n\n\n\n<figure class=\"wp-block-image size-full\"><img decoding=\"async\" loading=\"lazy\" width=\"1129\" height=\"1011\" src=\"https:\/\/fr.behr.ca\/colourfullybehr\/wp-content\/uploads\/2023\/07\/FRONT-DOOR-COLOURS-FINAL-PALETTE-FR.png\" alt=\"Une palette de 12 couleurs \u2013 Noir, Marais sombre, Rose prairie, Orange acide, Or milieu d\u2019\u00e9t\u00e9, Fini le drame, Brun Cordovan, C\u00e8dre, Bleu boussole, Chemin du vent, Ours polaire et Pur turquoise\" class=\"wp-image-19668\"\/><\/figure>\n\n\n\n<p>Le rouge est une couleur traditionnelle utilis\u00e9e pour les portes d&#8217;entr\u00e9e depuis des si\u00e8cles. Cette couleur permettait aux voyageurs de savoir que la maison \u00e9tait un lieu s\u00fbr. Bien qu&#8217;un rouge profond soit un choix classique, des rouges vibrants comme <a href=\"https:\/\/fr.behr.ca\/consumer\/ColorDetailView\/P140-7\/\">Fini le drame<\/a> modernisent le style. Quelle que soit la teinte, le rouge d\u00e9gage toujours une impression de s\u00e9curit\u00e9 et d\u2019accueil.<\/p>\n\n\n\n<figure class=\"wp-block-image size-full\"><img decoding=\"async\" loading=\"lazy\" width=\"1087\" height=\"1536\" src=\"https:\/\/fr.behr.ca\/colourfullybehr\/wp-content\/uploads\/2023\/07\/MG_2927_NoMoreDrama-1087x1536-1.jpg\" alt=\"L'ext\u00e9rieur d'une maison aux bardages beiges, garnitures blanches et porte d'entr\u00e9e peinte dans la couleur Fini le drame\" class=\"wp-image-19652\"\/><figcaption class=\"wp-element-caption\"><em>Couleur de la porte\u00a0: <u><a href=\"https:\/\/fr.behr.ca\/consumer\/ColorDetailView\/P140-7\/\"><span style=\"text-decoration: underline;\">Fini le drame<\/span><\/a><\/u><\/em><\/figcaption><\/figure>\n\n\n\n<p>Les teintes vives et audacieuses comme <a href=\"https:\/\/fr.behr.ca\/consumer\/ColorDetailView\/HDC-MD-27\">Orange acide<\/a> ou <a href=\"https:\/\/fr.behr.ca\/consumer\/ColorDetailView\/P280-7\">Or milieu d\u2019\u00e9t\u00e9<\/a> rehaussent l&#8217;aspect d&#8217;une maison de style moderne ou du milieu du si\u00e8cle. Ces couleurs sont amusantes, vivantes et invitantes, donnant l&#8217;impression d&#8217;une personne qui organise souvent des f\u00eates et aime recevoir.<\/p>\n\n\n\n<figure class=\"wp-block-image size-full\"><img decoding=\"async\" loading=\"lazy\" width=\"1024\" height=\"1536\" src=\"https:\/\/fr.behr.ca\/colourfullybehr\/wp-content\/uploads\/2023\/07\/GrossAndDaley_Behr_255PleasantViewDr_Front_Ext_TartOrangeDoor-1024x1536-1.jpg\" alt=\"L'ext\u00e9rieur d'une maison aux bardages bleu gris\u00e2tre, garnitures blanches et porte d'entr\u00e9e peinte en Orange acide\" class=\"wp-image-19653\"\/><figcaption class=\"wp-element-caption\"><em>Couleur de la porte : <a href=\"https:\/\/fr.behr.ca\/consumer\/ColorDetailView\/HDC-MD-27\">Orange acide<\/a>\u00a0<\/em><\/figcaption><\/figure>\n\n\n\n<figure class=\"wp-block-image size-full\"><img decoding=\"async\" loading=\"lazy\" width=\"1024\" height=\"1536\" src=\"https:\/\/fr.behr.ca\/colourfullybehr\/wp-content\/uploads\/2023\/07\/PhailLiff_139_MidsummerGold-1024x1536-1.jpg\" alt=\"L'ext\u00e9rieur d'une maison moderne et minimaliste avec la porte d'entr\u00e9e peinte dans la couleur Or milieu d\u2019\u00e9t\u00e9\" class=\"wp-image-19654\"\/><figcaption class=\"wp-element-caption\"><em>Couleur de la porte\u00a0: <u><a href=\"https:\/\/fr.behr.ca\/consumer\/ColorDetailView\/P280-7\"><span style=\"text-decoration: underline;\">Or milieu d\u2019\u00e9t\u00e9<\/span><\/a><\/u><\/em><\/figcaption><\/figure>\n\n\n\n<p>Le vert fonc\u00e9 est souvent associ\u00e9 \u00e0 la richesse et \u00e0 la prosp\u00e9rit\u00e9. <a href=\"https:\/\/fr.behr.ca\/consumer\/ColorDetailView\/HDC-CL-21A\">Marais sombre<\/a> donne \u00e0 la maison une impression d&#8217;opulence.<\/p>\n\n\n\n<figure class=\"wp-block-image size-full\"><img decoding=\"async\" loading=\"lazy\" width=\"1045\" height=\"1536\" src=\"https:\/\/fr.behr.ca\/colourfullybehr\/wp-content\/uploads\/2023\/07\/BEHR_22.08_DYNASTYEXTERIOR_CU_6310MIRRORLAKEDR_DarkEverglade-1045x1536-1.jpg\" alt=\"L\u2019ext\u00e9rieur d\u2019une maison aux bardages gris et cr\u00e8me et une porte d\u2019entr\u00e9e peinte dans la couleur Marais sombre\" class=\"wp-image-19655\"\/><figcaption class=\"wp-element-caption\"><em>Couleur de la porte\u00a0: <u><a href=\"https:\/\/fr.behr.ca\/consumer\/ColorDetailView\/HDC-CL-21A\"><span style=\"text-decoration: underline;\">Marais sombre<\/span><\/a><\/u><\/em><\/figcaption><\/figure>\n\n\n\n<p>Les portes en bois teint\u00e9 sont typiquement associ\u00e9es \u00e0 la nature. Une teinture p\u00e2le pour bois comme <a href=\"https:\/\/fr.behr.ca\/consumer\/colors\/wood-stain\/explore\/semi-transparent\">C\u00e8dre<\/a> donne une apparence \u00e9cologique et naturelle. En revanche, avec une teinture plus fonc\u00e9e comme <a href=\"https:\/\/fr.behr.ca\/consumer\/inspiration\/2023-stain-coty\">Brun Cordovan<\/a>, l&#8217;allure est \u00e0 la fois d\u00e9contract\u00e9e et distingu\u00e9e.<\/p>\n\n\n\n<figure class=\"wp-block-image size-full\"><img decoding=\"async\" loading=\"lazy\" width=\"922\" height=\"1536\" src=\"https:\/\/fr.behr.ca\/colourfullybehr\/wp-content\/uploads\/2023\/07\/BEHR_22.08_DYNASTYEXTERIOR_CU_6366W79THST_CedarDoor-922x1536-1.jpg\" alt=\"L\u2019ext\u00e9rieur d\u2019une maison avec la brique et les bardages blancs, et une porte d\u2019entr\u00e9e teinte dans la couleur C\u00e8dre\" class=\"wp-image-19656\"\/><figcaption class=\"wp-element-caption\"><em>Teinture de la porte\u00a0: <u><a href=\"https:\/\/fr.behr.ca\/consumer\/colors\/wood-stain\/explore\/semi-transparent\"><span style=\"text-decoration: underline;\">C\u00e8dre<\/span><\/a><\/u><\/em><\/figcaption><\/figure>\n\n\n\n<figure class=\"wp-block-image size-full\"><img decoding=\"async\" loading=\"lazy\" width=\"1024\" height=\"1536\" src=\"https:\/\/fr.behr.ca\/colourfullybehr\/wp-content\/uploads\/2023\/07\/Behr_DeCourcey_Mstr_CordovanBrownDoor-1024x1536-1.jpg\" alt=\"L\u2019ext\u00e9rieur d\u2019une maison avec des bardages en vert att\u00e9nu\u00e9, garnitures blanches et porte d\u2019entr\u00e9e teinte dans la couleur Brun Cordovan\" class=\"wp-image-19657\"\/><figcaption class=\"wp-element-caption\"><em>Teinture de la porte\u00a0: <u><a href=\"https:\/\/fr.behr.ca\/consumer\/inspiration\/2023-stain-coty\"><span style=\"text-decoration: underline;\">Brun Cordovan<\/span><\/a><\/u><\/em><\/figcaption><\/figure>\n\n\n\n<p>La couleur la plus courante pour les portes d&#8217;entr\u00e9e est le blanc. Elle s&#8217;agence avec presque tous les styles et couleurs de maison. <a href=\"https:\/\/fr.behr.ca\/consumer\/ColorDetailView\/75\">Ours polaire<\/a> est une teinte pure qui donne l&#8217;impression que l&#8217;int\u00e9rieur est frais, propre et accueillant.<\/p>\n\n\n\n<figure class=\"wp-block-image size-full\"><img decoding=\"async\" loading=\"lazy\" width=\"1224\" height=\"1536\" src=\"https:\/\/fr.behr.ca\/colourfullybehr\/wp-content\/uploads\/2023\/07\/MG_1587_PolarBearDoor-1224x1536-1.jpg\" alt=\"L'ext\u00e9rieur d'une maison aux bardages bleus, garnitures blanches et porte d'entr\u00e9e peinte dans la couleur Ours polaire\" class=\"wp-image-19658\"\/><figcaption class=\"wp-element-caption\"><em>Couleur de la porte : <a href=\"https:\/\/fr.behr.ca\/consumer\/ColorDetailView\/75\">Ours polaire<\/a><\/em><\/figcaption><\/figure>\n\n\n\n<p><a href=\"https:\/\/fr.behr.ca\/consumer\/ColorDetailView\/M170-2\">Rose prairie<\/a> et <a href=\"https:\/\/fr.behr.ca\/consumer\/ColorDetailView\/MQ3-21\/\">Chemin du vent<\/a> sur la porte donnent un air de chalet aux maisons peintes en blanc, rappelant des journ\u00e9es tranquilles \u00e0 lire ou \u00e0 bricoler. Le r\u00e9sultat est confortable et frais tout au long de l&#8217;ann\u00e9e.<\/p>\n\n\n\n<figure class=\"wp-block-image size-full\"><img decoding=\"async\" loading=\"lazy\" width=\"1210\" height=\"1536\" src=\"https:\/\/fr.behr.ca\/colourfullybehr\/wp-content\/uploads\/2023\/07\/BEHR_22.08_DYNASTYEXTERIOR_CU_765NMARVISTAAVE_PrairieRose-1210x1536-1.jpg\" alt=\"L'ext\u00e9rieur d'une maison blanche avec la porte d'entr\u00e9e peinte dans la couleur Rose prairie\" class=\"wp-image-19659\"\/><figcaption class=\"wp-element-caption\"><em>Couleur de la porte\u00a0: <u><a href=\"https:\/\/fr.behr.ca\/consumer\/ColorDetailView\/M170-2\"><span style=\"text-decoration: underline;\">Rose prairie<\/span><\/a><\/u><\/em><\/figcaption><\/figure>\n\n\n\n<figure class=\"wp-block-image size-full\"><img decoding=\"async\" loading=\"lazy\" width=\"576\" height=\"537\" src=\"https:\/\/fr.behr.ca\/colourfullybehr\/wp-content\/uploads\/2023\/07\/BEHR_21.05_COLORTRENDS_THS_ENT_003_Breezeway_.jpg\" alt=\"L'ext\u00e9rieur d'une maison blanche avec la porte d'entr\u00e9e peinte dans la couleur Chemin du vent\" class=\"wp-image-19660\"\/><figcaption class=\"wp-element-caption\"><em>Couleur de la porte\u00a0: <u><a href=\"https:\/\/fr.behr.ca\/consumer\/ColorDetailView\/MQ3-21\/\"><span style=\"text-decoration: underline;\">Chemin du vent<\/span><\/a><\/u><\/em><\/figcaption><\/figure>\n\n\n\n<p><a href=\"https:\/\/fr.behr.ca\/consumer\/ColorDetailView\/M460-4\/\">Pur turquoise<\/a> est la couleur par excellence pour se d\u00e9marquer. Cette couleur est synonyme de plaisir et\u00a0d&#8217;audace.<\/p>\n\n\n\n<figure class=\"wp-block-image size-full\"><img decoding=\"async\" loading=\"lazy\" width=\"1024\" height=\"1536\" src=\"https:\/\/fr.behr.ca\/colourfullybehr\/wp-content\/uploads\/2023\/07\/Pierce039_PureTurquoiseDoor-1024x1536-1.jpg\" alt=\"L'ext\u00e9rieur d'une maison avec la porte d'entr\u00e9e peinte dans la couleur Pur turquoise\" class=\"wp-image-19661\"\/><figcaption class=\"wp-element-caption\"><em>Couleur de la porte<\/em>\u00a0: <em><u><a href=\"https:\/\/fr.behr.ca\/consumer\/ColorDetailView\/M460-4\/\"><span style=\"text-decoration: underline;\">Pur turquoise<\/span><\/a><\/u><\/em><\/figcaption><\/figure>\n\n\n\n<p><a href=\"https:\/\/fr.behr.ca\/consumer\/ColorDetailView\/BLACK\/\">Noir<\/a> et <a href=\"https:\/\/fr.behr.ca\/consumer\/ColorDetailView\/MQ5-54\">Bleu boussole<\/a> sont deux teintes sombres et profondes qui donnent \u00e0 la maison un aspect \u00e0 la fois classique et moderne. Elles conviennent parfaitement \u00e0 la plupart des maisons. Ces deux teintes sont sophistiqu\u00e9es et intemporelles.<\/p>\n\n\n\n<figure class=\"wp-block-image size-full\"><img decoding=\"async\" loading=\"lazy\" width=\"1354\" height=\"1536\" src=\"https:\/\/fr.behr.ca\/colourfullybehr\/wp-content\/uploads\/2023\/07\/BEHR_21.12_PREMIUMAEROSOLS_TC_ENT_CROP_BLACKdoor-1354x1536-1.jpg\" alt=\"L'ext\u00e9rieur d'une maison blanche avec la porte d'entr\u00e9e peinte en noir\" class=\"wp-image-19663\"\/><figcaption class=\"wp-element-caption\"><em>Couleur de la porte<\/em> : <em><u><a href=\"https:\/\/fr.behr.ca\/consumer\/ColorDetailView\/BLACK\/\"><span style=\"text-decoration: underline;\">Noir<\/span><\/a><\/u><\/em><\/figcaption><\/figure>\n\n\n\n<figure class=\"wp-block-image size-full\"><img decoding=\"async\" loading=\"lazy\" width=\"1392\" height=\"1536\" src=\"https:\/\/fr.behr.ca\/colourfullybehr\/wp-content\/uploads\/2023\/07\/1241ParklandPl007_CompassBlueDoor-1392x1536-1.jpg\" alt=\"L'ext\u00e9rieur d'une maison avec brique et bardages en gris et porte d'entr\u00e9e peinte en Bleu boussole\" class=\"wp-image-19665\"\/><figcaption class=\"wp-element-caption\"><em>Couleur de la porte<\/em> : <em><u><a href=\"https:\/\/fr.behr.ca\/consumer\/ColorDetailView\/MQ5-54\"><span style=\"text-decoration: underline;\">Bleu boussole<\/span><\/a><\/u><\/em><\/figcaption><\/figure>\n\n\n\n<p>Pour plus d&#8217;id\u00e9es de couleurs, visitez <a href=\"https:\/\/fr.behr.ca\/consumer\">fr.behr.ca<\/a>.<\/p>\n\n\n\n<p>Vivez en couleur,<br>Larayne<\/p>\n","protected":false},"excerpt":{"rendered":"<p>La couleur de votre porte d&#8217;entr\u00e9e en dit long sur votre maison et est g\u00e9n\u00e9ralement un reflet de votre personnalit\u00e9. Elle cr\u00e9e un impact, ajoute de l&#8217;attrait \u00e0 la fa\u00e7ade et donne le ton de ce qui se trouve \u00e0 l&#8217;int\u00e9rieur. Explorez les pages suivantes pour d\u00e9couvrir ces couleurs de porte populaires et ce qu&#8217;elles [&hellip;]<\/p>\n","protected":false},"author":27,"featured_media":19651,"comment_status":"open","ping_status":"open","sticky":true,"template":"","format":"standard","meta":{"_s2mail":""},"categories":[11],"tags":[1313,1312,1162,1164,1311],"yoast_head":"<!-- This site is optimized with the Yoast SEO plugin v19.14 - https:\/\/yoast.com\/wordpress\/plugins\/seo\/ -->\n<title>Id\u00e9es de couleurs de peinture pour la porte d\u2019entr\u00e9e | Tout en couleur BEHR<\/title>\n<meta name=\"description\" content=\"Trouvez la couleur de porte d&#039;entr\u00e9e qui vous inspire et qui correspond \u00e0 votre style et personnalit\u00e9. Que vous recherchiez un \u00e9clat de couleur ou un fini de bois teint\u00e9, Behr a tout ce qu&#039;il vous faut.\" \/>\n<meta name=\"robots\" content=\"index, follow, max-snippet:-1, max-image-preview:large, max-video-preview:-1\" \/>\n<link rel=\"canonical\" href=\"https:\/\/fr.behr.ca\/colourfullybehr\/couleurs-de-portes-dentree\/\" \/>\n<meta property=\"og:locale\" content=\"en_US\" \/>\n<meta property=\"og:type\" content=\"article\" \/>\n<meta property=\"og:title\" content=\"Id\u00e9es de couleurs de peinture pour la porte d\u2019entr\u00e9e | Tout en couleur BEHR\" \/>\n<meta property=\"og:description\" content=\"Trouvez la couleur de porte d&#039;entr\u00e9e qui vous inspire et qui correspond \u00e0 votre style et personnalit\u00e9. Que vous recherchiez un \u00e9clat de couleur ou un fini de bois teint\u00e9, Behr a tout ce qu&#039;il vous faut.\" \/>\n<meta property=\"og:url\" content=\"https:\/\/fr.behr.ca\/colourfullybehr\/couleurs-de-portes-dentree\/\" \/>\n<meta property=\"og:site_name\" content=\"Tout en couleur, BEHR\" \/>\n<meta property=\"article:published_time\" content=\"2023-07-18T08:00:00+00:00\" \/>\n<meta property=\"article:modified_time\" content=\"2023-07-20T16:27:48+00:00\" \/>\n<meta property=\"og:image\" content=\"https:\/\/fr.behr.ca\/colourfullybehr\/wp-content\/uploads\/2023\/07\/BEHR_21.12_PREMIUMAEROSOLS_TC_ENT_BLACKdoor-1536x1102-1.jpg\" \/>\n\t<meta property=\"og:image:width\" content=\"1536\" \/>\n\t<meta property=\"og:image:height\" content=\"1102\" \/>\n\t<meta property=\"og:image:type\" content=\"image\/jpeg\" \/>\n<meta name=\"author\" content=\"Larayne Boaz\" \/>\n<meta name=\"twitter:label1\" content=\"Written by\" \/>\n\t<meta name=\"twitter:data1\" content=\"Larayne Boaz\" \/>\n\t<meta name=\"twitter:label2\" content=\"Est. reading time\" \/>\n\t<meta name=\"twitter:data2\" content=\"5 minutes\" \/>\n<script type=\"application\/ld+json\" class=\"yoast-schema-graph\">{\"@context\":\"https:\/\/schema.org\",\"@graph\":[{\"@type\":\"Article\",\"@id\":\"https:\/\/fr.behr.ca\/colourfullybehr\/couleurs-de-portes-dentree\/#article\",\"isPartOf\":{\"@id\":\"https:\/\/fr.behr.ca\/colourfullybehr\/couleurs-de-portes-dentree\/\"},\"author\":{\"name\":\"Larayne Boaz\",\"@id\":\"https:\/\/fr.behr.ca\/colourfullybehr\/#\/schema\/person\/de735f5b939e59c6c920667df59ca59c\"},\"headline\":\"COULEURS DE PORTES D\u2019ENTR\u00c9E\",\"datePublished\":\"2023-07-18T08:00:00+00:00\",\"dateModified\":\"2023-07-20T16:27:48+00:00\",\"mainEntityOfPage\":{\"@id\":\"https:\/\/fr.behr.ca\/colourfullybehr\/couleurs-de-portes-dentree\/\"},\"wordCount\":481,\"commentCount\":0,\"publisher\":{\"@id\":\"https:\/\/fr.behr.ca\/colourfullybehr\/#organization\"},\"keywords\":[\"Couleurs de porte\",\"Entr\u00e9e\",\"Ext\u00e9rieur\",\"Inspiration\",\"Porte d\u2019entr\u00e9e\"],\"articleSection\":[\"Couleurs + tendances\"],\"inLanguage\":\"en-US\",\"potentialAction\":[{\"@type\":\"CommentAction\",\"name\":\"Comment\",\"target\":[\"https:\/\/fr.behr.ca\/colourfullybehr\/couleurs-de-portes-dentree\/#respond\"]}]},{\"@type\":\"WebPage\",\"@id\":\"https:\/\/fr.behr.ca\/colourfullybehr\/couleurs-de-portes-dentree\/\",\"url\":\"https:\/\/fr.behr.ca\/colourfullybehr\/couleurs-de-portes-dentree\/\",\"name\":\"Id\u00e9es de couleurs de peinture pour la porte d\u2019entr\u00e9e | Tout en couleur BEHR\",\"isPartOf\":{\"@id\":\"https:\/\/fr.behr.ca\/colourfullybehr\/#website\"},\"datePublished\":\"2023-07-18T08:00:00+00:00\",\"dateModified\":\"2023-07-20T16:27:48+00:00\",\"description\":\"Trouvez la couleur de porte d'entr\u00e9e qui vous inspire et qui correspond \u00e0 votre style et personnalit\u00e9. Que vous recherchiez un \u00e9clat de couleur ou un fini de bois teint\u00e9, Behr a tout ce qu'il vous faut.\",\"inLanguage\":\"en-US\",\"potentialAction\":[{\"@type\":\"ReadAction\",\"target\":[\"https:\/\/fr.behr.ca\/colourfullybehr\/couleurs-de-portes-dentree\/\"]}]},{\"@type\":\"WebSite\",\"@id\":\"https:\/\/fr.behr.ca\/colourfullybehr\/#website\",\"url\":\"https:\/\/fr.behr.ca\/colourfullybehr\/\",\"name\":\"Tout en couleur, BEHR\",\"description\":\"\",\"publisher\":{\"@id\":\"https:\/\/fr.behr.ca\/colourfullybehr\/#organization\"},\"potentialAction\":[{\"@type\":\"SearchAction\",\"target\":{\"@type\":\"EntryPoint\",\"urlTemplate\":\"https:\/\/fr.behr.ca\/colourfullybehr\/?s={search_term_string}\"},\"query-input\":\"required name=search_term_string\"}],\"inLanguage\":\"en-US\"},{\"@type\":\"Organization\",\"@id\":\"https:\/\/fr.behr.ca\/colourfullybehr\/#organization\",\"name\":\"Tout en couleur, BEHR\",\"url\":\"https:\/\/fr.behr.ca\/colourfullybehr\/\",\"logo\":{\"@type\":\"ImageObject\",\"inLanguage\":\"en-US\",\"@id\":\"https:\/\/fr.behr.ca\/colourfullybehr\/#\/schema\/logo\/image\/\",\"url\":\"https:\/\/fr.behr.ca\/colourfullybehr\/wp-content\/uploads\/2021\/10\/colourfully-behr-logo-fr.png\",\"contentUrl\":\"https:\/\/fr.behr.ca\/colourfullybehr\/wp-content\/uploads\/2021\/10\/colourfully-behr-logo-fr.png\",\"width\":1000,\"height\":248,\"caption\":\"Tout en couleur, BEHR\"},\"image\":{\"@id\":\"https:\/\/fr.behr.ca\/colourfullybehr\/#\/schema\/logo\/image\/\"}},{\"@type\":\"Person\",\"@id\":\"https:\/\/fr.behr.ca\/colourfullybehr\/#\/schema\/person\/de735f5b939e59c6c920667df59ca59c\",\"name\":\"Larayne Boaz\",\"image\":{\"@type\":\"ImageObject\",\"inLanguage\":\"en-US\",\"@id\":\"https:\/\/fr.behr.ca\/colourfullybehr\/#\/schema\/person\/image\/\",\"url\":\"https:\/\/secure.gravatar.com\/avatar\/6944f6a1653829c632e551dfb8ed9377?s=96&d=mm&r=g\",\"contentUrl\":\"https:\/\/secure.gravatar.com\/avatar\/6944f6a1653829c632e551dfb8ed9377?s=96&d=mm&r=g\",\"caption\":\"Larayne Boaz\"},\"url\":\"https:\/\/fr.behr.ca\/colourfullybehr\/author\/lboaz\/\"}]}<\/script>\n<!-- \/ Yoast SEO plugin. -->","yoast_head_json":{"title":"Id\u00e9es de couleurs de peinture pour la porte d\u2019entr\u00e9e | Tout en couleur BEHR","description":"Trouvez la couleur de porte d'entr\u00e9e qui vous inspire et qui correspond \u00e0 votre style et personnalit\u00e9. Que vous recherchiez un \u00e9clat de couleur ou un fini de bois teint\u00e9, Behr a tout ce qu'il vous faut.","robots":{"index":"index","follow":"follow","max-snippet":"max-snippet:-1","max-image-preview":"max-image-preview:large","max-video-preview":"max-video-preview:-1"},"canonical":"https:\/\/fr.behr.ca\/colourfullybehr\/couleurs-de-portes-dentree\/","og_locale":"en_US","og_type":"article","og_title":"Id\u00e9es de couleurs de peinture pour la porte d\u2019entr\u00e9e | Tout en couleur BEHR","og_description":"Trouvez la couleur de porte d'entr\u00e9e qui vous inspire et qui correspond \u00e0 votre style et personnalit\u00e9. Que vous recherchiez un \u00e9clat de couleur ou un fini de bois teint\u00e9, Behr a tout ce qu'il vous faut.","og_url":"https:\/\/fr.behr.ca\/colourfullybehr\/couleurs-de-portes-dentree\/","og_site_name":"Tout en couleur, BEHR","article_published_time":"2023-07-18T08:00:00+00:00","article_modified_time":"2023-07-20T16:27:48+00:00","og_image":[{"width":1536,"height":1102,"url":"https:\/\/fr.behr.ca\/colourfullybehr\/wp-content\/uploads\/2023\/07\/BEHR_21.12_PREMIUMAEROSOLS_TC_ENT_BLACKdoor-1536x1102-1.jpg","type":"image\/jpeg"}],"author":"Larayne Boaz","twitter_misc":{"Written by":"Larayne Boaz","Est. reading time":"5 minutes"},"schema":{"@context":"https:\/\/schema.org","@graph":[{"@type":"Article","@id":"https:\/\/fr.behr.ca\/colourfullybehr\/couleurs-de-portes-dentree\/#article","isPartOf":{"@id":"https:\/\/fr.behr.ca\/colourfullybehr\/couleurs-de-portes-dentree\/"},"author":{"name":"Larayne Boaz","@id":"https:\/\/fr.behr.ca\/colourfullybehr\/#\/schema\/person\/de735f5b939e59c6c920667df59ca59c"},"headline":"COULEURS DE PORTES D\u2019ENTR\u00c9E","datePublished":"2023-07-18T08:00:00+00:00","dateModified":"2023-07-20T16:27:48+00:00","mainEntityOfPage":{"@id":"https:\/\/fr.behr.ca\/colourfullybehr\/couleurs-de-portes-dentree\/"},"wordCount":481,"commentCount":0,"publisher":{"@id":"https:\/\/fr.behr.ca\/colourfullybehr\/#organization"},"keywords":["Couleurs de porte","Entr\u00e9e","Ext\u00e9rieur","Inspiration","Porte d\u2019entr\u00e9e"],"articleSection":["Couleurs + tendances"],"inLanguage":"en-US","potentialAction":[{"@type":"CommentAction","name":"Comment","target":["https:\/\/fr.behr.ca\/colourfullybehr\/couleurs-de-portes-dentree\/#respond"]}]},{"@type":"WebPage","@id":"https:\/\/fr.behr.ca\/colourfullybehr\/couleurs-de-portes-dentree\/","url":"https:\/\/fr.behr.ca\/colourfullybehr\/couleurs-de-portes-dentree\/","name":"Id\u00e9es de couleurs de peinture pour la porte d\u2019entr\u00e9e | Tout en couleur BEHR","isPartOf":{"@id":"https:\/\/fr.behr.ca\/colourfullybehr\/#website"},"datePublished":"2023-07-18T08:00:00+00:00","dateModified":"2023-07-20T16:27:48+00:00","description":"Trouvez la couleur de porte d'entr\u00e9e qui vous inspire et qui correspond \u00e0 votre style et personnalit\u00e9. Que vous recherchiez un \u00e9clat de couleur ou un fini de bois teint\u00e9, Behr a tout ce qu'il vous faut.","inLanguage":"en-US","potentialAction":[{"@type":"ReadAction","target":["https:\/\/fr.behr.ca\/colourfullybehr\/couleurs-de-portes-dentree\/"]}]},{"@type":"WebSite","@id":"https:\/\/fr.behr.ca\/colourfullybehr\/#website","url":"https:\/\/fr.behr.ca\/colourfullybehr\/","name":"Tout en couleur, BEHR","description":"","publisher":{"@id":"https:\/\/fr.behr.ca\/colourfullybehr\/#organization"},"potentialAction":[{"@type":"SearchAction","target":{"@type":"EntryPoint","urlTemplate":"https:\/\/fr.behr.ca\/colourfullybehr\/?s={search_term_string}"},"query-input":"required name=search_term_string"}],"inLanguage":"en-US"},{"@type":"Organization","@id":"https:\/\/fr.behr.ca\/colourfullybehr\/#organization","name":"Tout en couleur, BEHR","url":"https:\/\/fr.behr.ca\/colourfullybehr\/","logo":{"@type":"ImageObject","inLanguage":"en-US","@id":"https:\/\/fr.behr.ca\/colourfullybehr\/#\/schema\/logo\/image\/","url":"https:\/\/fr.behr.ca\/colourfullybehr\/wp-content\/uploads\/2021\/10\/colourfully-behr-logo-fr.png","contentUrl":"https:\/\/fr.behr.ca\/colourfullybehr\/wp-content\/uploads\/2021\/10\/colourfully-behr-logo-fr.png","width":1000,"height":248,"caption":"Tout en couleur, BEHR"},"image":{"@id":"https:\/\/fr.behr.ca\/colourfullybehr\/#\/schema\/logo\/image\/"}},{"@type":"Person","@id":"https:\/\/fr.behr.ca\/colourfullybehr\/#\/schema\/person\/de735f5b939e59c6c920667df59ca59c","name":"Larayne Boaz","image":{"@type":"ImageObject","inLanguage":"en-US","@id":"https:\/\/fr.behr.ca\/colourfullybehr\/#\/schema\/person\/image\/","url":"https:\/\/secure.gravatar.com\/avatar\/6944f6a1653829c632e551dfb8ed9377?s=96&d=mm&r=g","contentUrl":"https:\/\/secure.gravatar.com\/avatar\/6944f6a1653829c632e551dfb8ed9377?s=96&d=mm&r=g","caption":"Larayne Boaz"},"url":"https:\/\/fr.behr.ca\/colourfullybehr\/author\/lboaz\/"}]}},"_links":{"self":[{"href":"https:\/\/fr.behr.ca\/colourfullybehr\/wp-json\/wp\/v2\/posts\/19650"}],"collection":[{"href":"https:\/\/fr.behr.ca\/colourfullybehr\/wp-json\/wp\/v2\/posts"}],"about":[{"href":"https:\/\/fr.behr.ca\/colourfullybehr\/wp-json\/wp\/v2\/types\/post"}],"author":[{"embeddable":true,"href":"https:\/\/fr.behr.ca\/colourfullybehr\/wp-json\/wp\/v2\/users\/27"}],"replies":[{"embeddable":true,"href":"https:\/\/fr.behr.ca\/colourfullybehr\/wp-json\/wp\/v2\/comments?post=19650"}],"version-history":[{"count":5,"href":"https:\/\/fr.behr.ca\/colourfullybehr\/wp-json\/wp\/v2\/posts\/19650\/revisions"}],"predecessor-version":[{"id":19673,"href":"https:\/\/fr.behr.ca\/colourfullybehr\/wp-json\/wp\/v2\/posts\/19650\/revisions\/19673"}],"wp:featuredmedia":[{"embeddable":true,"href":"https:\/\/fr.behr.ca\/colourfullybehr\/wp-json\/wp\/v2\/media\/19651"}],"wp:attachment":[{"href":"https:\/\/fr.behr.ca\/colourfullybehr\/wp-json\/wp\/v2\/media?parent=19650"}],"wp:term":[{"taxonomy":"category","embeddable":true,"href":"https:\/\/fr.behr.ca\/colourfullybehr\/wp-json\/wp\/v2\/categories?post=19650"},{"taxonomy":"post_tag","embeddable":true,"href":"https:\/\/fr.behr.ca\/colourfullybehr\/wp-json\/wp\/v2\/tags?post=19650"}],"curies":[{"name":"wp","href":"https:\/\/api.w.org\/{rel}","templated":true}]}}