{"id":19867,"date":"2024-01-16T08:00:00","date_gmt":"2024-01-16T08:00:00","guid":{"rendered":"https:\/\/fr.behr.ca\/colourfullybehr\/?p=19867"},"modified":"2024-01-16T15:20:48","modified_gmt":"2024-01-16T15:20:48","slug":"nouvelle-annee-nouveaux-espaces","status":"publish","type":"post","link":"https:\/\/fr.behr.ca\/colourfullybehr\/nouvelle-annee-nouveaux-espaces\/","title":{"rendered":"NOUVELLE ANN\u00c9E, NOUVEAUX ESPACES"},"content":{"rendered":"\n<figure class=\"wp-block-image size-full\"><img decoding=\"async\" loading=\"lazy\" width=\"6265\" height=\"4177\" src=\"https:\/\/fr.behr.ca\/colourfullybehr\/wp-content\/uploads\/2024\/01\/BEHR_22.03_COTY_LIVINGROOM_KM_001_WinterScape.jpg\" alt=\"Un salon lumineux aux murs peints en bleu clair, agr\u00e9ment\u00e9 d'un mobilier et d\u00e9cor blancs et neutres\" class=\"wp-image-19868\"\/><\/figure>\n\n\n\n<p>C&#8217;est une nouvelle ann\u00e9e et le meilleur moment pour apporter des changements \u00e0 votre maison. Commencez par cr\u00e9er un tableau de style. Rassemblez les couleurs et images des espaces dont vous avez toujours r\u00eav\u00e9. Une fois que vous avez une vision d&#8217;ensemble, appliquez-la \u00e0 votre maison. Allez-y une pi\u00e8ce \u00e0 la fois et faites de chaque mois un pas vers la maison de vos r\u00eaves. Laissez-vous inspirer par les couleurs Behr ci-dessous.<\/p>\n\n\n\n<figure class=\"wp-block-image size-full\"><img decoding=\"async\" loading=\"lazy\" width=\"744\" height=\"609\" src=\"https:\/\/fr.behr.ca\/colourfullybehr\/wp-content\/uploads\/2024\/01\/New-Year-New-Spaces-Color-Palette-FR.png\" alt=\"Une palette de six couleurs \u2013 Caf\u00e9 parisien, Neige qui tombe, Aventurier, Paysage d\u2019hiver, Bleu Provence et C\u00e9l\u00e9bration\" class=\"wp-image-19880\"\/><\/figure>\n\n\n\n<p>Un espace ext\u00e9rieur o\u00f9 vous appr\u00e9ciez \u00eatre dehors en bonne compagnie rendra cette ann\u00e9e encore plus sp\u00e9ciale. <a href=\"https:\/\/fr.behr.ca\/consumer\/ColorDetailView\/MQ2-33\">Caf\u00e9 parisien<\/a>, un taupe-mauve \u00e9l\u00e9gant, cr\u00e9e un environnement tendance pour votre v\u00e9randa tout au long de l&#8217;ann\u00e9e. Une balan\u00e7oire suspendue invite \u00e0 la conversation. Pendant les mois les plus frais, une couverture suppl\u00e9mentaire ou une chaufferette suffisent pour savourer votre caf\u00e9 du matin dans ce coin paisible et d\u00e9tendu.<\/p>\n\n\n\n<figure class=\"wp-block-image size-full\"><img decoding=\"async\" loading=\"lazy\" width=\"4269\" height=\"5882\" src=\"https:\/\/fr.behr.ca\/colourfullybehr\/wp-content\/uploads\/2024\/01\/BEHR_21.05_COLORTRENDS_THS_PORCH_001_Final_ParisianCafe.jpg\" alt=\"Une v\u00e9randa aux murs peints en taupe-mauve, agr\u00e9ment\u00e9e d'une balan\u00e7oire suspendue et d'un tapis \u00e0 rayures\" class=\"wp-image-19869\"\/><\/figure>\n\n\n\n<p>Les murs au ton pur et frais, associ\u00e9s \u00e0 un style simpliste, donnent au salon une impression d&#8217;a\u00e9ration et de convivialit\u00e9. Les meubles blancs, les \u00e9l\u00e9ments naturels et la texture du tapis apportent un \u00e9quilibre au bleu clair argent\u00e9 de <a href=\"https:\/\/fr.behr.ca\/consumer\/ColorDetailView\/M480-2A\">Paysage d\u2019hiver<\/a>. Le vert des plantes ajoute juste ce qu&#8217;il faut de chaleur pour que l&#8217;espace reste accueillant.<\/p>\n\n\n\n<figure class=\"wp-block-image size-full\"><img decoding=\"async\" loading=\"lazy\" width=\"6265\" height=\"4177\" src=\"https:\/\/fr.behr.ca\/colourfullybehr\/wp-content\/uploads\/2024\/01\/BEHR_22.03_COTY_LIVINGROOM_KM_001_WinterScape.jpg\" alt=\"Un salon lumineux aux murs peints en bleu clair, agr\u00e9ment\u00e9 d'un mobilier et d\u00e9cor blancs et neutres\" class=\"wp-image-19868\"\/><\/figure>\n\n\n\n<p>La chambre s&#8217;\u00e9panouit avec une touche chaleureuse d&#8217;\u00e9nergie et de gaiet\u00e9. Le ton moutarde vif de <a href=\"https:\/\/fr.behr.ca\/consumer\/ColorDetailView\/MQ4-13A\">C\u00e9l\u00e9bration<\/a> utilis\u00e9 sur le mur de la t\u00eate de lit a un impact important dans la pi\u00e8ce. Le blanc chaud, plus calme, est l\u2019\u00e9l\u00e9ment douillet n\u00e9cessaire \u00e0 la cr\u00e9ation d&#8217;une atmosph\u00e8re d\u00e9tendue. La combinaison est dynamique et fra\u00eeche.<\/p>\n\n\n\n<figure class=\"wp-block-image size-full\"><img decoding=\"async\" loading=\"lazy\" width=\"5458\" height=\"3235\" src=\"https:\/\/fr.behr.ca\/colourfullybehr\/wp-content\/uploads\/2024\/01\/BEHR_22.03_TRENDS_BEDROOM2_006_Celebration.jpg\" alt=\"Une chambre remplie de lumi\u00e8re avec la t\u00eate de lit peinte en moutarde vif \" class=\"wp-image-19871\"\/><\/figure>\n\n\n\n<p>Le bleu-vert moyen et poudreux de <a href=\"https:\/\/fr.behr.ca\/consumer\/ColorDetailView\/HDC-AC-23\">Bleu Provence<\/a> cr\u00e9e une ambiance paisible et pr\u00e9serve la simplicit\u00e9 de la petite salle de bain. Le lavabo flottant ajoute un \u00e9l\u00e9ment de design. Dans ce petit espace, l&#8217;aspect minimaliste contribue \u00e0 donner une impression d&#8217;ouverture et de propret\u00e9.<\/p>\n\n\n\n<figure class=\"wp-block-image size-full\"><img decoding=\"async\" loading=\"lazy\" width=\"3687\" height=\"3790\" src=\"https:\/\/fr.behr.ca\/colourfullybehr\/wp-content\/uploads\/2024\/01\/BEHR_22.03_TRENDS_BATHROOM_KM_ProvenceBlue.jpg\" alt=\"Une salle de bain moderne avec un lavabo flottant et un mur d'accent peint dans une couleur vert-bleu poudreux\" class=\"wp-image-19874\"\/><\/figure>\n\n\n\n<p>Am\u00e9nagez un espace qui vous est r\u00e9serv\u00e9. Un coin confortable et tranquille pour se d\u00e9tendre avec un bon livre. <a href=\"https:\/\/fr.behr.ca\/consumer\/ColorDetailView\/N330-7\">Aventurier<\/a> est une teinte brun olive sombre et intense qui rappelle les histoires de voyageurs audacieux, les destinations exotiques et le sentiment de s\u00e9curit\u00e9 que le retour \u00e0 la maison apporte. La teinte id\u00e9ale pour se d\u00e9tendre et s&#8217;\u00e9vader.<\/p>\n\n\n\n<figure class=\"wp-block-image size-full\"><img decoding=\"async\" loading=\"lazy\" width=\"5006\" height=\"3413\" src=\"https:\/\/fr.behr.ca\/colourfullybehr\/wp-content\/uploads\/2024\/01\/BEHR_21.03_BLOG_MIDSTU_NOOK_AP9Y1073_Adventurer.jpg\" alt=\"Un coin de lecture et de d\u00e9tente confortable pr\u00e8s d'une grande fen\u00eatre avec coussins et couvertures et des murs peints en brun olive fonc\u00e9\" class=\"wp-image-19876\"\/><\/figure>\n\n\n\n<p><a href=\"https:\/\/fr.behr.ca\/consumer\/ColorDetailView\/PPU18-07\">Neige qui tombe<\/a> incarne la douce \u00e9treinte d&#8217;un blanc hivernal frais rehauss\u00e9 d&#8217;une petite touche de vert. Cette teinte s&#8217;associe bien \u00e0 la nature pour cr\u00e9er un havre de paix dans la cour arri\u00e8re. Cr\u00e9ez un espace que vous aimez avec un foyer chaleureux et des chaises confortables.<\/p>\n\n\n\n<figure class=\"wp-block-image size-full\"><img decoding=\"async\" loading=\"lazy\" width=\"4246\" height=\"2356\" src=\"https:\/\/fr.behr.ca\/colourfullybehr\/wp-content\/uploads\/2024\/01\/BEHR_22.08_DYNASTYEXTERIOR_CU_765NMARVISTAAVE_010_FallingSnow.jpg\" alt=\"L'ext\u00e9rieur d'une maison dont les murs sont peints en blanc d\u2019hiver, avec un foyer et un coin salon dans la cour arri\u00e8re\" class=\"wp-image-19877\"\/><\/figure>\n\n\n\n<p>Pour plus d\u2019inspiration et options de couleurs pour votre maison, visitez <a href=\"https:\/\/fr.behr.ca\/consumer\">fr.behr.ca<\/a>.<\/p>\n\n\n\n<p>Vivez en couleur,<br>Larayne<\/p>\n","protected":false},"excerpt":{"rendered":"<p>C&#8217;est une nouvelle ann\u00e9e et le meilleur moment pour apporter des changements \u00e0 votre maison. Commencez par cr\u00e9er un tableau de style. Rassemblez les couleurs et images des espaces dont vous avez toujours r\u00eav\u00e9. Une fois que vous avez une vision d&#8217;ensemble, appliquez-la \u00e0 votre maison. Allez-y une pi\u00e8ce \u00e0 la fois et faites de [&hellip;]<\/p>\n","protected":false},"author":27,"featured_media":19868,"comment_status":"open","ping_status":"open","sticky":true,"template":"","format":"standard","meta":{"_s2mail":""},"categories":[11],"tags":[1239,1269,1228,1344,1270,1208,1261,1343],"yoast_head":"<!-- This site is optimized with the Yoast SEO plugin v19.14 - https:\/\/yoast.com\/wordpress\/plugins\/seo\/ -->\n<title>Nouvelle ann\u00e9e, nouveaux espaces \u2013 Palette de couleurs lumineuses | Tout en BEHR<\/title>\n<meta name=\"description\" content=\"C&#039;est une nouvelle ann\u00e9e, le moment id\u00e9al pour rafra\u00eechir vos espaces ! Explorez cette palette de couleurs de peinture lumineuses, compos\u00e9e de neutres chauds et de touches de couleurs vives.\" \/>\n<meta name=\"robots\" content=\"index, follow, max-snippet:-1, max-image-preview:large, max-video-preview:-1\" \/>\n<link rel=\"canonical\" href=\"https:\/\/fr.behr.ca\/colourfullybehr\/nouvelle-annee-nouveaux-espaces\/\" \/>\n<meta property=\"og:locale\" content=\"en_US\" \/>\n<meta property=\"og:type\" content=\"article\" \/>\n<meta property=\"og:title\" content=\"Nouvelle ann\u00e9e, nouveaux espaces \u2013 Palette de couleurs lumineuses | Tout en BEHR\" \/>\n<meta property=\"og:description\" content=\"C&#039;est une nouvelle ann\u00e9e, le moment id\u00e9al pour rafra\u00eechir vos espaces ! Explorez cette palette de couleurs de peinture lumineuses, compos\u00e9e de neutres chauds et de touches de couleurs vives.\" \/>\n<meta property=\"og:url\" content=\"https:\/\/fr.behr.ca\/colourfullybehr\/nouvelle-annee-nouveaux-espaces\/\" \/>\n<meta property=\"og:site_name\" content=\"Tout en couleur, BEHR\" \/>\n<meta property=\"article:published_time\" content=\"2024-01-16T08:00:00+00:00\" \/>\n<meta property=\"article:modified_time\" content=\"2024-01-16T15:20:48+00:00\" \/>\n<meta name=\"author\" content=\"Larayne Boaz\" \/>\n<meta name=\"twitter:label1\" content=\"Written by\" \/>\n\t<meta name=\"twitter:data1\" content=\"Larayne Boaz\" \/>\n\t<meta name=\"twitter:label2\" content=\"Est. reading time\" \/>\n\t<meta name=\"twitter:data2\" content=\"4 minutes\" \/>\n<script type=\"application\/ld+json\" class=\"yoast-schema-graph\">{\"@context\":\"https:\/\/schema.org\",\"@graph\":[{\"@type\":\"Article\",\"@id\":\"https:\/\/fr.behr.ca\/colourfullybehr\/nouvelle-annee-nouveaux-espaces\/#article\",\"isPartOf\":{\"@id\":\"https:\/\/fr.behr.ca\/colourfullybehr\/nouvelle-annee-nouveaux-espaces\/\"},\"author\":{\"name\":\"Larayne Boaz\",\"@id\":\"https:\/\/fr.behr.ca\/colourfullybehr\/#\/schema\/person\/de735f5b939e59c6c920667df59ca59c\"},\"headline\":\"NOUVELLE ANN\u00c9E, NOUVEAUX ESPACES\",\"datePublished\":\"2024-01-16T08:00:00+00:00\",\"dateModified\":\"2024-01-16T15:20:48+00:00\",\"mainEntityOfPage\":{\"@id\":\"https:\/\/fr.behr.ca\/colourfullybehr\/nouvelle-annee-nouveaux-espaces\/\"},\"wordCount\":462,\"commentCount\":0,\"publisher\":{\"@id\":\"https:\/\/fr.behr.ca\/colourfullybehr\/#organization\"},\"keywords\":[\"Chaleureux\",\"Frais\",\"Hiver\",\"Inspiration couleur\",\"Inspiration pour pi\u00e8ce\",\"Invitant\",\"Lumineux\",\"Nouvelle ann\u00e9e\"],\"articleSection\":[\"Couleurs + tendances\"],\"inLanguage\":\"en-US\",\"potentialAction\":[{\"@type\":\"CommentAction\",\"name\":\"Comment\",\"target\":[\"https:\/\/fr.behr.ca\/colourfullybehr\/nouvelle-annee-nouveaux-espaces\/#respond\"]}]},{\"@type\":\"WebPage\",\"@id\":\"https:\/\/fr.behr.ca\/colourfullybehr\/nouvelle-annee-nouveaux-espaces\/\",\"url\":\"https:\/\/fr.behr.ca\/colourfullybehr\/nouvelle-annee-nouveaux-espaces\/\",\"name\":\"Nouvelle ann\u00e9e, nouveaux espaces \u2013 Palette de couleurs lumineuses | Tout en BEHR\",\"isPartOf\":{\"@id\":\"https:\/\/fr.behr.ca\/colourfullybehr\/#website\"},\"datePublished\":\"2024-01-16T08:00:00+00:00\",\"dateModified\":\"2024-01-16T15:20:48+00:00\",\"description\":\"C'est une nouvelle ann\u00e9e, le moment id\u00e9al pour rafra\u00eechir vos espaces ! Explorez cette palette de couleurs de peinture lumineuses, compos\u00e9e de neutres chauds et de touches de couleurs vives.\",\"inLanguage\":\"en-US\",\"potentialAction\":[{\"@type\":\"ReadAction\",\"target\":[\"https:\/\/fr.behr.ca\/colourfullybehr\/nouvelle-annee-nouveaux-espaces\/\"]}]},{\"@type\":\"WebSite\",\"@id\":\"https:\/\/fr.behr.ca\/colourfullybehr\/#website\",\"url\":\"https:\/\/fr.behr.ca\/colourfullybehr\/\",\"name\":\"Tout en couleur, BEHR\",\"description\":\"\",\"publisher\":{\"@id\":\"https:\/\/fr.behr.ca\/colourfullybehr\/#organization\"},\"potentialAction\":[{\"@type\":\"SearchAction\",\"target\":{\"@type\":\"EntryPoint\",\"urlTemplate\":\"https:\/\/fr.behr.ca\/colourfullybehr\/?s={search_term_string}\"},\"query-input\":\"required name=search_term_string\"}],\"inLanguage\":\"en-US\"},{\"@type\":\"Organization\",\"@id\":\"https:\/\/fr.behr.ca\/colourfullybehr\/#organization\",\"name\":\"Tout en couleur, BEHR\",\"url\":\"https:\/\/fr.behr.ca\/colourfullybehr\/\",\"logo\":{\"@type\":\"ImageObject\",\"inLanguage\":\"en-US\",\"@id\":\"https:\/\/fr.behr.ca\/colourfullybehr\/#\/schema\/logo\/image\/\",\"url\":\"https:\/\/fr.behr.ca\/colourfullybehr\/wp-content\/uploads\/2021\/10\/colourfully-behr-logo-fr.png\",\"contentUrl\":\"https:\/\/fr.behr.ca\/colourfullybehr\/wp-content\/uploads\/2021\/10\/colourfully-behr-logo-fr.png\",\"width\":1000,\"height\":248,\"caption\":\"Tout en couleur, BEHR\"},\"image\":{\"@id\":\"https:\/\/fr.behr.ca\/colourfullybehr\/#\/schema\/logo\/image\/\"}},{\"@type\":\"Person\",\"@id\":\"https:\/\/fr.behr.ca\/colourfullybehr\/#\/schema\/person\/de735f5b939e59c6c920667df59ca59c\",\"name\":\"Larayne Boaz\",\"image\":{\"@type\":\"ImageObject\",\"inLanguage\":\"en-US\",\"@id\":\"https:\/\/fr.behr.ca\/colourfullybehr\/#\/schema\/person\/image\/\",\"url\":\"https:\/\/secure.gravatar.com\/avatar\/6944f6a1653829c632e551dfb8ed9377?s=96&d=mm&r=g\",\"contentUrl\":\"https:\/\/secure.gravatar.com\/avatar\/6944f6a1653829c632e551dfb8ed9377?s=96&d=mm&r=g\",\"caption\":\"Larayne Boaz\"},\"url\":\"https:\/\/fr.behr.ca\/colourfullybehr\/author\/lboaz\/\"}]}<\/script>\n<!-- \/ Yoast SEO plugin. -->","yoast_head_json":{"title":"Nouvelle ann\u00e9e, nouveaux espaces \u2013 Palette de couleurs lumineuses | Tout en BEHR","description":"C'est une nouvelle ann\u00e9e, le moment id\u00e9al pour rafra\u00eechir vos espaces ! Explorez cette palette de couleurs de peinture lumineuses, compos\u00e9e de neutres chauds et de touches de couleurs vives.","robots":{"index":"index","follow":"follow","max-snippet":"max-snippet:-1","max-image-preview":"max-image-preview:large","max-video-preview":"max-video-preview:-1"},"canonical":"https:\/\/fr.behr.ca\/colourfullybehr\/nouvelle-annee-nouveaux-espaces\/","og_locale":"en_US","og_type":"article","og_title":"Nouvelle ann\u00e9e, nouveaux espaces \u2013 Palette de couleurs lumineuses | Tout en BEHR","og_description":"C'est une nouvelle ann\u00e9e, le moment id\u00e9al pour rafra\u00eechir vos espaces ! Explorez cette palette de couleurs de peinture lumineuses, compos\u00e9e de neutres chauds et de touches de couleurs vives.","og_url":"https:\/\/fr.behr.ca\/colourfullybehr\/nouvelle-annee-nouveaux-espaces\/","og_site_name":"Tout en couleur, BEHR","article_published_time":"2024-01-16T08:00:00+00:00","article_modified_time":"2024-01-16T15:20:48+00:00","author":"Larayne Boaz","twitter_misc":{"Written by":"Larayne Boaz","Est. reading time":"4 minutes"},"schema":{"@context":"https:\/\/schema.org","@graph":[{"@type":"Article","@id":"https:\/\/fr.behr.ca\/colourfullybehr\/nouvelle-annee-nouveaux-espaces\/#article","isPartOf":{"@id":"https:\/\/fr.behr.ca\/colourfullybehr\/nouvelle-annee-nouveaux-espaces\/"},"author":{"name":"Larayne Boaz","@id":"https:\/\/fr.behr.ca\/colourfullybehr\/#\/schema\/person\/de735f5b939e59c6c920667df59ca59c"},"headline":"NOUVELLE ANN\u00c9E, NOUVEAUX ESPACES","datePublished":"2024-01-16T08:00:00+00:00","dateModified":"2024-01-16T15:20:48+00:00","mainEntityOfPage":{"@id":"https:\/\/fr.behr.ca\/colourfullybehr\/nouvelle-annee-nouveaux-espaces\/"},"wordCount":462,"commentCount":0,"publisher":{"@id":"https:\/\/fr.behr.ca\/colourfullybehr\/#organization"},"keywords":["Chaleureux","Frais","Hiver","Inspiration couleur","Inspiration pour pi\u00e8ce","Invitant","Lumineux","Nouvelle ann\u00e9e"],"articleSection":["Couleurs + tendances"],"inLanguage":"en-US","potentialAction":[{"@type":"CommentAction","name":"Comment","target":["https:\/\/fr.behr.ca\/colourfullybehr\/nouvelle-annee-nouveaux-espaces\/#respond"]}]},{"@type":"WebPage","@id":"https:\/\/fr.behr.ca\/colourfullybehr\/nouvelle-annee-nouveaux-espaces\/","url":"https:\/\/fr.behr.ca\/colourfullybehr\/nouvelle-annee-nouveaux-espaces\/","name":"Nouvelle ann\u00e9e, nouveaux espaces \u2013 Palette de couleurs lumineuses | Tout en BEHR","isPartOf":{"@id":"https:\/\/fr.behr.ca\/colourfullybehr\/#website"},"datePublished":"2024-01-16T08:00:00+00:00","dateModified":"2024-01-16T15:20:48+00:00","description":"C'est une nouvelle ann\u00e9e, le moment id\u00e9al pour rafra\u00eechir vos espaces ! Explorez cette palette de couleurs de peinture lumineuses, compos\u00e9e de neutres chauds et de touches de couleurs vives.","inLanguage":"en-US","potentialAction":[{"@type":"ReadAction","target":["https:\/\/fr.behr.ca\/colourfullybehr\/nouvelle-annee-nouveaux-espaces\/"]}]},{"@type":"WebSite","@id":"https:\/\/fr.behr.ca\/colourfullybehr\/#website","url":"https:\/\/fr.behr.ca\/colourfullybehr\/","name":"Tout en couleur, BEHR","description":"","publisher":{"@id":"https:\/\/fr.behr.ca\/colourfullybehr\/#organization"},"potentialAction":[{"@type":"SearchAction","target":{"@type":"EntryPoint","urlTemplate":"https:\/\/fr.behr.ca\/colourfullybehr\/?s={search_term_string}"},"query-input":"required name=search_term_string"}],"inLanguage":"en-US"},{"@type":"Organization","@id":"https:\/\/fr.behr.ca\/colourfullybehr\/#organization","name":"Tout en couleur, BEHR","url":"https:\/\/fr.behr.ca\/colourfullybehr\/","logo":{"@type":"ImageObject","inLanguage":"en-US","@id":"https:\/\/fr.behr.ca\/colourfullybehr\/#\/schema\/logo\/image\/","url":"https:\/\/fr.behr.ca\/colourfullybehr\/wp-content\/uploads\/2021\/10\/colourfully-behr-logo-fr.png","contentUrl":"https:\/\/fr.behr.ca\/colourfullybehr\/wp-content\/uploads\/2021\/10\/colourfully-behr-logo-fr.png","width":1000,"height":248,"caption":"Tout en couleur, BEHR"},"image":{"@id":"https:\/\/fr.behr.ca\/colourfullybehr\/#\/schema\/logo\/image\/"}},{"@type":"Person","@id":"https:\/\/fr.behr.ca\/colourfullybehr\/#\/schema\/person\/de735f5b939e59c6c920667df59ca59c","name":"Larayne Boaz","image":{"@type":"ImageObject","inLanguage":"en-US","@id":"https:\/\/fr.behr.ca\/colourfullybehr\/#\/schema\/person\/image\/","url":"https:\/\/secure.gravatar.com\/avatar\/6944f6a1653829c632e551dfb8ed9377?s=96&d=mm&r=g","contentUrl":"https:\/\/secure.gravatar.com\/avatar\/6944f6a1653829c632e551dfb8ed9377?s=96&d=mm&r=g","caption":"Larayne Boaz"},"url":"https:\/\/fr.behr.ca\/colourfullybehr\/author\/lboaz\/"}]}},"_links":{"self":[{"href":"https:\/\/fr.behr.ca\/colourfullybehr\/wp-json\/wp\/v2\/posts\/19867"}],"collection":[{"href":"https:\/\/fr.behr.ca\/colourfullybehr\/wp-json\/wp\/v2\/posts"}],"about":[{"href":"https:\/\/fr.behr.ca\/colourfullybehr\/wp-json\/wp\/v2\/types\/post"}],"author":[{"embeddable":true,"href":"https:\/\/fr.behr.ca\/colourfullybehr\/wp-json\/wp\/v2\/users\/27"}],"replies":[{"embeddable":true,"href":"https:\/\/fr.behr.ca\/colourfullybehr\/wp-json\/wp\/v2\/comments?post=19867"}],"version-history":[{"count":4,"href":"https:\/\/fr.behr.ca\/colourfullybehr\/wp-json\/wp\/v2\/posts\/19867\/revisions"}],"predecessor-version":[{"id":19882,"href":"https:\/\/fr.behr.ca\/colourfullybehr\/wp-json\/wp\/v2\/posts\/19867\/revisions\/19882"}],"wp:featuredmedia":[{"embeddable":true,"href":"https:\/\/fr.behr.ca\/colourfullybehr\/wp-json\/wp\/v2\/media\/19868"}],"wp:attachment":[{"href":"https:\/\/fr.behr.ca\/colourfullybehr\/wp-json\/wp\/v2\/media?parent=19867"}],"wp:term":[{"taxonomy":"category","embeddable":true,"href":"https:\/\/fr.behr.ca\/colourfullybehr\/wp-json\/wp\/v2\/categories?post=19867"},{"taxonomy":"post_tag","embeddable":true,"href":"https:\/\/fr.behr.ca\/colourfullybehr\/wp-json\/wp\/v2\/tags?post=19867"}],"curies":[{"name":"wp","href":"https:\/\/api.w.org\/{rel}","templated":true}]}}