{"id":19898,"date":"2024-02-01T08:00:00","date_gmt":"2024-02-01T08:00:00","guid":{"rendered":"https:\/\/fr.behr.ca\/colourfullybehr\/?p=19898"},"modified":"2024-02-08T18:52:26","modified_gmt":"2024-02-08T18:52:26","slug":"couleur-du-mois-malte","status":"publish","type":"post","link":"https:\/\/fr.behr.ca\/colourfullybehr\/couleur-du-mois-malte\/","title":{"rendered":"COULEUR DU MOIS : MALT\u00c9"},"content":{"rendered":"\n<figure class=\"wp-block-image size-full\"><img decoding=\"async\" loading=\"lazy\" width=\"1536\" height=\"1304\" src=\"https:\/\/fr.behr.ca\/colourfullybehr\/wp-content\/uploads\/2024\/02\/BEHR_22.03_COTY_LIVINGROOM_KM_001_Malted-NEW-cropped-1-1536x1304-1.jpg\" alt=\"Un salon d\u00e9contract\u00e9 dont les murs sont peints dans une couleur neutre rose p\u00e2le, avec un foyer blanc, des garnitures de fen\u00eatres noires et blanches et des meubles neutres\" class=\"wp-image-19899\"\/><\/figure>\n\n\n\n<p>En f\u00e9vrier, nous r\u00e9fl\u00e9chissons aux diff\u00e9rents aspects de l&#8217;amour et de la compassion, incluant prendre soin de soi et \u00e9tablir des liens significatifs avec les personnes et les exp\u00e9riences qui ont une importance particuli\u00e8re dans notre vie. La couleur BEHR du mois de f\u00e9vrier, <a href=\"https:\/\/fr.behr.ca\/consumer\/ColorDetailView\/N160-2\">Malt\u00e9 N160-3<\/a>, est un brun mauve l\u00e9ger qui rehausse les espaces d&#8217;une lueur chaleureuse. Cette teinte rose neutre \u00e0 peine visible cr\u00e9e un sentiment de sophistication discr\u00e8te dans la plupart des espaces de vie. Ce rose doux nous rappelle l&#8217;importance de favoriser un \u00e9quilibre harmonieux entre le soin de soi, le d\u00e9veloppement personnel et les relations significatives.<\/p>\n\n\n\n<figure class=\"wp-block-image size-full\"><img decoding=\"async\" loading=\"lazy\" width=\"1000\" height=\"1000\" src=\"https:\/\/fr.behr.ca\/colourfullybehr\/wp-content\/uploads\/2024\/02\/N160-2_Malte_BC.jpg\" alt=\"Vue de dessus d\u2019un pot de peinture ouvert pr\u00e9sentant une couleur neutre rose p\u00e2le\" class=\"wp-image-19907\"\/><\/figure>\n\n\n\n<p>Le gris et les murs peints en rose discret cr\u00e9ent un effet accueillant et une touche contemporaine.<\/p>\n\n\n\n<figure class=\"wp-block-image size-full\"><img decoding=\"async\" loading=\"lazy\" width=\"1536\" height=\"1536\" src=\"https:\/\/fr.behr.ca\/colourfullybehr\/wp-content\/uploads\/2024\/02\/GettyImages-1169411502_Malted-2-1536x1536-1.jpg\" alt=\"Gros plan sur une pi\u00e8ce dont les murs sont peints dans une couleur neutre rose p\u00e2le, d\u00e9cor\u00e9e d'un simple buffet gris et de divers \u00e9l\u00e9ments de d\u00e9coration\" class=\"wp-image-19900\"\/><figcaption class=\"wp-element-caption\">Mur\u00a0: <a href=\"https:\/\/fr.behr.ca\/consumer\/ColorDetailView\/N160-2\">Malt\u00e9<\/a><\/figcaption><\/figure>\n\n\n\n<p>L\u2019\u00eelot de cuisine au ton blush et les teintes neutres claires cr\u00e9ent un sentiment de joie et d&#8217;optimisme, donnant une impression de chaleur et de convivialit\u00e9, tandis qu&#8217;une lueur d&#8217;accent m\u00e9tallique dor\u00e9 embellit cette cuisine.<\/p>\n\n\n\n<figure class=\"wp-block-image size-full\"><img decoding=\"async\" loading=\"lazy\" width=\"1536\" height=\"1216\" src=\"https:\/\/fr.behr.ca\/colourfullybehr\/wp-content\/uploads\/2024\/02\/BEHR_22.05_DESIGNERCOLLECTION_KITCHEN1_KM_002WC_TG_Malted-1-1536x1216-1.jpg\" alt=\"Une cuisine contemporaine aux armoires du haut peintes en gris clair et armoires du bas et \u00eelot peints en rose clair neutre\" class=\"wp-image-19901\"\/><figcaption class=\"wp-element-caption\">Mur : <a href=\"https:\/\/fr.behr.ca\/consumer\/ColorDetailView\/DC-001\">Cr\u00e8me fouett\u00e9e<\/a>, armoires du haut : <a href=\"https:\/\/fr.behr.ca\/consumer\/ColorDetailView\/DC-007\">Gris tranquille<\/a>, armoires du bas et \u00eelot : <a href=\"https:\/\/fr.behr.ca\/consumer\/ColorDetailView\/N160-2\">Malt\u00e9<\/a> \u00a0\u00a0\u00a0<\/figcaption><\/figure>\n\n\n\n<p>Cet agencement de rose diffus et vert \u00e9meraude d\u00e9finit cette salle \u00e0 manger comme un nouveau design traditionnel avec un effet sophistiqu\u00e9 et nostalgique.<\/p>\n\n\n\n<figure class=\"wp-block-image size-full\"><img decoding=\"async\" loading=\"lazy\" width=\"1536\" height=\"1024\" src=\"https:\/\/fr.behr.ca\/colourfullybehr\/wp-content\/uploads\/2024\/02\/GettyImages-1390110775_Malted-2-1536x1024-1.jpg\" alt=\"The entrance of an elegant dining room, with walls painted in a neutral light pink colour and styled with a white dining table and green velvet dining chairs\" class=\"wp-image-19902\"\/><figcaption class=\"wp-element-caption\">Murs\u00a0: <a href=\"https:\/\/fr.behr.ca\/consumer\/ColorDetailView\/N160-2\">Malt\u00e9<\/a>, portes et garnitures\u00a0: <a href=\"https:\/\/fr.behr.ca\/consumer\/ColorDetailView\/75\">Ours polaire<\/a><\/figcaption><\/figure>\n\n\n\n<p>Ce rose raffin\u00e9 est agr\u00e9able \u00e0 l&#8217;\u0153il et id\u00e9al afin de cr\u00e9er un environnement relaxant pour se reposer et dormir.<\/p>\n\n\n\n<figure class=\"wp-block-image size-full\"><img decoding=\"async\" loading=\"lazy\" width=\"1536\" height=\"1037\" src=\"https:\/\/fr.behr.ca\/colourfullybehr\/wp-content\/uploads\/2024\/02\/BEHR_21.12_COPPERFORCE_TC_KIDS_007_Malted-1-1536x1037-1.jpg\" alt=\"Une chambre d'adolescent avec des murs peints dans une couleur rose clair neutre, stylis\u00e9e avec des accents d\u00e9coratifs neutres et or m\u00e9tallique\" class=\"wp-image-19903\"\/><figcaption class=\"wp-element-caption\">Murs\u00a0: <a href=\"https:\/\/fr.behr.ca\/consumer\/ColorDetailView\/N160-2\">Malt\u00e9<\/a>, garnitures et poutres\u00a0: <a href=\"https:\/\/fr.behr.ca\/consumer\/ColorDetailView\/UPW\">BLANC ULTRA PUR<sup>MC<\/sup><\/a><\/figcaption><\/figure>\n\n\n\n<p>Malt\u00e9 est un rose chaud et apaisant, parfait pour un coin douillet ou un coin lecture.<\/p>\n\n\n\n<figure class=\"wp-block-image size-full\"><img decoding=\"async\" loading=\"lazy\" width=\"730\" height=\"1024\" src=\"https:\/\/fr.behr.ca\/colourfullybehr\/wp-content\/uploads\/2024\/02\/BEHR_23.04_TREND_BEDROOM2_KM_001_Malted-2-730x1024-1.jpg\" alt=\"Un coin lecture avec des murs et tiroirs peints dans une couleur neutre rose p\u00e2le\" class=\"wp-image-19904\"\/><figcaption class=\"wp-element-caption\">Mur\u00a0: <a href=\"https:\/\/fr.behr.ca\/consumer\/ColorDetailView\/N160-2\">Malt\u00e9<\/a><\/figcaption><\/figure>\n\n\n\n<p>Une porte d&#8217;entr\u00e9e rose donne une premi\u00e8re impression amusante, chaleureuse et accessible.<\/p>\n\n\n\n<figure class=\"wp-block-image size-full\"><img decoding=\"async\" loading=\"lazy\" width=\"1536\" height=\"1025\" src=\"https:\/\/fr.behr.ca\/colourfullybehr\/wp-content\/uploads\/2024\/02\/BEHR_21.04_BLOG_BSMIDWAY_ENT_0443_PolarBear_Malted-1-1536x1025-1.jpg\" alt=\"Gros plan sur une galerie ext\u00e9rieure aux murs peints en blanc et porte d'entr\u00e9e en une couleur neutre rose p\u00e2le\" class=\"wp-image-19905\"\/><figcaption class=\"wp-element-caption\">Corps de maison\u00a0: Ours polaire, porte\u00a0: <a href=\"https:\/\/fr.behr.ca\/consumer\/ColorDetailView\/N160-2\">Malt\u00e9<\/a><\/figcaption><\/figure>\n\n\n\n<p>Une douce nuance de rose ajoute une l\u00e9g\u00e8re touche d&#8217;\u00e9nergie et en fait la couleur id\u00e9ale pour une balan\u00e7oire d&#8217;ext\u00e9rieur.<\/p>\n\n\n\n<figure class=\"wp-block-image size-full\"><img decoding=\"async\" loading=\"lazy\" width=\"1024\" height=\"681\" src=\"https:\/\/fr.behr.ca\/colourfullybehr\/wp-content\/uploads\/2024\/02\/GettyImages-91813323_Malted-2-1024x681-1.jpg\" alt=\"\" class=\"wp-image-19906\"\/><figcaption class=\"wp-element-caption\">Balan\u00e7oire\u00a0: <a href=\"https:\/\/fr.behr.ca\/consumer\/ColorDetailView\/N160-2\">Malt\u00e9<\/a><\/figcaption><\/figure>\n\n\n\n<p>Pour plus d&#8217;id\u00e9es sur la fa\u00e7on d&#8217;utiliser Malt\u00e9 et pour explorer la palette compl\u00e8te des tendances couleurs 2024 de BEHR<sup>MD<\/sup>, visitez <a href=\"https:\/\/fr.behr.ca\/consumer\">fr.behr.ca<\/a>.<\/p>\n\n\n\n<p>Vivez en couleur,<br>Diana<\/p>\n\n\n\n<p>Note &#8211; En raison des diff\u00e9rences d&#8217;affichage des \u00e9crans, les couleurs pr\u00e9sent\u00e9es sur cette page ne peuvent pas \u00eatre repr\u00e9sent\u00e9es dans leur v\u00e9ritable qualit\u00e9. Elles ne doivent \u00eatre consid\u00e9r\u00e9es que comme un guide. R\u00e9f\u00e9rez-vous aux cartes de couleurs et aux formats \u00e9chantillons pour obtenir des r\u00e9f\u00e9rences de couleurs r\u00e9elles. Les \u00e9chantillons de couleurs vous permettent d&#8217;appliquer et de tester une petite surface sur votre mur afin de voir la lumi\u00e8re et les conditions ambiantes qui affectent la couleur \u00e0 diff\u00e9rents moments de la journ\u00e9e.<\/p>\n","protected":false},"excerpt":{"rendered":"<p>En f\u00e9vrier, nous r\u00e9fl\u00e9chissons aux diff\u00e9rents aspects de l&#8217;amour et de la compassion, incluant prendre soin de soi et \u00e9tablir des liens significatifs avec les personnes et les exp\u00e9riences qui ont une importance particuli\u00e8re dans notre vie. La couleur BEHR du mois de f\u00e9vrier, Malt\u00e9 N160-3, est un brun mauve l\u00e9ger qui rehausse les espaces [&hellip;]<\/p>\n","protected":false},"author":22,"featured_media":19899,"comment_status":"open","ping_status":"open","sticky":true,"template":"","format":"standard","meta":{"_s2mail":""},"categories":[24,11,20],"tags":[1048,1353,1270,1267,1053,1246,1303,1352],"yoast_head":"<!-- This site is optimized with the Yoast SEO plugin v19.14 - https:\/\/yoast.com\/wordpress\/plugins\/seo\/ -->\n<title>COULEUR DU MOIS : MALT\u00c9 - Tout en couleur, BEHR<\/title>\n<meta name=\"robots\" content=\"index, follow, max-snippet:-1, max-image-preview:large, max-video-preview:-1\" \/>\n<link rel=\"canonical\" href=\"https:\/\/fr.behr.ca\/colourfullybehr\/couleur-du-mois-malte\/\" \/>\n<meta property=\"og:locale\" content=\"en_US\" \/>\n<meta property=\"og:type\" content=\"article\" \/>\n<meta property=\"og:title\" content=\"COULEUR DU MOIS : MALT\u00c9 - Tout en couleur, BEHR\" \/>\n<meta property=\"og:description\" content=\"En f\u00e9vrier, nous r\u00e9fl\u00e9chissons aux diff\u00e9rents aspects de l&#8217;amour et de la compassion, incluant prendre soin de soi et \u00e9tablir des liens significatifs avec les personnes et les exp\u00e9riences qui ont une importance particuli\u00e8re dans notre vie. La couleur BEHR du mois de f\u00e9vrier, Malt\u00e9 N160-3, est un brun mauve l\u00e9ger qui rehausse les espaces [&hellip;]\" \/>\n<meta property=\"og:url\" content=\"https:\/\/fr.behr.ca\/colourfullybehr\/couleur-du-mois-malte\/\" \/>\n<meta property=\"og:site_name\" content=\"Tout en couleur, BEHR\" \/>\n<meta property=\"article:published_time\" content=\"2024-02-01T08:00:00+00:00\" \/>\n<meta property=\"article:modified_time\" content=\"2024-02-08T18:52:26+00:00\" \/>\n<meta property=\"og:image\" content=\"https:\/\/fr.behr.ca\/colourfullybehr\/wp-content\/uploads\/2024\/02\/BEHR_22.03_COTY_LIVINGROOM_KM_001_Malted-NEW-cropped-1-1536x1304-1.jpg\" \/>\n\t<meta property=\"og:image:width\" content=\"1536\" \/>\n\t<meta property=\"og:image:height\" content=\"1304\" \/>\n\t<meta property=\"og:image:type\" content=\"image\/jpeg\" \/>\n<meta name=\"author\" content=\"Diana Olvera\" \/>\n<meta name=\"twitter:label1\" content=\"Written by\" \/>\n\t<meta name=\"twitter:data1\" content=\"Diana Olvera\" \/>\n\t<meta name=\"twitter:label2\" content=\"Est. reading time\" \/>\n\t<meta name=\"twitter:data2\" content=\"2 minutes\" \/>\n<script type=\"application\/ld+json\" class=\"yoast-schema-graph\">{\"@context\":\"https:\/\/schema.org\",\"@graph\":[{\"@type\":\"Article\",\"@id\":\"https:\/\/fr.behr.ca\/colourfullybehr\/couleur-du-mois-malte\/#article\",\"isPartOf\":{\"@id\":\"https:\/\/fr.behr.ca\/colourfullybehr\/couleur-du-mois-malte\/\"},\"author\":{\"name\":\"Diana Olvera\",\"@id\":\"https:\/\/fr.behr.ca\/colourfullybehr\/#\/schema\/person\/90dbe4132f0d7f7776cf3a083b942e13\"},\"headline\":\"COULEUR DU MOIS : MALT\u00c9\",\"datePublished\":\"2024-02-01T08:00:00+00:00\",\"dateModified\":\"2024-02-08T18:52:26+00:00\",\"mainEntityOfPage\":{\"@id\":\"https:\/\/fr.behr.ca\/colourfullybehr\/couleur-du-mois-malte\/\"},\"wordCount\":449,\"commentCount\":0,\"publisher\":{\"@id\":\"https:\/\/fr.behr.ca\/colourfullybehr\/#organization\"},\"keywords\":[\"Couleur du mois\",\"Couleurs roses populaires\",\"Inspiration pour pi\u00e8ce\",\"Printemps\",\"Rose\",\"Rose p\u00e2le\",\"Tendances couleurs\",\"Tendances couleurs 2024\"],\"articleSection\":[\"Couleur du mois\",\"Couleurs + tendances\",\"Rose\"],\"inLanguage\":\"en-US\",\"potentialAction\":[{\"@type\":\"CommentAction\",\"name\":\"Comment\",\"target\":[\"https:\/\/fr.behr.ca\/colourfullybehr\/couleur-du-mois-malte\/#respond\"]}]},{\"@type\":\"WebPage\",\"@id\":\"https:\/\/fr.behr.ca\/colourfullybehr\/couleur-du-mois-malte\/\",\"url\":\"https:\/\/fr.behr.ca\/colourfullybehr\/couleur-du-mois-malte\/\",\"name\":\"COULEUR DU MOIS : MALT\u00c9 - Tout en couleur, BEHR\",\"isPartOf\":{\"@id\":\"https:\/\/fr.behr.ca\/colourfullybehr\/#website\"},\"datePublished\":\"2024-02-01T08:00:00+00:00\",\"dateModified\":\"2024-02-08T18:52:26+00:00\",\"inLanguage\":\"en-US\",\"potentialAction\":[{\"@type\":\"ReadAction\",\"target\":[\"https:\/\/fr.behr.ca\/colourfullybehr\/couleur-du-mois-malte\/\"]}]},{\"@type\":\"WebSite\",\"@id\":\"https:\/\/fr.behr.ca\/colourfullybehr\/#website\",\"url\":\"https:\/\/fr.behr.ca\/colourfullybehr\/\",\"name\":\"Tout en couleur, BEHR\",\"description\":\"\",\"publisher\":{\"@id\":\"https:\/\/fr.behr.ca\/colourfullybehr\/#organization\"},\"potentialAction\":[{\"@type\":\"SearchAction\",\"target\":{\"@type\":\"EntryPoint\",\"urlTemplate\":\"https:\/\/fr.behr.ca\/colourfullybehr\/?s={search_term_string}\"},\"query-input\":\"required name=search_term_string\"}],\"inLanguage\":\"en-US\"},{\"@type\":\"Organization\",\"@id\":\"https:\/\/fr.behr.ca\/colourfullybehr\/#organization\",\"name\":\"Tout en couleur, BEHR\",\"url\":\"https:\/\/fr.behr.ca\/colourfullybehr\/\",\"logo\":{\"@type\":\"ImageObject\",\"inLanguage\":\"en-US\",\"@id\":\"https:\/\/fr.behr.ca\/colourfullybehr\/#\/schema\/logo\/image\/\",\"url\":\"https:\/\/fr.behr.ca\/colourfullybehr\/wp-content\/uploads\/2021\/10\/colourfully-behr-logo-fr.png\",\"contentUrl\":\"https:\/\/fr.behr.ca\/colourfullybehr\/wp-content\/uploads\/2021\/10\/colourfully-behr-logo-fr.png\",\"width\":1000,\"height\":248,\"caption\":\"Tout en couleur, BEHR\"},\"image\":{\"@id\":\"https:\/\/fr.behr.ca\/colourfullybehr\/#\/schema\/logo\/image\/\"}},{\"@type\":\"Person\",\"@id\":\"https:\/\/fr.behr.ca\/colourfullybehr\/#\/schema\/person\/90dbe4132f0d7f7776cf3a083b942e13\",\"name\":\"Diana Olvera\",\"image\":{\"@type\":\"ImageObject\",\"inLanguage\":\"en-US\",\"@id\":\"https:\/\/fr.behr.ca\/colourfullybehr\/#\/schema\/person\/image\/\",\"url\":\"https:\/\/secure.gravatar.com\/avatar\/465ca6aaf2f16757d94ae8cf0c8c7dca?s=96&d=mm&r=g\",\"contentUrl\":\"https:\/\/secure.gravatar.com\/avatar\/465ca6aaf2f16757d94ae8cf0c8c7dca?s=96&d=mm&r=g\",\"caption\":\"Diana Olvera\"},\"url\":\"https:\/\/fr.behr.ca\/colourfullybehr\/author\/dolvera\/\"}]}<\/script>\n<!-- \/ Yoast SEO plugin. -->","yoast_head_json":{"title":"COULEUR DU MOIS : MALT\u00c9 - Tout en couleur, BEHR","robots":{"index":"index","follow":"follow","max-snippet":"max-snippet:-1","max-image-preview":"max-image-preview:large","max-video-preview":"max-video-preview:-1"},"canonical":"https:\/\/fr.behr.ca\/colourfullybehr\/couleur-du-mois-malte\/","og_locale":"en_US","og_type":"article","og_title":"COULEUR DU MOIS : MALT\u00c9 - Tout en couleur, BEHR","og_description":"En f\u00e9vrier, nous r\u00e9fl\u00e9chissons aux diff\u00e9rents aspects de l&#8217;amour et de la compassion, incluant prendre soin de soi et \u00e9tablir des liens significatifs avec les personnes et les exp\u00e9riences qui ont une importance particuli\u00e8re dans notre vie. La couleur BEHR du mois de f\u00e9vrier, Malt\u00e9 N160-3, est un brun mauve l\u00e9ger qui rehausse les espaces [&hellip;]","og_url":"https:\/\/fr.behr.ca\/colourfullybehr\/couleur-du-mois-malte\/","og_site_name":"Tout en couleur, BEHR","article_published_time":"2024-02-01T08:00:00+00:00","article_modified_time":"2024-02-08T18:52:26+00:00","og_image":[{"width":1536,"height":1304,"url":"https:\/\/fr.behr.ca\/colourfullybehr\/wp-content\/uploads\/2024\/02\/BEHR_22.03_COTY_LIVINGROOM_KM_001_Malted-NEW-cropped-1-1536x1304-1.jpg","type":"image\/jpeg"}],"author":"Diana Olvera","twitter_misc":{"Written by":"Diana Olvera","Est. reading time":"2 minutes"},"schema":{"@context":"https:\/\/schema.org","@graph":[{"@type":"Article","@id":"https:\/\/fr.behr.ca\/colourfullybehr\/couleur-du-mois-malte\/#article","isPartOf":{"@id":"https:\/\/fr.behr.ca\/colourfullybehr\/couleur-du-mois-malte\/"},"author":{"name":"Diana Olvera","@id":"https:\/\/fr.behr.ca\/colourfullybehr\/#\/schema\/person\/90dbe4132f0d7f7776cf3a083b942e13"},"headline":"COULEUR DU MOIS : MALT\u00c9","datePublished":"2024-02-01T08:00:00+00:00","dateModified":"2024-02-08T18:52:26+00:00","mainEntityOfPage":{"@id":"https:\/\/fr.behr.ca\/colourfullybehr\/couleur-du-mois-malte\/"},"wordCount":449,"commentCount":0,"publisher":{"@id":"https:\/\/fr.behr.ca\/colourfullybehr\/#organization"},"keywords":["Couleur du mois","Couleurs roses populaires","Inspiration pour pi\u00e8ce","Printemps","Rose","Rose p\u00e2le","Tendances couleurs","Tendances couleurs 2024"],"articleSection":["Couleur du mois","Couleurs + tendances","Rose"],"inLanguage":"en-US","potentialAction":[{"@type":"CommentAction","name":"Comment","target":["https:\/\/fr.behr.ca\/colourfullybehr\/couleur-du-mois-malte\/#respond"]}]},{"@type":"WebPage","@id":"https:\/\/fr.behr.ca\/colourfullybehr\/couleur-du-mois-malte\/","url":"https:\/\/fr.behr.ca\/colourfullybehr\/couleur-du-mois-malte\/","name":"COULEUR DU MOIS : MALT\u00c9 - Tout en couleur, BEHR","isPartOf":{"@id":"https:\/\/fr.behr.ca\/colourfullybehr\/#website"},"datePublished":"2024-02-01T08:00:00+00:00","dateModified":"2024-02-08T18:52:26+00:00","inLanguage":"en-US","potentialAction":[{"@type":"ReadAction","target":["https:\/\/fr.behr.ca\/colourfullybehr\/couleur-du-mois-malte\/"]}]},{"@type":"WebSite","@id":"https:\/\/fr.behr.ca\/colourfullybehr\/#website","url":"https:\/\/fr.behr.ca\/colourfullybehr\/","name":"Tout en couleur, BEHR","description":"","publisher":{"@id":"https:\/\/fr.behr.ca\/colourfullybehr\/#organization"},"potentialAction":[{"@type":"SearchAction","target":{"@type":"EntryPoint","urlTemplate":"https:\/\/fr.behr.ca\/colourfullybehr\/?s={search_term_string}"},"query-input":"required name=search_term_string"}],"inLanguage":"en-US"},{"@type":"Organization","@id":"https:\/\/fr.behr.ca\/colourfullybehr\/#organization","name":"Tout en couleur, BEHR","url":"https:\/\/fr.behr.ca\/colourfullybehr\/","logo":{"@type":"ImageObject","inLanguage":"en-US","@id":"https:\/\/fr.behr.ca\/colourfullybehr\/#\/schema\/logo\/image\/","url":"https:\/\/fr.behr.ca\/colourfullybehr\/wp-content\/uploads\/2021\/10\/colourfully-behr-logo-fr.png","contentUrl":"https:\/\/fr.behr.ca\/colourfullybehr\/wp-content\/uploads\/2021\/10\/colourfully-behr-logo-fr.png","width":1000,"height":248,"caption":"Tout en couleur, BEHR"},"image":{"@id":"https:\/\/fr.behr.ca\/colourfullybehr\/#\/schema\/logo\/image\/"}},{"@type":"Person","@id":"https:\/\/fr.behr.ca\/colourfullybehr\/#\/schema\/person\/90dbe4132f0d7f7776cf3a083b942e13","name":"Diana Olvera","image":{"@type":"ImageObject","inLanguage":"en-US","@id":"https:\/\/fr.behr.ca\/colourfullybehr\/#\/schema\/person\/image\/","url":"https:\/\/secure.gravatar.com\/avatar\/465ca6aaf2f16757d94ae8cf0c8c7dca?s=96&d=mm&r=g","contentUrl":"https:\/\/secure.gravatar.com\/avatar\/465ca6aaf2f16757d94ae8cf0c8c7dca?s=96&d=mm&r=g","caption":"Diana Olvera"},"url":"https:\/\/fr.behr.ca\/colourfullybehr\/author\/dolvera\/"}]}},"_links":{"self":[{"href":"https:\/\/fr.behr.ca\/colourfullybehr\/wp-json\/wp\/v2\/posts\/19898"}],"collection":[{"href":"https:\/\/fr.behr.ca\/colourfullybehr\/wp-json\/wp\/v2\/posts"}],"about":[{"href":"https:\/\/fr.behr.ca\/colourfullybehr\/wp-json\/wp\/v2\/types\/post"}],"author":[{"embeddable":true,"href":"https:\/\/fr.behr.ca\/colourfullybehr\/wp-json\/wp\/v2\/users\/22"}],"replies":[{"embeddable":true,"href":"https:\/\/fr.behr.ca\/colourfullybehr\/wp-json\/wp\/v2\/comments?post=19898"}],"version-history":[{"count":1,"href":"https:\/\/fr.behr.ca\/colourfullybehr\/wp-json\/wp\/v2\/posts\/19898\/revisions"}],"predecessor-version":[{"id":19908,"href":"https:\/\/fr.behr.ca\/colourfullybehr\/wp-json\/wp\/v2\/posts\/19898\/revisions\/19908"}],"wp:featuredmedia":[{"embeddable":true,"href":"https:\/\/fr.behr.ca\/colourfullybehr\/wp-json\/wp\/v2\/media\/19899"}],"wp:attachment":[{"href":"https:\/\/fr.behr.ca\/colourfullybehr\/wp-json\/wp\/v2\/media?parent=19898"}],"wp:term":[{"taxonomy":"category","embeddable":true,"href":"https:\/\/fr.behr.ca\/colourfullybehr\/wp-json\/wp\/v2\/categories?post=19898"},{"taxonomy":"post_tag","embeddable":true,"href":"https:\/\/fr.behr.ca\/colourfullybehr\/wp-json\/wp\/v2\/tags?post=19898"}],"curies":[{"name":"wp","href":"https:\/\/api.w.org\/{rel}","templated":true}]}}