{"id":20168,"date":"2024-09-24T08:00:00","date_gmt":"2024-09-24T08:00:00","guid":{"rendered":"https:\/\/fr.behr.ca\/colourfullybehr\/?p=20168"},"modified":"2024-09-12T21:24:36","modified_gmt":"2024-09-12T21:24:36","slug":"couleurs-neutres-et-vives-tout-en-couleur-behr","status":"publish","type":"post","link":"https:\/\/fr.behr.ca\/colourfullybehr\/couleurs-neutres-et-vives-tout-en-couleur-behr\/","title":{"rendered":"<em>Impact des couleurs : Teintes neutres vs vives<\/em>"},"content":{"rendered":"\n<figure class=\"wp-block-image size-full\"><img decoding=\"async\" loading=\"lazy\" width=\"1528\" height=\"1065\" src=\"https:\/\/fr.behr.ca\/colourfullybehr\/wp-content\/uploads\/2024\/09\/HERO.png\" alt=\"Une chambre \u00e0 coucher dont une moiti\u00e9 est peinte en vert poudreux et l'autre moiti\u00e9 en turquoise vif.\" class=\"wp-image-20165\"\/><\/figure>\n\n\n\n<p>Choisir des couleurs de peinture peut \u00eatre amusant, mais aussi intimidant. Nous optons souvent pour la voie s\u00fbre, adoptant le calme et la polyvalence qu&#8217;offre une teinte neutre. Cependant, l&#8217;utilisation d&#8217;une couleur vive peut cr\u00e9er un puissant impact dans votre espace et le dynamiser.<\/p>\n\n\n\n<p>Alors, quelle couleur choisir ? \u00c0 vous de d\u00e9cider ! Explorez la palette Teintes neutres vs vives de Behr pour trouver les options qui conviennent \u00e0 votre espace.<\/p>\n\n\n\n<figure class=\"wp-block-image size-full\"><img decoding=\"async\" loading=\"lazy\" width=\"1005\" height=\"551\" src=\"https:\/\/fr.behr.ca\/colourfullybehr\/wp-content\/uploads\/2024\/09\/French-Palette.png\" alt=\"Une palette de couleurs montrant des couleurs neutres et vives de verts, bleus et violets.\" class=\"wp-image-20162\"\/><\/figure>\n\n\n\n<p>Les couleurs de la rang\u00e9e du haut cr\u00e9ent une ambiance calme et naturelle. Ces teintes sont douces et apaisantes, parfaites pour apporter un sentiment de tranquillit\u00e9 et de l\u00e9g\u00e8ret\u00e9 \u00e0 toute pi\u00e8ce. Elles comprennent des verts et des bleus doux, ainsi qu&#8217;un gris froid qui peut servir de toile de fond polyvalente.<\/p>\n\n\n\n<p>La rang\u00e9e du bas pr\u00e9sente des options plus vives et audacieuses. Ces teintes sont riches et dynamiques, ajoutant de l&#8217;\u00e9nergie et de la profondeur \u00e0 un espace. On y retrouve des bleus, des verts et des violets plus profonds, des teintes saisissantes et sophistiqu\u00e9es pour une d\u00e9coration int\u00e9rieur \u00e9l\u00e9gante.<\/p>\n\n\n\n<p><strong>Comparaisons \u2013 Teintes neutres vs vives<\/strong><\/p>\n\n\n\n<p><a href=\"https:\/\/fr.behr.ca\/consumer\/ColorDetailView\/PPU11-14\"><strong><em>Zen<\/em><\/strong><\/a><em> vs <\/em><a href=\"https:\/\/fr.behr.ca\/consumer\/ColorDetailView\/P460-7\"><strong><em>Courant des Cara<\/em><\/strong><strong><em>\u00efbes<\/em><\/strong><\/a><strong> <\/strong><em>\u2013 simple et tranquille vs serein et confiant.<\/em><em><\/em><\/p>\n\n\n\n<figure class=\"wp-block-image size-full\"><img decoding=\"async\" loading=\"lazy\" width=\"952\" height=\"332\" src=\"https:\/\/fr.behr.ca\/colourfullybehr\/wp-content\/uploads\/2024\/09\/Bedrooms.png\" alt=\"Deux chambres identiques, c\u00f4te \u00e0 c\u00f4te. L'une a des murs blancs et un mur accent vert tendre. L'autre est peinte d\u2019un turquoise profond et audacieux.\" class=\"wp-image-20164\"\/><\/figure>\n\n\n\n<p>La chambre qui offre l\u2019option l\u00e9g\u00e8re est peintur\u00e9e avec un vert neutre inspir\u00e9 de la nature, <a href=\"https:\/\/fr.behr.ca\/consumer\/ColorDetailView\/PPU11-14\"><strong>Zen<\/strong><\/a>. Entour\u00e9 d&#8217;un blanc doux, cette combinaison respire la simplicit\u00e9 et le calme. En entrant dans cette pi\u00e8ce, on a l&#8217;impression de p\u00e9n\u00e9trer dans une brume tranquille, offrant une \u00e9l\u00e9gance paisible et discr\u00e8te.<\/p>\n\n\n\n<p>La pi\u00e8ce plus audacieuse, peinte dans le turquoise riche de <a href=\"https:\/\/fr.behr.ca\/consumer\/ColorDetailView\/P460-7\"><strong>Courant des Cara<\/strong><strong>\u00efbes<\/strong><\/a>, cr\u00e9e une atmosph\u00e8re sereine et confiante. La couleur inspir\u00e9e de la mer profonde vous enveloppe dans le calme, ce qui en fait une retraite parfaite pour la relaxation.<\/p>\n\n\n\n<p><a href=\"https:\/\/fr.behr.ca\/consumer\/ColorDetailView\/S470-3\"><strong><em>Bleu paisible<\/em><\/strong><\/a><strong><em> <\/em><\/strong><em>vs <\/em><a href=\"https:\/\/fr.behr.ca\/consumer\/ColorDetailView\/P510-7\"><strong><em>Bleu fanal<\/em><\/strong><\/a><em> \u2013 ouvert et accueillant vs chaleureux et calme.<\/em><\/p>\n\n\n\n<figure class=\"wp-block-image size-full\"><img decoding=\"async\" loading=\"lazy\" width=\"937\" height=\"559\" src=\"https:\/\/fr.behr.ca\/colourfullybehr\/wp-content\/uploads\/2024\/09\/Bathrooms.png\" alt=\"Deux salles de bain identiques, c\u00f4te \u00e0 c\u00f4te. Les murs de l'une d'elles sont peints dans un bleu doux. L'autre est peinte en bleu vif.\" class=\"wp-image-20163\"\/><\/figure>\n\n\n\n<p>La combinaison d&#8217;un bleu gris tranquille sur les murs et d&#8217;un bleu marine profond sur le meuble-lavabo conf\u00e8re \u00e0 cette salle de bain contemporaine un design sophistiqu\u00e9. <a href=\"https:\/\/fr.behr.ca\/consumer\/ColorDetailView\/S470-3\"><strong>Bleu paisible<\/strong><\/a> vous attire \u00e0 l&#8217;int\u00e9rieur, tandis que le meuble fonc\u00e9 donne du relief \u00e0 l&#8217;espace. La pi\u00e8ce semble plus grande et plus ouverte, cr\u00e9ant un environnement accueillant.<\/p>\n\n\n\n<p>\u00c0 l\u2019inverse, la salle de bain avec son mur d&#8217;un bleu franc brillant, <a href=\"https:\/\/fr.behr.ca\/consumer\/ColorDetailView\/P510-7\"><strong>Bleu fanal<\/strong><\/a>, donne \u00e0 la pi\u00e8ce une ambiance moderne et audacieuse. Les tons plus vifs cr\u00e9ent une atmosph\u00e8re chaleureuse et calme, parfaite pour un espace priv\u00e9.<\/p>\n\n\n\n<p><a href=\"https:\/\/fr.behr.ca\/consumer\/ColorDetailView\/N350-4\"><strong><em>Camouflage de jungle<\/em><\/strong><\/a><strong><em> <\/em><\/strong><em>vs <\/em><a href=\"https:\/\/fr.behr.ca\/consumer\/ColorDetailView\/S340-7A\"><strong><em>Garniture<\/em><\/strong><\/a><em> \u2013 calme et d\u00e9tendu vs chaleureux et intime.<\/em><\/p>\n\n\n\n<figure class=\"wp-block-image size-full\"><img decoding=\"async\" loading=\"lazy\" width=\"1130\" height=\"516\" src=\"https:\/\/fr.behr.ca\/colourfullybehr\/wp-content\/uploads\/2024\/09\/Kitchens.png\" alt=\"Deux cuisines identiques, c\u00f4te \u00e0 c\u00f4te. L'une a des armoires bicolores peintes en blanc et en gris-vert poudreux. L'autre est peinte en vert fonc\u00e9 profond.\" class=\"wp-image-20166\"\/><\/figure>\n\n\n\n<p>Les armoires \u00e0 deux tons, avec un blanc cr\u00e8me pour les armoires du haut et un gris-vert d\u00e9contract\u00e9, <a href=\"https:\/\/fr.behr.ca\/consumer\/ColorDetailView\/N350-4\"><strong>Camouflage de jungle<\/strong><\/a>, pour les armoires du bas, cr\u00e9ent une atmosph\u00e8re lumineuse et ouverte dans la cuisine. Les tons clairs donnent \u00e0 l&#8217;espace une impression de grandeur et de convivialit\u00e9, parfaits pour un environnement vivant et accueillant.<\/p>\n\n\n\n<p>Lorsque les armoires sont peintur\u00e9es dans une teinte olive profonde et nuanc\u00e9e, <a href=\"https:\/\/fr.behr.ca\/consumer\/ColorDetailView\/S340-7A\"><strong>Garniture<\/strong><\/a>, la cuisine devient chaleureuse et intime. Le ton plus fonc\u00e9 ajoute une touche d&#8217;\u00e9l\u00e9gance et de sophistication \u00e0 l&#8217;espace.<\/p>\n\n\n\n<p><a href=\"https:\/\/fr.behr.ca\/consumer\/ColorDetailView\/MQ3-28\"><strong><em>Cristal de roche<\/em><\/strong><\/a> <em>vs <\/em><a href=\"https:\/\/fr.behr.ca\/consumer\/ColorDetailView\/M550-5\"><strong><em>Aura violette<\/em><\/strong><\/a><strong> <\/strong><em>\u2013 ouvert et calme vs vibrant et confortable.<\/em><\/p>\n\n\n\n<figure class=\"wp-block-image size-full\"><img decoding=\"async\" loading=\"lazy\" width=\"1123\" height=\"413\" src=\"https:\/\/fr.behr.ca\/colourfullybehr\/wp-content\/uploads\/2024\/09\/Offices.png\" alt=\"Deux bureaux identiques, c\u00f4te \u00e0 c\u00f4te. L'un est peint en gris clair violac\u00e9. L'autre est peint en violet vif.\" class=\"wp-image-20167\"\/><\/figure>\n\n\n\n<p>L&#8217;utilisation du gris clair dans un bureau cr\u00e9e une atmosph\u00e8re lumineuse et neutre. <a href=\"https:\/\/fr.behr.ca\/consumer\/ColorDetailView\/MQ3-28\"><strong>Cristal de roche<\/strong><\/a>, avec ses notes de lilas, donne \u00e0 l&#8217;espace une impression d&#8217;ouverture et de calme, parfaite pour un environnement de concentration et productivit\u00e9.<\/p>\n\n\n\n<p>En revanche, <a href=\"https:\/\/fr.behr.ca\/consumer\/ColorDetailView\/M550-5\"><strong>Aura violette<\/strong><\/a> ajoute un peu de myst\u00e8re et de raffinement, stimulant l&#8217;esprit et encourageant les jeux imaginatifs. C&#8217;est une couleur d&#8217;\u00e9quilibre et de libert\u00e9 d&#8217;esprit, qui apporte une touche plus vibrante et plus chaleureuse \u00e0 l&#8217;espace.<\/p>\n\n\n\n<p>Que vous choisissiez des couleurs neutres ou vives pour vos murs, chaque option apporte une touche unique \u00e0 la pi\u00e8ce. Les couleurs neutres peuvent apaiser et harmoniser, tandis que les couleurs vives peuvent \u00e9nergiser et revigorer. Le choix d\u00e9pend de l&#8217;ambiance que vous souhaitez cr\u00e9er et de la fa\u00e7on dont vous voulez vivre l&#8217;espace. Alors, lorsque vous \u00eates pr\u00eat \u00e0 choisir des couleurs pour votre maison, pensez \u00e0 l&#8217;impact \u00e9motionnel de la couleur et \u00e0 la fa\u00e7on dont elle peut transformer votre pi\u00e8ce en un endroit qui refl\u00e8te vraiment votre style et vos besoins.<\/p>\n\n\n\n<p>Pour plus d\u2019id\u00e9es inspirantes et d\u2019options de couleurs pour votre maison, visitez <a href=\"https:\/\/fr.behr.ca\/consumer\">fr.behr.ca<\/a>.<\/p>\n\n\n\n<p>Vivez en couleur,<\/p>\n\n\n\n<p>Larayne<\/p>\n","protected":false},"excerpt":{"rendered":"<p>Choisir des couleurs de peinture peut \u00eatre amusant, mais aussi intimidant. Nous optons souvent pour la voie s\u00fbre, adoptant le calme et la polyvalence qu&#8217;offre une teinte neutre. Cependant, l&#8217;utilisation d&#8217;une couleur vive peut cr\u00e9er un puissant impact dans votre espace et le dynamiser. Alors, quelle couleur choisir ? \u00c0 vous de d\u00e9cider ! Explorez [&hellip;]<\/p>\n","protected":false},"author":27,"featured_media":20165,"comment_status":"open","ping_status":"open","sticky":true,"template":"","format":"standard","meta":{"_s2mail":""},"categories":[13,11,15,14,21],"tags":[1408,1281,1410,1407,1409],"yoast_head":"<!-- This site is optimized with the Yoast SEO plugin v19.14 - https:\/\/yoast.com\/wordpress\/plugins\/seo\/ -->\n<title>Couleurs neutres et vives | Tout en couleur BEHR<\/title>\n<meta name=\"description\" content=\"Choisir des couleurs de peinture peut \u00eatre amusant, mais aussi intimidant. Explorez la palette Behr de couleurs neutres et vives pour comparer les diff\u00e9rences et vous aider \u00e0 d\u00e9cider ce qui vous convient le mieux.\" \/>\n<meta name=\"robots\" content=\"index, follow, max-snippet:-1, max-image-preview:large, max-video-preview:-1\" \/>\n<link rel=\"canonical\" href=\"https:\/\/fr.behr.ca\/colourfullybehr\/couleurs-neutres-et-vives-tout-en-couleur-behr\/\" \/>\n<meta property=\"og:locale\" content=\"en_US\" \/>\n<meta property=\"og:type\" content=\"article\" \/>\n<meta property=\"og:title\" content=\"Couleurs neutres et vives | Tout en couleur BEHR\" \/>\n<meta property=\"og:description\" content=\"Choisir des couleurs de peinture peut \u00eatre amusant, mais aussi intimidant. Explorez la palette Behr de couleurs neutres et vives pour comparer les diff\u00e9rences et vous aider \u00e0 d\u00e9cider ce qui vous convient le mieux.\" \/>\n<meta property=\"og:url\" content=\"https:\/\/fr.behr.ca\/colourfullybehr\/couleurs-neutres-et-vives-tout-en-couleur-behr\/\" \/>\n<meta property=\"og:site_name\" content=\"Tout en couleur, BEHR\" \/>\n<meta property=\"article:published_time\" content=\"2024-09-24T08:00:00+00:00\" \/>\n<meta property=\"article:modified_time\" content=\"2024-09-12T21:24:36+00:00\" \/>\n<meta name=\"author\" content=\"Larayne Boaz\" \/>\n<meta name=\"twitter:label1\" content=\"Written by\" \/>\n\t<meta name=\"twitter:data1\" content=\"Larayne Boaz\" \/>\n\t<meta name=\"twitter:label2\" content=\"Est. reading time\" \/>\n\t<meta name=\"twitter:data2\" content=\"5 minutes\" \/>\n<script type=\"application\/ld+json\" class=\"yoast-schema-graph\">{\"@context\":\"https:\/\/schema.org\",\"@graph\":[{\"@type\":\"Article\",\"@id\":\"https:\/\/fr.behr.ca\/colourfullybehr\/couleurs-neutres-et-vives-tout-en-couleur-behr\/#article\",\"isPartOf\":{\"@id\":\"https:\/\/fr.behr.ca\/colourfullybehr\/couleurs-neutres-et-vives-tout-en-couleur-behr\/\"},\"author\":{\"name\":\"Larayne Boaz\",\"@id\":\"https:\/\/fr.behr.ca\/colourfullybehr\/#\/schema\/person\/de735f5b939e59c6c920667df59ca59c\"},\"headline\":\"Impact des couleurs : Teintes neutres vs vives\",\"datePublished\":\"2024-09-24T08:00:00+00:00\",\"dateModified\":\"2024-09-12T21:24:36+00:00\",\"mainEntityOfPage\":{\"@id\":\"https:\/\/fr.behr.ca\/colourfullybehr\/couleurs-neutres-et-vives-tout-en-couleur-behr\/\"},\"wordCount\":736,\"commentCount\":0,\"publisher\":{\"@id\":\"https:\/\/fr.behr.ca\/colourfullybehr\/#organization\"},\"keywords\":[\"couleurs neutres de peinture\",\"Couleurs vives\",\"couleurs vives de peinture\",\"palette de couleurs neutres\",\"palette de couleurs vives\"],\"articleSection\":[\"Bleu\",\"Couleurs + tendances\",\"Neutre\",\"Vert\",\"Violet\"],\"inLanguage\":\"en-US\",\"potentialAction\":[{\"@type\":\"CommentAction\",\"name\":\"Comment\",\"target\":[\"https:\/\/fr.behr.ca\/colourfullybehr\/couleurs-neutres-et-vives-tout-en-couleur-behr\/#respond\"]}]},{\"@type\":\"WebPage\",\"@id\":\"https:\/\/fr.behr.ca\/colourfullybehr\/couleurs-neutres-et-vives-tout-en-couleur-behr\/\",\"url\":\"https:\/\/fr.behr.ca\/colourfullybehr\/couleurs-neutres-et-vives-tout-en-couleur-behr\/\",\"name\":\"Couleurs neutres et vives | Tout en couleur BEHR\",\"isPartOf\":{\"@id\":\"https:\/\/fr.behr.ca\/colourfullybehr\/#website\"},\"datePublished\":\"2024-09-24T08:00:00+00:00\",\"dateModified\":\"2024-09-12T21:24:36+00:00\",\"description\":\"Choisir des couleurs de peinture peut \u00eatre amusant, mais aussi intimidant. Explorez la palette Behr de couleurs neutres et vives pour comparer les diff\u00e9rences et vous aider \u00e0 d\u00e9cider ce qui vous convient le mieux.\",\"inLanguage\":\"en-US\",\"potentialAction\":[{\"@type\":\"ReadAction\",\"target\":[\"https:\/\/fr.behr.ca\/colourfullybehr\/couleurs-neutres-et-vives-tout-en-couleur-behr\/\"]}]},{\"@type\":\"WebSite\",\"@id\":\"https:\/\/fr.behr.ca\/colourfullybehr\/#website\",\"url\":\"https:\/\/fr.behr.ca\/colourfullybehr\/\",\"name\":\"Tout en couleur, BEHR\",\"description\":\"\",\"publisher\":{\"@id\":\"https:\/\/fr.behr.ca\/colourfullybehr\/#organization\"},\"potentialAction\":[{\"@type\":\"SearchAction\",\"target\":{\"@type\":\"EntryPoint\",\"urlTemplate\":\"https:\/\/fr.behr.ca\/colourfullybehr\/?s={search_term_string}\"},\"query-input\":\"required name=search_term_string\"}],\"inLanguage\":\"en-US\"},{\"@type\":\"Organization\",\"@id\":\"https:\/\/fr.behr.ca\/colourfullybehr\/#organization\",\"name\":\"Tout en couleur, BEHR\",\"url\":\"https:\/\/fr.behr.ca\/colourfullybehr\/\",\"logo\":{\"@type\":\"ImageObject\",\"inLanguage\":\"en-US\",\"@id\":\"https:\/\/fr.behr.ca\/colourfullybehr\/#\/schema\/logo\/image\/\",\"url\":\"https:\/\/fr.behr.ca\/colourfullybehr\/wp-content\/uploads\/2021\/10\/colourfully-behr-logo-fr.png\",\"contentUrl\":\"https:\/\/fr.behr.ca\/colourfullybehr\/wp-content\/uploads\/2021\/10\/colourfully-behr-logo-fr.png\",\"width\":1000,\"height\":248,\"caption\":\"Tout en couleur, BEHR\"},\"image\":{\"@id\":\"https:\/\/fr.behr.ca\/colourfullybehr\/#\/schema\/logo\/image\/\"}},{\"@type\":\"Person\",\"@id\":\"https:\/\/fr.behr.ca\/colourfullybehr\/#\/schema\/person\/de735f5b939e59c6c920667df59ca59c\",\"name\":\"Larayne Boaz\",\"image\":{\"@type\":\"ImageObject\",\"inLanguage\":\"en-US\",\"@id\":\"https:\/\/fr.behr.ca\/colourfullybehr\/#\/schema\/person\/image\/\",\"url\":\"https:\/\/secure.gravatar.com\/avatar\/6944f6a1653829c632e551dfb8ed9377?s=96&d=mm&r=g\",\"contentUrl\":\"https:\/\/secure.gravatar.com\/avatar\/6944f6a1653829c632e551dfb8ed9377?s=96&d=mm&r=g\",\"caption\":\"Larayne Boaz\"},\"url\":\"https:\/\/fr.behr.ca\/colourfullybehr\/author\/lboaz\/\"}]}<\/script>\n<!-- \/ Yoast SEO plugin. -->","yoast_head_json":{"title":"Couleurs neutres et vives | Tout en couleur BEHR","description":"Choisir des couleurs de peinture peut \u00eatre amusant, mais aussi intimidant. Explorez la palette Behr de couleurs neutres et vives pour comparer les diff\u00e9rences et vous aider \u00e0 d\u00e9cider ce qui vous convient le mieux.","robots":{"index":"index","follow":"follow","max-snippet":"max-snippet:-1","max-image-preview":"max-image-preview:large","max-video-preview":"max-video-preview:-1"},"canonical":"https:\/\/fr.behr.ca\/colourfullybehr\/couleurs-neutres-et-vives-tout-en-couleur-behr\/","og_locale":"en_US","og_type":"article","og_title":"Couleurs neutres et vives | Tout en couleur BEHR","og_description":"Choisir des couleurs de peinture peut \u00eatre amusant, mais aussi intimidant. Explorez la palette Behr de couleurs neutres et vives pour comparer les diff\u00e9rences et vous aider \u00e0 d\u00e9cider ce qui vous convient le mieux.","og_url":"https:\/\/fr.behr.ca\/colourfullybehr\/couleurs-neutres-et-vives-tout-en-couleur-behr\/","og_site_name":"Tout en couleur, BEHR","article_published_time":"2024-09-24T08:00:00+00:00","article_modified_time":"2024-09-12T21:24:36+00:00","author":"Larayne Boaz","twitter_misc":{"Written by":"Larayne Boaz","Est. reading time":"5 minutes"},"schema":{"@context":"https:\/\/schema.org","@graph":[{"@type":"Article","@id":"https:\/\/fr.behr.ca\/colourfullybehr\/couleurs-neutres-et-vives-tout-en-couleur-behr\/#article","isPartOf":{"@id":"https:\/\/fr.behr.ca\/colourfullybehr\/couleurs-neutres-et-vives-tout-en-couleur-behr\/"},"author":{"name":"Larayne Boaz","@id":"https:\/\/fr.behr.ca\/colourfullybehr\/#\/schema\/person\/de735f5b939e59c6c920667df59ca59c"},"headline":"Impact des couleurs : Teintes neutres vs vives","datePublished":"2024-09-24T08:00:00+00:00","dateModified":"2024-09-12T21:24:36+00:00","mainEntityOfPage":{"@id":"https:\/\/fr.behr.ca\/colourfullybehr\/couleurs-neutres-et-vives-tout-en-couleur-behr\/"},"wordCount":736,"commentCount":0,"publisher":{"@id":"https:\/\/fr.behr.ca\/colourfullybehr\/#organization"},"keywords":["couleurs neutres de peinture","Couleurs vives","couleurs vives de peinture","palette de couleurs neutres","palette de couleurs vives"],"articleSection":["Bleu","Couleurs + tendances","Neutre","Vert","Violet"],"inLanguage":"en-US","potentialAction":[{"@type":"CommentAction","name":"Comment","target":["https:\/\/fr.behr.ca\/colourfullybehr\/couleurs-neutres-et-vives-tout-en-couleur-behr\/#respond"]}]},{"@type":"WebPage","@id":"https:\/\/fr.behr.ca\/colourfullybehr\/couleurs-neutres-et-vives-tout-en-couleur-behr\/","url":"https:\/\/fr.behr.ca\/colourfullybehr\/couleurs-neutres-et-vives-tout-en-couleur-behr\/","name":"Couleurs neutres et vives | Tout en couleur BEHR","isPartOf":{"@id":"https:\/\/fr.behr.ca\/colourfullybehr\/#website"},"datePublished":"2024-09-24T08:00:00+00:00","dateModified":"2024-09-12T21:24:36+00:00","description":"Choisir des couleurs de peinture peut \u00eatre amusant, mais aussi intimidant. Explorez la palette Behr de couleurs neutres et vives pour comparer les diff\u00e9rences et vous aider \u00e0 d\u00e9cider ce qui vous convient le mieux.","inLanguage":"en-US","potentialAction":[{"@type":"ReadAction","target":["https:\/\/fr.behr.ca\/colourfullybehr\/couleurs-neutres-et-vives-tout-en-couleur-behr\/"]}]},{"@type":"WebSite","@id":"https:\/\/fr.behr.ca\/colourfullybehr\/#website","url":"https:\/\/fr.behr.ca\/colourfullybehr\/","name":"Tout en couleur, BEHR","description":"","publisher":{"@id":"https:\/\/fr.behr.ca\/colourfullybehr\/#organization"},"potentialAction":[{"@type":"SearchAction","target":{"@type":"EntryPoint","urlTemplate":"https:\/\/fr.behr.ca\/colourfullybehr\/?s={search_term_string}"},"query-input":"required name=search_term_string"}],"inLanguage":"en-US"},{"@type":"Organization","@id":"https:\/\/fr.behr.ca\/colourfullybehr\/#organization","name":"Tout en couleur, BEHR","url":"https:\/\/fr.behr.ca\/colourfullybehr\/","logo":{"@type":"ImageObject","inLanguage":"en-US","@id":"https:\/\/fr.behr.ca\/colourfullybehr\/#\/schema\/logo\/image\/","url":"https:\/\/fr.behr.ca\/colourfullybehr\/wp-content\/uploads\/2021\/10\/colourfully-behr-logo-fr.png","contentUrl":"https:\/\/fr.behr.ca\/colourfullybehr\/wp-content\/uploads\/2021\/10\/colourfully-behr-logo-fr.png","width":1000,"height":248,"caption":"Tout en couleur, BEHR"},"image":{"@id":"https:\/\/fr.behr.ca\/colourfullybehr\/#\/schema\/logo\/image\/"}},{"@type":"Person","@id":"https:\/\/fr.behr.ca\/colourfullybehr\/#\/schema\/person\/de735f5b939e59c6c920667df59ca59c","name":"Larayne Boaz","image":{"@type":"ImageObject","inLanguage":"en-US","@id":"https:\/\/fr.behr.ca\/colourfullybehr\/#\/schema\/person\/image\/","url":"https:\/\/secure.gravatar.com\/avatar\/6944f6a1653829c632e551dfb8ed9377?s=96&d=mm&r=g","contentUrl":"https:\/\/secure.gravatar.com\/avatar\/6944f6a1653829c632e551dfb8ed9377?s=96&d=mm&r=g","caption":"Larayne Boaz"},"url":"https:\/\/fr.behr.ca\/colourfullybehr\/author\/lboaz\/"}]}},"_links":{"self":[{"href":"https:\/\/fr.behr.ca\/colourfullybehr\/wp-json\/wp\/v2\/posts\/20168"}],"collection":[{"href":"https:\/\/fr.behr.ca\/colourfullybehr\/wp-json\/wp\/v2\/posts"}],"about":[{"href":"https:\/\/fr.behr.ca\/colourfullybehr\/wp-json\/wp\/v2\/types\/post"}],"author":[{"embeddable":true,"href":"https:\/\/fr.behr.ca\/colourfullybehr\/wp-json\/wp\/v2\/users\/27"}],"replies":[{"embeddable":true,"href":"https:\/\/fr.behr.ca\/colourfullybehr\/wp-json\/wp\/v2\/comments?post=20168"}],"version-history":[{"count":1,"href":"https:\/\/fr.behr.ca\/colourfullybehr\/wp-json\/wp\/v2\/posts\/20168\/revisions"}],"predecessor-version":[{"id":20170,"href":"https:\/\/fr.behr.ca\/colourfullybehr\/wp-json\/wp\/v2\/posts\/20168\/revisions\/20170"}],"wp:featuredmedia":[{"embeddable":true,"href":"https:\/\/fr.behr.ca\/colourfullybehr\/wp-json\/wp\/v2\/media\/20165"}],"wp:attachment":[{"href":"https:\/\/fr.behr.ca\/colourfullybehr\/wp-json\/wp\/v2\/media?parent=20168"}],"wp:term":[{"taxonomy":"category","embeddable":true,"href":"https:\/\/fr.behr.ca\/colourfullybehr\/wp-json\/wp\/v2\/categories?post=20168"},{"taxonomy":"post_tag","embeddable":true,"href":"https:\/\/fr.behr.ca\/colourfullybehr\/wp-json\/wp\/v2\/tags?post=20168"}],"curies":[{"name":"wp","href":"https:\/\/api.w.org\/{rel}","templated":true}]}}