{"id":20206,"date":"2024-10-15T08:00:00","date_gmt":"2024-10-15T08:00:00","guid":{"rendered":"https:\/\/fr.behr.ca\/colourfullybehr\/?p=20206"},"modified":"2024-10-15T17:50:10","modified_gmt":"2024-10-15T17:50:10","slug":"meilleurs-blancs-pour-tous-les-styles","status":"publish","type":"post","link":"https:\/\/fr.behr.ca\/colourfullybehr\/meilleurs-blancs-pour-tous-les-styles\/","title":{"rendered":"<strong>Meilleurs blancs pour tous les styles<\/strong>"},"content":{"rendered":"\n<figure class=\"wp-block-image size-full\"><img decoding=\"async\" loading=\"lazy\" width=\"586\" height=\"477\" src=\"https:\/\/fr.behr.ca\/colourfullybehr\/wp-content\/uploads\/2024\/10\/BEHR_21.12_COPPERFORCE_TC_ENT_001-3.jpg\" alt=\"Une grande entr\u00e9e de maison avec une porte d'entr\u00e9e noire dot\u00e9e de panneaux vitr\u00e9s et de fen\u00eatres lat\u00e9rales. Les murs sont peintur\u00e9s en blanc.  \u00c0 droite, un escalier aux marches en bois fonc\u00e9 et une rampe en m\u00e9tal noir. La lumi\u00e8re naturelle inonde l'espace, renfor\u00e7ant son ambiance accueillante, et des plantes en pot ajoutent une touche de verdure.\" class=\"wp-image-20207\"\/><\/figure>\n\n\n\n<p>Le blanc est la couleur la plus populaire dans le monde de la peinture, mais elle est loin d&#8217;\u00eatre simple. Pensez \u00e0 toutes les fa\u00e7ons dont nous d\u00e9crivons le blanc : paisible, \u00e9nergique, glac\u00e9, confortable, d\u00e9contract\u00e9, \u00e9l\u00e9gant, lumineux, subtil, intemporel, moderne &#8211; la liste est longue. Il est clair que le blanc est tout sauf basique !<\/p>\n\n\n\n<p>Et ce n&#8217;est qu&#8217;un d\u00e9but. Aucun blanc n&#8217;est exactement \u00ab blanc \u00bb. Nous utilisons des termes tels que \u00ab blanc pur \u00bb, \u00ab blanc cass\u00e9 \u00bb et simplement \u00ab blanc \u00bb. De plus, des nuances subtiles comme le rose, le vert, le bleu, le jaune et le gris peuvent modifier l&#8217;aspect d&#8217;un blanc. <\/p>\n\n\n\n<ul>\n<li>Les blancs froids ajoutent nettet\u00e9, a\u00e9ration et luminosit\u00e9 \u00e0 une pi\u00e8ce, donnant l&#8217;impression que les espaces sont plus grands.<\/li>\n\n\n\n<li>Les blancs chauds sont accueillants et douillets, parfaits pour cr\u00e9er une atmosph\u00e8re d\u00e9tendue et accueillante.<\/li>\n\n\n\n<li>Les blancs neutres sont incroyablement polyvalents et peuvent \u00eatre utilis\u00e9s dans plusieurs contextes pour obtenir diff\u00e9rents effets. <\/li>\n<\/ul>\n\n\n\n<p>Mais ce n&#8217;est pas tout ! Des \u00e9l\u00e9ments tels que le degr\u00e9 de lustre, l&#8217;heure de la journ\u00e9e, les couleurs avoisinantes et l&#8217;\u00e9clairage peuvent modifier l&#8217;apparence d&#8217;une peinture blanche. Trouver le bon blanc peut \u00eatre difficile, mais cela en vaut la peine.<\/p>\n\n\n\n<p>Lorsque vous choisissez une peinture blanche, vous aurez quelques d\u00e9cisions \u00e0 prendre. La r\u00e9compense ? Voir le blanc parfait dans votre maison.<\/p>\n\n\n\n<p>Pour vous aider \u00e0 trouver le blanc de vos r\u00eaves, voici les peintures blanches les plus populaires, y compris certaines options de <a href=\"https:\/\/fr.behr.ca\/consumer\/designer-collection\/\">la collection Designer de BEHR<sup>MD<\/sup><\/a>.<\/p>\n\n\n\n<p><strong>BLANC ULTRA PUR<\/strong><strong><sup>MC<\/sup><\/strong><\/p>\n\n\n\n<p>Propre et pur, <a href=\"https:\/\/fr.behr.ca\/consumer\/ColorDetailView\/UPW\">BLANC ULTRA PUR<sup>MC<\/sup><\/a><sup> <\/sup>est le blanc le plus blanc. Utilisez-le pour augmenter la taille d&#8217;un espace ou pour mettre en valeur les garnitures et les moulures.<\/p>\n\n\n\n<figure class=\"wp-block-image size-full\"><img decoding=\"async\" loading=\"lazy\" width=\"694\" height=\"800\" src=\"https:\/\/fr.behr.ca\/colourfullybehr\/wp-content\/uploads\/2024\/10\/MADIGANSTUDIOS_BEHR_2020TRENDS_BATHROOM_001_before_RGB.jpg\" alt=\"\" class=\"wp-image-20210\"\/><figcaption class=\"wp-element-caption\">Murs : <a href=\"https:\/\/fr.behr.ca\/consumer\/ColorDetailView\/UPW\">BLANC ULTRA PUR<sup>MC<\/sup><\/a><\/figcaption><\/figure>\n\n\n\n<p><strong>Ours polaire 75<\/strong><\/p>\n\n\n\n<p><a href=\"https:\/\/fr.behr.ca\/consumer\/ColorDetailView\/75\">Ours polaire<\/a> st un blanc brillant, pur et net, sans nuances.<\/p>\n\n\n\n<figure class=\"wp-block-image size-full\"><img decoding=\"async\" loading=\"lazy\" width=\"800\" height=\"733\" src=\"https:\/\/fr.behr.ca\/colourfullybehr\/wp-content\/uploads\/2024\/10\/BEHR_23.04_TREND_ENTRY_KM_WhippedCream_CrackedPepper-1.jpg\" alt=\"Une entr\u00e9e de maison avec des murs blancs et une porte noire vo\u00fbt\u00e9e. \u00c0 gauche, il y a une console en bois avec des panneaux frontaux \u00e0 motifs, au-dessus de laquelle est accroch\u00e9 un tableau encadr\u00e9. Le plancher en bois franc est recouvert d'un tapis beige et l'espace est bien \u00e9clair\u00e9 par la lumi\u00e8re naturelle qui traverse la partie vitr\u00e9e de la porte.\" class=\"wp-image-20211\"\/><figcaption class=\"wp-element-caption\">Murs&nbsp;: <a href=\"https:\/\/fr.behr.ca\/consumer\/ColorDetailView\/75\">Ours polaire<\/a>, garnitures&nbsp;: <a href=\"https:\/\/fr.behr.ca\/consumer\/ColorDetailView\/UPW\">BLANC ULTRA PUR<sup>MC<\/sup><\/a>, porte&nbsp;: <a href=\"https:\/\/fr.behr.ca\/consumer\/ColorDetailView\/PPU18-01\">Poivre concass\u00e9<\/a><\/figcaption><\/figure>\n\n\n\n<p><strong>Cr\u00e8me fouett\u00e9e DC-001<\/strong><\/p>\n\n\n\n<p>D\u00e9licieuse et accrocheuse, la teinte <a href=\"https:\/\/fr.behr.ca\/consumer\/ColorDetailView\/DC-001\">Cr\u00e8me fouett\u00e9e<\/a> est parfaite pour les chambres et les entr\u00e9es. Tout comme une cuiller\u00e9e de cr\u00e8me fouett\u00e9e, elle ajoute une l\u00e9g\u00e8ret\u00e9 ludique \u00e0 votre int\u00e9rieur.<\/p>\n\n\n\n<figure class=\"wp-block-image size-full\"><img decoding=\"async\" loading=\"lazy\" width=\"521\" height=\"800\" src=\"https:\/\/fr.behr.ca\/colourfullybehr\/wp-content\/uploads\/2024\/10\/BEHR_2020TRENDS_HALLWAY_WhippedCream_EvenBetterBeige-4.jpg\" alt=\"Un long couloir aux murs d'un blanc immacul\u00e9 qui refl\u00e8tent l'abondante lumi\u00e8re naturelle provenant des grandes fen\u00eatres. Le ton dor\u00e9 du plancher renforce la luminosit\u00e9 de l'espace.  Au fond, un tableau d'art moderne aux couleurs vives contraste magnifiquement avec les tons blancs et beiges de l'environnement, ajoutant une touche de personnalit\u00e9 au couloir.\" class=\"wp-image-20212\"\/><figcaption class=\"wp-element-caption\">Murs&nbsp;: <a href=\"https:\/\/fr.behr.ca\/consumer\/ColorDetailView\/DC-001\">Cr\u00e8me fouett\u00e9e<\/a>, mur d\u2019accent&nbsp;: <a href=\"https:\/\/fr.behr.ca\/consumer\/ColorDetailView\/DC-010\">Encore plus beige<\/a>, garnitures&nbsp;: <a href=\"https:\/\/fr.behr.ca\/consumer\/ColorDetailView\/UPW\">BLANC ULTRA PUR<sup>MC<\/sup><\/a><\/figcaption><\/figure>\n\n\n\n<p><strong>Blanc murmure HDC-MD-08<\/strong><\/p>\n\n\n\n<p>Une couleur lumineuse avec de l\u00e9g\u00e8res nuances de cr\u00e8me et de beige, <a href=\"https:\/\/fr.behr.ca\/consumer\/ColorDetailView\/HDC-MD-08\">Blanc murmure<\/a> se marie bien avec presque tout.<\/p>\n\n\n\n<figure class=\"wp-block-image size-full\"><img decoding=\"async\" loading=\"lazy\" width=\"6295\" height=\"4517\" src=\"https:\/\/fr.behr.ca\/colourfullybehr\/wp-content\/uploads\/2024\/10\/AB_BEHR_21.12_PREMIUMAEROSOLS_TC_ENT_009_AdirondackBlue_WhisperWhite.jpg\" alt=\"Une galerie avec une porte bleue centr\u00e9e entre deux colonnes blanches.\" class=\"wp-image-20213\"\/><figcaption class=\"wp-element-caption\">&nbsp;Murs&nbsp;: <a href=\"https:\/\/fr.behr.ca\/consumer\/ColorDetailView\/HDC-MD-08\">Blanc murmure<\/a><\/figcaption><\/figure>\n\n\n\n<p><strong>Blanc nano HDC-MD-06<\/strong><\/p>\n\n\n\n<p>Un blanc pur avec une l\u00e9g\u00e8re nuance de gris, <a href=\"https:\/\/fr.behr.ca\/consumer\/ColorDetailView\/HDC-MD-06\">Blanc nano<\/a> est parfait pour cr\u00e9er un effet propre et net sur les murs, garnitures et plafonds.<\/p>\n\n\n\n<figure class=\"wp-block-image size-full\"><img decoding=\"async\" loading=\"lazy\" width=\"800\" height=\"550\" src=\"https:\/\/fr.behr.ca\/colourfullybehr\/wp-content\/uploads\/2024\/10\/BEHR_22.08_DYNASTYEXTERIOR_CU_6366W79THST_001.jpg\" alt=\"Une grande maison de ferme moderne \u00e0 la fa\u00e7ade d\u2019un blanc frappant et d\u2019un gris fonc\u00e9 contrastant, avec une toiture et des accents noirs. La structure pr\u00e9sente un m\u00e9lange de textures, notamment des briques blanches et des bardages verticaux. La porte de garage est en bois avec des planches horizontales, ce qui ajoute de la chaleur \u00e0 la palette de couleurs froides.\" class=\"wp-image-20215\"\/><figcaption class=\"wp-element-caption\">Corps de maison&nbsp;: <a href=\"https:\/\/fr.behr.ca\/consumer\/ColorDetailView\/HDC-MD-06\">Blanc nano<\/a><\/figcaption><\/figure>\n\n\n\n<p><strong>Blanc soyeux PPU7-12<\/strong><\/p>\n\n\n\n<p>Un blanc aux nuances subtiles de gr\u00e8ge, <a href=\"https:\/\/fr.behr.ca\/consumer\/ColorDetailView\/PPU7-12\">Blanc soyeux<\/a> est une nuance \u00e9quilibr\u00e9e qui enrichit presque tous les agencements de couleurs.<\/p>\n\n\n\n<figure class=\"wp-block-image size-full\"><img decoding=\"async\" loading=\"lazy\" width=\"1000\" height=\"1000\" src=\"https:\/\/fr.behr.ca\/colourfullybehr\/wp-content\/uploads\/2024\/10\/BEHR_22.03_DESIGNERCOLLECTION_OFFICE_005_MQ3-32-CAMEO-WHITE.jpg\" alt=\"Un bureau \u00e0 domicile contemporain avec des murs en Blanc soyeux. Au centre de l'espace de travail se trouve un pupitre rectangulaire noir et \u00e9l\u00e9gant, appari\u00e9 \u00e0 une chaise assortie. Le plancher est recouvert d'un tapis \u00e0 motifs g\u00e9om\u00e9triques dans les tons de noir et de gris.\n\n\" class=\"wp-image-20216\"\/><figcaption class=\"wp-element-caption\">Murs et portes&nbsp;: <a href=\"https:\/\/fr.behr.ca\/consumer\/ColorDetailView\/PPU7-12\">Blanc soyeux<\/a><\/figcaption><\/figure>\n\n\n\n<p><strong><u>BLANCS CHAUDS<\/u><\/strong><\/p>\n\n\n\n<p><strong>Blanc naturel DC-005<\/strong><\/p>\n\n\n\n<p><a href=\"https:\/\/fr.behr.ca\/consumer\/ColorDetailView\/DC-005\">Blanc naturel<\/a> est un blanc vif aux d\u00e9licates nuances de jaune qui apporte chaleur et confort \u00e0 votre int\u00e9rieur.<\/p>\n\n\n\n<figure class=\"wp-block-image size-full\"><img decoding=\"async\" loading=\"lazy\" width=\"519\" height=\"800\" src=\"https:\/\/fr.behr.ca\/colourfullybehr\/wp-content\/uploads\/2024\/10\/BEHR_22.02_DESIGNERCOLLECTION_KM_001_NaturalWhite.jpg\" alt=\"Une chambre contemporaine avec un lit confortable et des murs d'un blanc l\u00e9g\u00e8rement teint\u00e9 de jaune, ce qui ajoute une touche chaleureuse et accueillante \u00e0 l'espace.\" class=\"wp-image-20217\"\/><figcaption class=\"wp-element-caption\">Mur&nbsp;: <a href=\"https:\/\/fr.behr.ca\/consumer\/ColorDetailView\/DC-005\">Blanc naturel<\/a><\/figcaption><\/figure>\n\n\n\n<p><strong>Caf\u00e9 suisse 12<\/strong><\/p>\n\n\n\n<p>Une teinte populaire de Behr depuis des d\u00e9cennies, <a href=\"https:\/\/fr.behr.ca\/consumer\/ColorDetailView\/12\">Caf\u00e9 suisse<\/a> est un blanc classique et chaud qui convient aussi bien \u00e0 l&#8217;ext\u00e9rieur qu&#8217;\u00e0 l&#8217;int\u00e9rieur.<\/p>\n\n\n\n<figure class=\"wp-block-image size-full\"><img decoding=\"async\" loading=\"lazy\" width=\"800\" height=\"540\" src=\"https:\/\/fr.behr.ca\/colourfullybehr\/wp-content\/uploads\/2024\/10\/BEHR_24.03_COLORTRENDS_TC_LIV_402.jpg\" alt=\"Un salon bien \u00e9clair\u00e9 aux murs d\u2019un blanc chaud, un sofa beige avec une couverture \u00e0 une extr\u00e9mit\u00e9, une table d'appoint noire avec une lampe blanche et un grand vase avec du feuillage vert sur la table centrale. Trois tableaux abstraits encadr\u00e9s sont accroch\u00e9s au mur au-dessus du sofa, et des rideaux beiges sont suspendus \u00e0 la fen\u00eatre qui laisse entrer la lumi\u00e8re naturelle.\" class=\"wp-image-20219\"\/><figcaption class=\"wp-element-caption\">Murs et garnitures&nbsp;: <a href=\"https:\/\/fr.behr.ca\/consumer\/ColorDetailView\/12\">Caf\u00e9 suisse<\/a><\/figcaption><\/figure>\n\n\n\n<p><strong>Blanc fum\u00e9 BWC-13<\/strong><\/p>\n\n\n\n<p>Un blanc cass\u00e9 polyvalent avec une nuance de rose poudreux, <a href=\"https:\/\/fr.behr.ca\/consumer\/ColorDetailView\/BWC-13\">Blanc fum\u00e9<\/a> est parfait pour les murs, les garnitures et les armoires.<\/p>\n\n\n\n<figure class=\"wp-block-image size-full\"><img decoding=\"async\" loading=\"lazy\" width=\"555\" height=\"500\" src=\"https:\/\/fr.behr.ca\/colourfullybehr\/wp-content\/uploads\/2024\/10\/MADIGANSTUDIOS_BEHR_2020TRENDS_YELLOWBATHROOM_002-COPY.jpg\" alt=\"Une salle de bain traditionnelle dont les murs et le plafond sont blancs, cr\u00e9ant ainsi une atmosph\u00e8re propre et a\u00e9r\u00e9e. Au centre de l'espace se trouve une baignoire classique plac\u00e9e sous une grande fen\u00eatre aux garnitures blanches qui permet \u00e0 la lumi\u00e8re naturelle de p\u00e9n\u00e9trer \u00e0 l'int\u00e9rieur.\n\n\" class=\"wp-image-20221\"\/><figcaption class=\"wp-element-caption\">Murs et plafond&nbsp;: <a href=\"https:\/\/fr.behr.ca\/consumer\/ColorDetailView\/BWC-13\">Blanc fum\u00e9<\/a>, garnitures&nbsp;: <a href=\"https:\/\/fr.behr.ca\/consumer\/ColorDetailView\/75\">Ours polaire<\/a><\/figcaption><\/figure>\n\n\n\n<p><strong><u>BLANCS FROIDS<\/u><\/strong><\/p>\n\n\n\n<p><strong>Givre 57<\/strong><\/p>\n\n\n\n<p>Un ton blanc glac\u00e9 qui donne une impression de fra\u00eecheur, de luminosit\u00e9 et d&#8217;ouverture, <a href=\"https:\/\/fr.behr.ca\/consumer\/ColorDetailView\/57\">Givre<\/a> est id\u00e9al pour les murs ou les garnitures, en particulier dans les petits espaces. Ce blanc poss\u00e8de une \u00e9nergie distincte avec ses nuances bleu-vert.<\/p>\n\n\n\n<figure class=\"wp-block-image size-full\"><img decoding=\"async\" loading=\"lazy\" width=\"800\" height=\"461\" src=\"https:\/\/fr.behr.ca\/colourfullybehr\/wp-content\/uploads\/2024\/10\/TC-Studios_Behr_ColorSmart_LivingRoom3_57_FROST.jpg\" alt=\"Un salon de style danois avec un mur blanc dont la couleur de fond est le vert. La pi\u00e8ce est meubl\u00e9e d'un sofa moderne gris d\u00e9cor\u00e9 de deux coussins gris et d'un coussin vert, qui apportent une touche de couleur subtile.\" class=\"wp-image-20222\"\/><figcaption class=\"wp-element-caption\">Mur&nbsp;: <a href=\"https:\/\/fr.behr.ca\/consumer\/ColorDetailView\/57\">Givre<\/a><\/figcaption><\/figure>\n\n\n\n<p><strong>Bo\u00eete de boulangerie BL-W09<\/strong><\/p>\n\n\n\n<p>Une teinte bleu-blanc qui cr\u00e9e une sensation de fra\u00eecheur et de l\u00e9g\u00e8ret\u00e9, <a href=\"https:\/\/fr.behr.ca\/consumer\/ColorDetailView\/BL-W09\">Bo\u00eete de boulangerie<\/a> est encore plus spectaculaire dans les pi\u00e8ces \u00e9clair\u00e9es par la lumi\u00e8re naturelle.<\/p>\n\n\n\n<figure class=\"wp-block-image size-full\"><img decoding=\"async\" loading=\"lazy\" width=\"5378\" height=\"3499\" src=\"https:\/\/fr.behr.ca\/colourfullybehr\/wp-content\/uploads\/2024\/10\/BEHR_22.03_BOYSBEDROOM_BEFORE_BakeryBox.jpg\" alt=\"Une chambre avec un mur blanc bleut\u00e9 apaisant et des panneaux verticaux en bois qui ajoutent de la texture et de la profondeur. La chambre est meubl\u00e9e d'un lit au cadre de m\u00e9tal noir sur lequel sont pos\u00e9s des oreillers soigneusement dispos\u00e9s dans des tons de vert et de bleu, compl\u00e9t\u00e9s par une couette matelass\u00e9e bleu marine et beige.\" class=\"wp-image-20223\"\/><figcaption class=\"wp-element-caption\">Murs&nbsp;: <a href=\"https:\/\/fr.behr.ca\/consumer\/ColorDetailView\/BL-W09\">Bo\u00eete de boulangerie<\/a><\/figcaption><\/figure>\n\n\n\n<p><strong>Blanc 52<\/strong><\/p>\n\n\n\n<p><a href=\"https:\/\/fr.behr.ca\/consumer\/ColorDetailView\/52\">Blanc<\/a> est un ton clair classique avec des touches de bleu, ajoutant de la profondeur et englobant votre espace dans la s\u00e9r\u00e9nit\u00e9.<\/p>\n\n\n\n<figure class=\"wp-block-image size-full\"><img decoding=\"async\" loading=\"lazy\" width=\"800\" height=\"486\" src=\"https:\/\/fr.behr.ca\/colourfullybehr\/wp-content\/uploads\/2024\/10\/THSCreative_Behr_Digital_Farmhouse_Kitchen_001-1.jpg\" alt=\"Une cuisine de ferme moderne aux murs blancs et aux \u00e9l\u00e9gantes armoires blanches avec poign\u00e9es argent\u00e9es. Les armoires sont agenc\u00e9es d\u2019un comptoir fonc\u00e9 et d\u2019un dosseret en carreaux blancs.  Des \u00e9tag\u00e8res ouvertes en bois pr\u00e9sentent divers articles de cuisine. Les appareils \u00e9lectrom\u00e9nagers en acier inoxydable, dont un four double, sont int\u00e9gr\u00e9s dans les armoires.\n\n\" class=\"wp-image-20224\"\/><figcaption class=\"wp-element-caption\">Murs et garnitures&nbsp;: <a href=\"https:\/\/fr.behr.ca\/consumer\/ColorDetailView\/52\">Blanc<\/a><\/figcaption><\/figure>\n\n\n\n<p><strong>Blanc de peintre PPU18-08<\/strong><\/p>\n\n\n\n<p><a href=\"https:\/\/fr.behr.ca\/consumer\/ColorDetailView\/PPU18-08\">Blanc de peintre<\/a> est une teinte polyvalente avec des nuances de violet et de gris. Elle peut para\u00eetre chaude ou froide selon l&#8217;\u00e9clairage. Si vous aimez l&#8217;\u00e9l\u00e9gance du gris mais souhaitez la luminosit\u00e9 du blanc, cette couleur offre le meilleur des deux mondes.<\/p>\n\n\n\n<figure class=\"wp-block-image size-full\"><img decoding=\"async\" loading=\"lazy\" width=\"800\" height=\"662\" src=\"https:\/\/fr.behr.ca\/colourfullybehr\/wp-content\/uploads\/2024\/10\/MADIGANSTUDIOS_BEHR_2020TRENDS_ENTRYFLOOR_003-1.jpg\" alt=\"Un couloir avec des murs blancs, des garnitures blanches et une porte blanche. Une table bleue en demi-lune est plac\u00e9e contre le mur sous un miroir rond au cadre noir, ajoutant une touche de couleur \u00e0 ce d\u00e9cor. Le plancher pr\u00e9sente un motif g\u00e9om\u00e9trique compos\u00e9 de carreaux p\u00e2les et fonc\u00e9s, ce qui contribue \u00e0 l'ambiance moderne de la pi\u00e8ce.\n\" class=\"wp-image-20225\"\/><figcaption class=\"wp-element-caption\">Mur et garnitures&nbsp;: <a href=\"https:\/\/fr.behr.ca\/consumer\/ColorDetailView\/PPU18-08\">Blanc de peintre<\/a><\/figcaption><\/figure>\n\n\n\n<p>Voyez tous les blancs de BEHR <a href=\"https:\/\/fr.behr.ca\/consumer\/colors\/paint\/color-family-collection\/white\">ici<\/a>.<\/p>\n\n\n\n<p>Vivez en couleur,<\/p>\n\n\n\n<p>Diana<\/p>\n","protected":false},"excerpt":{"rendered":"<p>Le blanc est la couleur la plus populaire dans le monde de la peinture, mais elle est loin d&#8217;\u00eatre simple. Pensez \u00e0 toutes les fa\u00e7ons dont nous d\u00e9crivons le blanc : paisible, \u00e9nergique, glac\u00e9, confortable, d\u00e9contract\u00e9, \u00e9l\u00e9gant, lumineux, subtil, intemporel, moderne &#8211; la liste est longue. Il est clair que le blanc est tout sauf [&hellip;]<\/p>\n","protected":false},"author":22,"featured_media":20207,"comment_status":"open","ping_status":"open","sticky":true,"template":"","format":"standard","meta":{"_s2mail":""},"categories":[18,11],"tags":[1424,1423,1420,1421,1422,1425],"yoast_head":"<!-- This site is optimized with the Yoast SEO plugin v19.14 - https:\/\/yoast.com\/wordpress\/plugins\/seo\/ -->\n<title>Les meilleurs blancs pour tous les styles | Tout en couleur BEHR<\/title>\n<meta name=\"description\" content=\"Le blanc est la couleur la plus populaire dans le monde de la peinture, mais elle est loin d&#039;\u00eatre simple. D\u00e9couvrez les meilleurs blancs de Behr et des conseils pour choisir le blanc parfait.\" \/>\n<meta name=\"robots\" content=\"index, follow, max-snippet:-1, max-image-preview:large, max-video-preview:-1\" \/>\n<link rel=\"canonical\" href=\"https:\/\/fr.behr.ca\/colourfullybehr\/meilleurs-blancs-pour-tous-les-styles\/\" \/>\n<meta property=\"og:locale\" content=\"en_US\" \/>\n<meta property=\"og:type\" content=\"article\" \/>\n<meta property=\"og:title\" content=\"Les meilleurs blancs pour tous les styles | Tout en couleur BEHR\" \/>\n<meta property=\"og:description\" content=\"Le blanc est la couleur la plus populaire dans le monde de la peinture, mais elle est loin d&#039;\u00eatre simple. D\u00e9couvrez les meilleurs blancs de Behr et des conseils pour choisir le blanc parfait.\" \/>\n<meta property=\"og:url\" content=\"https:\/\/fr.behr.ca\/colourfullybehr\/meilleurs-blancs-pour-tous-les-styles\/\" \/>\n<meta property=\"og:site_name\" content=\"Tout en couleur, BEHR\" \/>\n<meta property=\"article:published_time\" content=\"2024-10-15T08:00:00+00:00\" \/>\n<meta property=\"article:modified_time\" content=\"2024-10-15T17:50:10+00:00\" \/>\n<meta property=\"og:image\" content=\"https:\/\/fr.behr.ca\/colourfullybehr\/wp-content\/uploads\/2024\/10\/BEHR_21.12_COPPERFORCE_TC_ENT_001-3.jpg\" \/>\n\t<meta property=\"og:image:width\" content=\"586\" \/>\n\t<meta property=\"og:image:height\" content=\"477\" \/>\n\t<meta property=\"og:image:type\" content=\"image\/jpeg\" \/>\n<meta name=\"author\" content=\"Diana Olvera\" \/>\n<meta name=\"twitter:label1\" content=\"Written by\" \/>\n\t<meta name=\"twitter:data1\" content=\"Diana Olvera\" \/>\n\t<meta name=\"twitter:label2\" content=\"Est. reading time\" \/>\n\t<meta name=\"twitter:data2\" content=\"6 minutes\" \/>\n<script type=\"application\/ld+json\" class=\"yoast-schema-graph\">{\"@context\":\"https:\/\/schema.org\",\"@graph\":[{\"@type\":\"Article\",\"@id\":\"https:\/\/fr.behr.ca\/colourfullybehr\/meilleurs-blancs-pour-tous-les-styles\/#article\",\"isPartOf\":{\"@id\":\"https:\/\/fr.behr.ca\/colourfullybehr\/meilleurs-blancs-pour-tous-les-styles\/\"},\"author\":{\"name\":\"Diana Olvera\",\"@id\":\"https:\/\/fr.behr.ca\/colourfullybehr\/#\/schema\/person\/90dbe4132f0d7f7776cf3a083b942e13\"},\"headline\":\"Meilleurs blancs pour tous les styles\",\"datePublished\":\"2024-10-15T08:00:00+00:00\",\"dateModified\":\"2024-10-15T17:50:10+00:00\",\"mainEntityOfPage\":{\"@id\":\"https:\/\/fr.behr.ca\/colourfullybehr\/meilleurs-blancs-pour-tous-les-styles\/\"},\"wordCount\":780,\"commentCount\":0,\"publisher\":{\"@id\":\"https:\/\/fr.behr.ca\/colourfullybehr\/#organization\"},\"keywords\":[\"Blancs populaires\",\"Les blancs les plus populaires\",\"Meilleures couleurs de peinture blanche\",\"Meilleures peintures blanches\",\"Meilleurs blancs Meilleurs tons de blanc\",\"Peinture blanche parfaite\"],\"articleSection\":[\"Blanc\",\"Couleurs + tendances\"],\"inLanguage\":\"en-US\",\"potentialAction\":[{\"@type\":\"CommentAction\",\"name\":\"Comment\",\"target\":[\"https:\/\/fr.behr.ca\/colourfullybehr\/meilleurs-blancs-pour-tous-les-styles\/#respond\"]}]},{\"@type\":\"WebPage\",\"@id\":\"https:\/\/fr.behr.ca\/colourfullybehr\/meilleurs-blancs-pour-tous-les-styles\/\",\"url\":\"https:\/\/fr.behr.ca\/colourfullybehr\/meilleurs-blancs-pour-tous-les-styles\/\",\"name\":\"Les meilleurs blancs pour tous les styles | Tout en couleur BEHR\",\"isPartOf\":{\"@id\":\"https:\/\/fr.behr.ca\/colourfullybehr\/#website\"},\"datePublished\":\"2024-10-15T08:00:00+00:00\",\"dateModified\":\"2024-10-15T17:50:10+00:00\",\"description\":\"Le blanc est la couleur la plus populaire dans le monde de la peinture, mais elle est loin d'\u00eatre simple. D\u00e9couvrez les meilleurs blancs de Behr et des conseils pour choisir le blanc parfait.\",\"inLanguage\":\"en-US\",\"potentialAction\":[{\"@type\":\"ReadAction\",\"target\":[\"https:\/\/fr.behr.ca\/colourfullybehr\/meilleurs-blancs-pour-tous-les-styles\/\"]}]},{\"@type\":\"WebSite\",\"@id\":\"https:\/\/fr.behr.ca\/colourfullybehr\/#website\",\"url\":\"https:\/\/fr.behr.ca\/colourfullybehr\/\",\"name\":\"Tout en couleur, BEHR\",\"description\":\"\",\"publisher\":{\"@id\":\"https:\/\/fr.behr.ca\/colourfullybehr\/#organization\"},\"potentialAction\":[{\"@type\":\"SearchAction\",\"target\":{\"@type\":\"EntryPoint\",\"urlTemplate\":\"https:\/\/fr.behr.ca\/colourfullybehr\/?s={search_term_string}\"},\"query-input\":\"required name=search_term_string\"}],\"inLanguage\":\"en-US\"},{\"@type\":\"Organization\",\"@id\":\"https:\/\/fr.behr.ca\/colourfullybehr\/#organization\",\"name\":\"Tout en couleur, BEHR\",\"url\":\"https:\/\/fr.behr.ca\/colourfullybehr\/\",\"logo\":{\"@type\":\"ImageObject\",\"inLanguage\":\"en-US\",\"@id\":\"https:\/\/fr.behr.ca\/colourfullybehr\/#\/schema\/logo\/image\/\",\"url\":\"https:\/\/fr.behr.ca\/colourfullybehr\/wp-content\/uploads\/2021\/10\/colourfully-behr-logo-fr.png\",\"contentUrl\":\"https:\/\/fr.behr.ca\/colourfullybehr\/wp-content\/uploads\/2021\/10\/colourfully-behr-logo-fr.png\",\"width\":1000,\"height\":248,\"caption\":\"Tout en couleur, BEHR\"},\"image\":{\"@id\":\"https:\/\/fr.behr.ca\/colourfullybehr\/#\/schema\/logo\/image\/\"}},{\"@type\":\"Person\",\"@id\":\"https:\/\/fr.behr.ca\/colourfullybehr\/#\/schema\/person\/90dbe4132f0d7f7776cf3a083b942e13\",\"name\":\"Diana Olvera\",\"image\":{\"@type\":\"ImageObject\",\"inLanguage\":\"en-US\",\"@id\":\"https:\/\/fr.behr.ca\/colourfullybehr\/#\/schema\/person\/image\/\",\"url\":\"https:\/\/secure.gravatar.com\/avatar\/465ca6aaf2f16757d94ae8cf0c8c7dca?s=96&d=mm&r=g\",\"contentUrl\":\"https:\/\/secure.gravatar.com\/avatar\/465ca6aaf2f16757d94ae8cf0c8c7dca?s=96&d=mm&r=g\",\"caption\":\"Diana Olvera\"},\"url\":\"https:\/\/fr.behr.ca\/colourfullybehr\/author\/dolvera\/\"}]}<\/script>\n<!-- \/ Yoast SEO plugin. -->","yoast_head_json":{"title":"Les meilleurs blancs pour tous les styles | Tout en couleur BEHR","description":"Le blanc est la couleur la plus populaire dans le monde de la peinture, mais elle est loin d'\u00eatre simple. D\u00e9couvrez les meilleurs blancs de Behr et des conseils pour choisir le blanc parfait.","robots":{"index":"index","follow":"follow","max-snippet":"max-snippet:-1","max-image-preview":"max-image-preview:large","max-video-preview":"max-video-preview:-1"},"canonical":"https:\/\/fr.behr.ca\/colourfullybehr\/meilleurs-blancs-pour-tous-les-styles\/","og_locale":"en_US","og_type":"article","og_title":"Les meilleurs blancs pour tous les styles | Tout en couleur BEHR","og_description":"Le blanc est la couleur la plus populaire dans le monde de la peinture, mais elle est loin d'\u00eatre simple. D\u00e9couvrez les meilleurs blancs de Behr et des conseils pour choisir le blanc parfait.","og_url":"https:\/\/fr.behr.ca\/colourfullybehr\/meilleurs-blancs-pour-tous-les-styles\/","og_site_name":"Tout en couleur, BEHR","article_published_time":"2024-10-15T08:00:00+00:00","article_modified_time":"2024-10-15T17:50:10+00:00","og_image":[{"width":586,"height":477,"url":"https:\/\/fr.behr.ca\/colourfullybehr\/wp-content\/uploads\/2024\/10\/BEHR_21.12_COPPERFORCE_TC_ENT_001-3.jpg","type":"image\/jpeg"}],"author":"Diana Olvera","twitter_misc":{"Written by":"Diana Olvera","Est. reading time":"6 minutes"},"schema":{"@context":"https:\/\/schema.org","@graph":[{"@type":"Article","@id":"https:\/\/fr.behr.ca\/colourfullybehr\/meilleurs-blancs-pour-tous-les-styles\/#article","isPartOf":{"@id":"https:\/\/fr.behr.ca\/colourfullybehr\/meilleurs-blancs-pour-tous-les-styles\/"},"author":{"name":"Diana Olvera","@id":"https:\/\/fr.behr.ca\/colourfullybehr\/#\/schema\/person\/90dbe4132f0d7f7776cf3a083b942e13"},"headline":"Meilleurs blancs pour tous les styles","datePublished":"2024-10-15T08:00:00+00:00","dateModified":"2024-10-15T17:50:10+00:00","mainEntityOfPage":{"@id":"https:\/\/fr.behr.ca\/colourfullybehr\/meilleurs-blancs-pour-tous-les-styles\/"},"wordCount":780,"commentCount":0,"publisher":{"@id":"https:\/\/fr.behr.ca\/colourfullybehr\/#organization"},"keywords":["Blancs populaires","Les blancs les plus populaires","Meilleures couleurs de peinture blanche","Meilleures peintures blanches","Meilleurs blancs Meilleurs tons de blanc","Peinture blanche parfaite"],"articleSection":["Blanc","Couleurs + tendances"],"inLanguage":"en-US","potentialAction":[{"@type":"CommentAction","name":"Comment","target":["https:\/\/fr.behr.ca\/colourfullybehr\/meilleurs-blancs-pour-tous-les-styles\/#respond"]}]},{"@type":"WebPage","@id":"https:\/\/fr.behr.ca\/colourfullybehr\/meilleurs-blancs-pour-tous-les-styles\/","url":"https:\/\/fr.behr.ca\/colourfullybehr\/meilleurs-blancs-pour-tous-les-styles\/","name":"Les meilleurs blancs pour tous les styles | Tout en couleur BEHR","isPartOf":{"@id":"https:\/\/fr.behr.ca\/colourfullybehr\/#website"},"datePublished":"2024-10-15T08:00:00+00:00","dateModified":"2024-10-15T17:50:10+00:00","description":"Le blanc est la couleur la plus populaire dans le monde de la peinture, mais elle est loin d'\u00eatre simple. D\u00e9couvrez les meilleurs blancs de Behr et des conseils pour choisir le blanc parfait.","inLanguage":"en-US","potentialAction":[{"@type":"ReadAction","target":["https:\/\/fr.behr.ca\/colourfullybehr\/meilleurs-blancs-pour-tous-les-styles\/"]}]},{"@type":"WebSite","@id":"https:\/\/fr.behr.ca\/colourfullybehr\/#website","url":"https:\/\/fr.behr.ca\/colourfullybehr\/","name":"Tout en couleur, BEHR","description":"","publisher":{"@id":"https:\/\/fr.behr.ca\/colourfullybehr\/#organization"},"potentialAction":[{"@type":"SearchAction","target":{"@type":"EntryPoint","urlTemplate":"https:\/\/fr.behr.ca\/colourfullybehr\/?s={search_term_string}"},"query-input":"required name=search_term_string"}],"inLanguage":"en-US"},{"@type":"Organization","@id":"https:\/\/fr.behr.ca\/colourfullybehr\/#organization","name":"Tout en couleur, BEHR","url":"https:\/\/fr.behr.ca\/colourfullybehr\/","logo":{"@type":"ImageObject","inLanguage":"en-US","@id":"https:\/\/fr.behr.ca\/colourfullybehr\/#\/schema\/logo\/image\/","url":"https:\/\/fr.behr.ca\/colourfullybehr\/wp-content\/uploads\/2021\/10\/colourfully-behr-logo-fr.png","contentUrl":"https:\/\/fr.behr.ca\/colourfullybehr\/wp-content\/uploads\/2021\/10\/colourfully-behr-logo-fr.png","width":1000,"height":248,"caption":"Tout en couleur, BEHR"},"image":{"@id":"https:\/\/fr.behr.ca\/colourfullybehr\/#\/schema\/logo\/image\/"}},{"@type":"Person","@id":"https:\/\/fr.behr.ca\/colourfullybehr\/#\/schema\/person\/90dbe4132f0d7f7776cf3a083b942e13","name":"Diana Olvera","image":{"@type":"ImageObject","inLanguage":"en-US","@id":"https:\/\/fr.behr.ca\/colourfullybehr\/#\/schema\/person\/image\/","url":"https:\/\/secure.gravatar.com\/avatar\/465ca6aaf2f16757d94ae8cf0c8c7dca?s=96&d=mm&r=g","contentUrl":"https:\/\/secure.gravatar.com\/avatar\/465ca6aaf2f16757d94ae8cf0c8c7dca?s=96&d=mm&r=g","caption":"Diana Olvera"},"url":"https:\/\/fr.behr.ca\/colourfullybehr\/author\/dolvera\/"}]}},"_links":{"self":[{"href":"https:\/\/fr.behr.ca\/colourfullybehr\/wp-json\/wp\/v2\/posts\/20206"}],"collection":[{"href":"https:\/\/fr.behr.ca\/colourfullybehr\/wp-json\/wp\/v2\/posts"}],"about":[{"href":"https:\/\/fr.behr.ca\/colourfullybehr\/wp-json\/wp\/v2\/types\/post"}],"author":[{"embeddable":true,"href":"https:\/\/fr.behr.ca\/colourfullybehr\/wp-json\/wp\/v2\/users\/22"}],"replies":[{"embeddable":true,"href":"https:\/\/fr.behr.ca\/colourfullybehr\/wp-json\/wp\/v2\/comments?post=20206"}],"version-history":[{"count":10,"href":"https:\/\/fr.behr.ca\/colourfullybehr\/wp-json\/wp\/v2\/posts\/20206\/revisions"}],"predecessor-version":[{"id":20230,"href":"https:\/\/fr.behr.ca\/colourfullybehr\/wp-json\/wp\/v2\/posts\/20206\/revisions\/20230"}],"wp:featuredmedia":[{"embeddable":true,"href":"https:\/\/fr.behr.ca\/colourfullybehr\/wp-json\/wp\/v2\/media\/20207"}],"wp:attachment":[{"href":"https:\/\/fr.behr.ca\/colourfullybehr\/wp-json\/wp\/v2\/media?parent=20206"}],"wp:term":[{"taxonomy":"category","embeddable":true,"href":"https:\/\/fr.behr.ca\/colourfullybehr\/wp-json\/wp\/v2\/categories?post=20206"},{"taxonomy":"post_tag","embeddable":true,"href":"https:\/\/fr.behr.ca\/colourfullybehr\/wp-json\/wp\/v2\/tags?post=20206"}],"curies":[{"name":"wp","href":"https:\/\/api.w.org\/{rel}","templated":true}]}}