{"id":20274,"date":"2024-11-12T08:00:00","date_gmt":"2024-11-12T08:00:00","guid":{"rendered":"https:\/\/fr.behr.ca\/colourfullybehr\/?p=20274"},"modified":"2024-11-08T02:31:38","modified_gmt":"2024-11-08T02:31:38","slug":"teintes-du-ciel-matinal-pour-votre-maison","status":"publish","type":"post","link":"https:\/\/fr.behr.ca\/colourfullybehr\/teintes-du-ciel-matinal-pour-votre-maison\/","title":{"rendered":"<strong>Teintes du ciel matinal pour votre maison<\/strong>"},"content":{"rendered":"\n<figure class=\"wp-block-image size-full\"><img decoding=\"async\" loading=\"lazy\" width=\"4251\" height=\"4007\" src=\"https:\/\/fr.behr.ca\/colourfullybehr\/wp-content\/uploads\/2024\/11\/BEHR_24.03_COLORTRENDS_TC_BED_001_cr_AerielView.jpg\" alt=\"Une chambre aux murs peints en bleu ciel.\" class=\"wp-image-20269\"\/><\/figure>\n\n\n\n<p>Quand il s&#8217;agit de transformer une pi\u00e8ce, la couleur des murs joue un r\u00f4le fondamental. La bonne teinte peut compl\u00e8tement modifier l&#8217;ambiance, rendant un espace douillet, vibrant, serein ou sophistiqu\u00e9. Cette palette s&#8217;inspire des couleurs atmosph\u00e9riques que l&#8217;on trouve au lever du soleil et qui favorisent la tranquillit\u00e9 et le confort. Voyons comment les couleurs de notre palette peuvent donner un nouveau souffle \u00e0 votre int\u00e9rieur.<\/p>\n\n\n\n<figure class=\"wp-block-image size-full\"><img decoding=\"async\" loading=\"lazy\" width=\"898\" height=\"702\" src=\"https:\/\/fr.behr.ca\/colourfullybehr\/wp-content\/uploads\/2024\/11\/FRENCH-COLOR-PALETTE.png\" alt=\"Une palette de couleurs inspir\u00e9e d\u2019un lever de soleil\" class=\"wp-image-20266\"\/><\/figure>\n\n\n\n<p>Cette entr\u00e9e sereine donne le ton avec <a href=\"https:\/\/fr.behr.ca\/consumer\/ColorDetailView\/MQ5-28\">Gris aurore<\/a>. Ce bleu-gris \u00e9voque le silence et l&#8217;\u00e9l\u00e9gance de l&#8217;aube. Il a un l\u00e9ger caract\u00e8re vintage, cr\u00e9ant un ton accueillant pour l\u2019entr\u00e9e de la maison. Les nuances subtiles de bleu ajoutent une couche de sophistication, rendant ce gris parfait pour une entr\u00e9e qui cherche \u00e0 impressionner tout en d\u00e9gageant une ambiance de tranquillit\u00e9.<\/p>\n\n\n\n<figure class=\"wp-block-image size-full\"><img decoding=\"async\" loading=\"lazy\" width=\"5496\" height=\"4218\" src=\"https:\/\/fr.behr.ca\/colourfullybehr\/wp-content\/uploads\/2024\/11\/BEHR_22.03_DESIGNERCOLLECTION_ENTRYWAY_003_DawnGray.jpg\" alt=\"Une entr\u00e9e avec des escaliers menant \u00e0 l'\u00e9tage aux murs peints en bleu-gris\" class=\"wp-image-20267\"\/><\/figure>\n\n\n\n<p><a href=\"https:\/\/fr.behr.ca\/consumer\/ColorDetailView\/M200-3\">Sunset Drive<\/a> est un ton p\u00eache clair qui apporte une touche de chaleur et de gaiet\u00e9 \u00e0 ce bureau \u00e0 domicile. La douce couleur p\u00eache non seulement \u00e9claire l&#8217;espace mais stimule \u00e9galement la cr\u00e9ativit\u00e9 et la productivit\u00e9. C&#8217;est un excellent choix pour un espace de travail o\u00f9 l&#8217;on a besoin de se sentir \u00e9nergis\u00e9 et inspir\u00e9. Les tons chauds de Sunset Drive peuvent aider \u00e0 r\u00e9duire le stress et \u00e0 cr\u00e9er un environnement positif.<\/p>\n\n\n\n<figure class=\"wp-block-image size-full\"><img decoding=\"async\" loading=\"lazy\" width=\"4069\" height=\"4080\" src=\"https:\/\/fr.behr.ca\/colourfullybehr\/wp-content\/uploads\/2024\/11\/ElementalFaux_Overall_SunsetDrive.jpg\" alt=\"Un bureau aux murs d\u2019un ton p\u00eache p\u00e2le.\" class=\"wp-image-20272\"\/><\/figure>\n\n\n\n<p>D&#8217;un blanc cr\u00e9meux, <a href=\"https:\/\/fr.behr.ca\/consumer\/ColorDetailView\/HDC-CT-03\">M\u00e8che de bougie<\/a> a juste assez de jaune pour cr\u00e9er une ambiance l\u00e9g\u00e8re et a\u00e9r\u00e9e dans une buanderie. La pi\u00e8ce d\u00e9gage fra\u00eecheur et propret\u00e9, rendant m\u00eame les t\u00e2ches les plus banales un peu plus luxueuses. Cette couleur refl\u00e8te magnifiquement la lumi\u00e8re, ce qui renforce l&#8217;impression d&#8217;espace et de propret\u00e9.<\/p>\n\n\n\n<figure class=\"wp-block-image size-full\"><img decoding=\"async\" loading=\"lazy\" width=\"4698\" height=\"3900\" src=\"https:\/\/fr.behr.ca\/colourfullybehr\/wp-content\/uploads\/2024\/11\/MADIGANSTUDIOS_BEHR_20120TRENDS_LAUNDRY_005_Candlewick.jpg\" alt=\"Une buanderie aux murs peintur\u00e9s en jaune doux\" class=\"wp-image-20273\"\/><\/figure>\n\n\n\n<p>La chambre \u00e0 coucher devient une retraite tranquille avec <a href=\"https:\/\/fr.behr.ca\/consumer\/ColorDetailView\/S530-3\">Vue a\u00e9rienne<\/a>, qui offre une toile de fond apaisante pour le repos et la relaxation. Ce bleu ciel doux \u00e9voque une r\u00e9flexion paisible sur la journ\u00e9e. C&#8217;est une couleur qui favorise le calme et la s\u00e9r\u00e9nit\u00e9, id\u00e9ale pour se d\u00e9tendre apr\u00e8s une longue journ\u00e9e. Vue a\u00e9rienne peut \u00e9galement contribuer \u00e0 am\u00e9liorer la qualit\u00e9 du sommeil en cr\u00e9ant un environnement serein et reposant, faisant de votre chambre un v\u00e9ritable sanctuaire.<\/p>\n\n\n\n<figure class=\"wp-block-image size-full\"><img decoding=\"async\" loading=\"lazy\" width=\"8037\" height=\"5358\" src=\"https:\/\/fr.behr.ca\/colourfullybehr\/wp-content\/uploads\/2024\/11\/BEHR_24.03_COLORTRENDS_TC_BED_003_AerialView.jpg\" alt=\"Une chambre aux murs peintur\u00e9s dans une douce teinte de bleu ciel\" class=\"wp-image-20270\"\/><\/figure>\n\n\n\n<p>Cette couleur dor\u00e9e accueillante nous rappelle la fin de l&#8217;automne et la nature g\u00e9n\u00e9reuse de la p\u00e9riode des r\u00e9coltes. <a href=\"https:\/\/fr.behr.ca\/consumer\/ColorDetailView\/S290-5\">Ambre d\u2019automne<\/a> donne vie au couloir, ajoutant une touche de chaleur et d&#8217;\u00e9l\u00e9gance aux espaces de transition de votre maison. Cette teinte riche et dor\u00e9e cr\u00e9e un sentiment de confort, la rendant parfaite pour les zones o\u00f9 vous souhaitez vous sentir accueilli et \u00e0 l&#8217;aise. Les tons chauds d&#8217;Ambre d\u2019automne peuvent rendre les couloirs plus accueillants et les relier ais\u00e9ment au reste de votre maison.<\/p>\n\n\n\n<figure class=\"wp-block-image size-full\"><img decoding=\"async\" loading=\"lazy\" width=\"8143\" height=\"5442\" src=\"https:\/\/fr.behr.ca\/colourfullybehr\/wp-content\/uploads\/2024\/11\/BEHR_24.03_COLORTRENDS_TC_HALL_003_AmberAutumn.jpg\" alt=\"Un couloir peint dans un ton dor\u00e9 chaud.\" class=\"wp-image-20271\"\/><\/figure>\n\n\n\n<p><a href=\"https:\/\/fr.behr.ca\/consumer\/ColorDetailView\/S160-4\">Aube portugaise<\/a> est un rose doux et poudreux qui apporte chaleur et confort, transformant votre salle de bain en un lieu de d\u00e9tente digne d&#8217;un spa. Sa teinte tendre ajoute une touche de luxe, cr\u00e9ant un espace apaisant, transformant les routines quotidiennes en moments d&#8217;indulgence.<\/p>\n\n\n\n<figure class=\"wp-block-image size-full\"><img decoding=\"async\" loading=\"lazy\" width=\"2782\" height=\"2551\" src=\"https:\/\/fr.behr.ca\/colourfullybehr\/wp-content\/uploads\/2024\/11\/BEHR_22.03_TRENDS_BATHROOM2_KM_003_CR_Portuguese-Dawn.jpg\" alt=\"Une salle de bain aux murs peintur\u00e9s en rose doux et poudreux.\" class=\"wp-image-20268\"\/><\/figure>\n\n\n\n<p>Choisir les bonnes couleurs pour votre maison peut avoir un impact significatif sur l&#8217;ambiance et l&#8217;atmosph\u00e8re de chaque pi\u00e8ce. D\u2019une entr\u00e9e sereine avec Gris aurore \u00e0 une salle de bain aux allures de spa avec Aube portugaise, chaque teinte de notre palette a \u00e9t\u00e9 soigneusement s\u00e9lectionn\u00e9e pour mettre en valeur vos espaces de vie. Que vous soyez \u00e0 la recherche d&#8217;un espace douillet, d&#8217;une explosion d&#8217;\u00e9nergie ou d&#8217;une ambiance sereine, ces tons transformateurs ont le pouvoir de donner vie \u00e0 votre vision et de cr\u00e9er l&#8217;atmosph\u00e8re parfaite dans votre maison.<\/p>\n\n\n\n<p>Pour plus d\u2019id\u00e9es inspirantes et d\u2019options de couleurs pour votre maison, visitez fr.behr.ca.<\/p>\n\n\n\n<p>Vivez en couleur,<\/p>\n\n\n\n<p>Larayne<\/p>\n","protected":false},"excerpt":{"rendered":"<p>Quand il s&#8217;agit de transformer une pi\u00e8ce, la couleur des murs joue un r\u00f4le fondamental. La bonne teinte peut compl\u00e8tement modifier l&#8217;ambiance, rendant un espace douillet, vibrant, serein ou sophistiqu\u00e9. Cette palette s&#8217;inspire des couleurs atmosph\u00e9riques que l&#8217;on trouve au lever du soleil et qui favorisent la tranquillit\u00e9 et le confort. Voyons comment les couleurs [&hellip;]<\/p>\n","protected":false},"author":27,"featured_media":20269,"comment_status":"open","ping_status":"open","sticky":true,"template":"","format":"standard","meta":{"_s2mail":""},"categories":[13,11,19,20,22,14],"tags":[1441,1438,1442,1443,1439,1437,1435,1436,1440,1444],"yoast_head":"<!-- This site is optimized with the Yoast SEO plugin v19.14 - https:\/\/yoast.com\/wordpress\/plugins\/seo\/ -->\n<title>Teintes du ciel matinal pour votre maison | Tout en couleur BEHR<\/title>\n<meta name=\"description\" content=\"Explorez la s\u00e9lection de teintes de peinture Behr inspir\u00e9es des couleurs du ciel matinal et voyez comment les tons gris-bleu et les roses poudreux peuvent apporter de la s\u00e9r\u00e9nit\u00e9 \u00e0 votre espace.\" \/>\n<meta name=\"robots\" content=\"index, follow, max-snippet:-1, max-image-preview:large, max-video-preview:-1\" \/>\n<link rel=\"canonical\" href=\"https:\/\/fr.behr.ca\/colourfullybehr\/teintes-du-ciel-matinal-pour-votre-maison\/\" \/>\n<meta property=\"og:locale\" content=\"en_US\" \/>\n<meta property=\"og:type\" content=\"article\" \/>\n<meta property=\"og:title\" content=\"Teintes du ciel matinal pour votre maison | Tout en couleur BEHR\" \/>\n<meta property=\"og:description\" content=\"Explorez la s\u00e9lection de teintes de peinture Behr inspir\u00e9es des couleurs du ciel matinal et voyez comment les tons gris-bleu et les roses poudreux peuvent apporter de la s\u00e9r\u00e9nit\u00e9 \u00e0 votre espace.\" \/>\n<meta property=\"og:url\" content=\"https:\/\/fr.behr.ca\/colourfullybehr\/teintes-du-ciel-matinal-pour-votre-maison\/\" \/>\n<meta property=\"og:site_name\" content=\"Tout en couleur, BEHR\" \/>\n<meta property=\"article:published_time\" content=\"2024-11-12T08:00:00+00:00\" \/>\n<meta property=\"article:modified_time\" content=\"2024-11-08T02:31:38+00:00\" \/>\n<meta name=\"author\" content=\"Larayne Boaz\" \/>\n<meta name=\"twitter:label1\" content=\"Written by\" \/>\n\t<meta name=\"twitter:data1\" content=\"Larayne Boaz\" \/>\n\t<meta name=\"twitter:label2\" content=\"Est. reading time\" \/>\n\t<meta name=\"twitter:data2\" content=\"5 minutes\" \/>\n<script type=\"application\/ld+json\" class=\"yoast-schema-graph\">{\"@context\":\"https:\/\/schema.org\",\"@graph\":[{\"@type\":\"Article\",\"@id\":\"https:\/\/fr.behr.ca\/colourfullybehr\/teintes-du-ciel-matinal-pour-votre-maison\/#article\",\"isPartOf\":{\"@id\":\"https:\/\/fr.behr.ca\/colourfullybehr\/teintes-du-ciel-matinal-pour-votre-maison\/\"},\"author\":{\"name\":\"Larayne Boaz\",\"@id\":\"https:\/\/fr.behr.ca\/colourfullybehr\/#\/schema\/person\/de735f5b939e59c6c920667df59ca59c\"},\"headline\":\"Teintes du ciel matinal pour votre maison\",\"datePublished\":\"2024-11-12T08:00:00+00:00\",\"dateModified\":\"2024-11-08T02:31:38+00:00\",\"mainEntityOfPage\":{\"@id\":\"https:\/\/fr.behr.ca\/colourfullybehr\/teintes-du-ciel-matinal-pour-votre-maison\/\"},\"wordCount\":637,\"commentCount\":0,\"publisher\":{\"@id\":\"https:\/\/fr.behr.ca\/colourfullybehr\/#organization\"},\"keywords\":[\"couleur de peinture ambre\",\"couleurs de peinture calmantes\",\"couleurs de peinture relaxantes\",\"couleurs de peinture tranquilles\",\"couleurs de peinture vieux rose\",\"peinture blanc cr\u00e8me\",\"peinture gris bleu\",\"peinture p\u00eache\",\"peinture p\u00eache p\u00e2le\",\"Teintes du ciel matinal\"],\"articleSection\":[\"Bleu\",\"Couleurs + tendances\",\"Orange\",\"Rose\",\"Rouge\",\"Vert\"],\"inLanguage\":\"en-US\",\"potentialAction\":[{\"@type\":\"CommentAction\",\"name\":\"Comment\",\"target\":[\"https:\/\/fr.behr.ca\/colourfullybehr\/teintes-du-ciel-matinal-pour-votre-maison\/#respond\"]}]},{\"@type\":\"WebPage\",\"@id\":\"https:\/\/fr.behr.ca\/colourfullybehr\/teintes-du-ciel-matinal-pour-votre-maison\/\",\"url\":\"https:\/\/fr.behr.ca\/colourfullybehr\/teintes-du-ciel-matinal-pour-votre-maison\/\",\"name\":\"Teintes du ciel matinal pour votre maison | Tout en couleur BEHR\",\"isPartOf\":{\"@id\":\"https:\/\/fr.behr.ca\/colourfullybehr\/#website\"},\"datePublished\":\"2024-11-12T08:00:00+00:00\",\"dateModified\":\"2024-11-08T02:31:38+00:00\",\"description\":\"Explorez la s\u00e9lection de teintes de peinture Behr inspir\u00e9es des couleurs du ciel matinal et voyez comment les tons gris-bleu et les roses poudreux peuvent apporter de la s\u00e9r\u00e9nit\u00e9 \u00e0 votre espace.\",\"inLanguage\":\"en-US\",\"potentialAction\":[{\"@type\":\"ReadAction\",\"target\":[\"https:\/\/fr.behr.ca\/colourfullybehr\/teintes-du-ciel-matinal-pour-votre-maison\/\"]}]},{\"@type\":\"WebSite\",\"@id\":\"https:\/\/fr.behr.ca\/colourfullybehr\/#website\",\"url\":\"https:\/\/fr.behr.ca\/colourfullybehr\/\",\"name\":\"Tout en couleur, BEHR\",\"description\":\"\",\"publisher\":{\"@id\":\"https:\/\/fr.behr.ca\/colourfullybehr\/#organization\"},\"potentialAction\":[{\"@type\":\"SearchAction\",\"target\":{\"@type\":\"EntryPoint\",\"urlTemplate\":\"https:\/\/fr.behr.ca\/colourfullybehr\/?s={search_term_string}\"},\"query-input\":\"required name=search_term_string\"}],\"inLanguage\":\"en-US\"},{\"@type\":\"Organization\",\"@id\":\"https:\/\/fr.behr.ca\/colourfullybehr\/#organization\",\"name\":\"Tout en couleur, BEHR\",\"url\":\"https:\/\/fr.behr.ca\/colourfullybehr\/\",\"logo\":{\"@type\":\"ImageObject\",\"inLanguage\":\"en-US\",\"@id\":\"https:\/\/fr.behr.ca\/colourfullybehr\/#\/schema\/logo\/image\/\",\"url\":\"https:\/\/fr.behr.ca\/colourfullybehr\/wp-content\/uploads\/2021\/10\/colourfully-behr-logo-fr.png\",\"contentUrl\":\"https:\/\/fr.behr.ca\/colourfullybehr\/wp-content\/uploads\/2021\/10\/colourfully-behr-logo-fr.png\",\"width\":1000,\"height\":248,\"caption\":\"Tout en couleur, BEHR\"},\"image\":{\"@id\":\"https:\/\/fr.behr.ca\/colourfullybehr\/#\/schema\/logo\/image\/\"}},{\"@type\":\"Person\",\"@id\":\"https:\/\/fr.behr.ca\/colourfullybehr\/#\/schema\/person\/de735f5b939e59c6c920667df59ca59c\",\"name\":\"Larayne Boaz\",\"image\":{\"@type\":\"ImageObject\",\"inLanguage\":\"en-US\",\"@id\":\"https:\/\/fr.behr.ca\/colourfullybehr\/#\/schema\/person\/image\/\",\"url\":\"https:\/\/secure.gravatar.com\/avatar\/6944f6a1653829c632e551dfb8ed9377?s=96&d=mm&r=g\",\"contentUrl\":\"https:\/\/secure.gravatar.com\/avatar\/6944f6a1653829c632e551dfb8ed9377?s=96&d=mm&r=g\",\"caption\":\"Larayne Boaz\"},\"url\":\"https:\/\/fr.behr.ca\/colourfullybehr\/author\/lboaz\/\"}]}<\/script>\n<!-- \/ Yoast SEO plugin. -->","yoast_head_json":{"title":"Teintes du ciel matinal pour votre maison | Tout en couleur BEHR","description":"Explorez la s\u00e9lection de teintes de peinture Behr inspir\u00e9es des couleurs du ciel matinal et voyez comment les tons gris-bleu et les roses poudreux peuvent apporter de la s\u00e9r\u00e9nit\u00e9 \u00e0 votre espace.","robots":{"index":"index","follow":"follow","max-snippet":"max-snippet:-1","max-image-preview":"max-image-preview:large","max-video-preview":"max-video-preview:-1"},"canonical":"https:\/\/fr.behr.ca\/colourfullybehr\/teintes-du-ciel-matinal-pour-votre-maison\/","og_locale":"en_US","og_type":"article","og_title":"Teintes du ciel matinal pour votre maison | Tout en couleur BEHR","og_description":"Explorez la s\u00e9lection de teintes de peinture Behr inspir\u00e9es des couleurs du ciel matinal et voyez comment les tons gris-bleu et les roses poudreux peuvent apporter de la s\u00e9r\u00e9nit\u00e9 \u00e0 votre espace.","og_url":"https:\/\/fr.behr.ca\/colourfullybehr\/teintes-du-ciel-matinal-pour-votre-maison\/","og_site_name":"Tout en couleur, BEHR","article_published_time":"2024-11-12T08:00:00+00:00","article_modified_time":"2024-11-08T02:31:38+00:00","author":"Larayne Boaz","twitter_misc":{"Written by":"Larayne Boaz","Est. reading time":"5 minutes"},"schema":{"@context":"https:\/\/schema.org","@graph":[{"@type":"Article","@id":"https:\/\/fr.behr.ca\/colourfullybehr\/teintes-du-ciel-matinal-pour-votre-maison\/#article","isPartOf":{"@id":"https:\/\/fr.behr.ca\/colourfullybehr\/teintes-du-ciel-matinal-pour-votre-maison\/"},"author":{"name":"Larayne Boaz","@id":"https:\/\/fr.behr.ca\/colourfullybehr\/#\/schema\/person\/de735f5b939e59c6c920667df59ca59c"},"headline":"Teintes du ciel matinal pour votre maison","datePublished":"2024-11-12T08:00:00+00:00","dateModified":"2024-11-08T02:31:38+00:00","mainEntityOfPage":{"@id":"https:\/\/fr.behr.ca\/colourfullybehr\/teintes-du-ciel-matinal-pour-votre-maison\/"},"wordCount":637,"commentCount":0,"publisher":{"@id":"https:\/\/fr.behr.ca\/colourfullybehr\/#organization"},"keywords":["couleur de peinture ambre","couleurs de peinture calmantes","couleurs de peinture relaxantes","couleurs de peinture tranquilles","couleurs de peinture vieux rose","peinture blanc cr\u00e8me","peinture gris bleu","peinture p\u00eache","peinture p\u00eache p\u00e2le","Teintes du ciel matinal"],"articleSection":["Bleu","Couleurs + tendances","Orange","Rose","Rouge","Vert"],"inLanguage":"en-US","potentialAction":[{"@type":"CommentAction","name":"Comment","target":["https:\/\/fr.behr.ca\/colourfullybehr\/teintes-du-ciel-matinal-pour-votre-maison\/#respond"]}]},{"@type":"WebPage","@id":"https:\/\/fr.behr.ca\/colourfullybehr\/teintes-du-ciel-matinal-pour-votre-maison\/","url":"https:\/\/fr.behr.ca\/colourfullybehr\/teintes-du-ciel-matinal-pour-votre-maison\/","name":"Teintes du ciel matinal pour votre maison | Tout en couleur BEHR","isPartOf":{"@id":"https:\/\/fr.behr.ca\/colourfullybehr\/#website"},"datePublished":"2024-11-12T08:00:00+00:00","dateModified":"2024-11-08T02:31:38+00:00","description":"Explorez la s\u00e9lection de teintes de peinture Behr inspir\u00e9es des couleurs du ciel matinal et voyez comment les tons gris-bleu et les roses poudreux peuvent apporter de la s\u00e9r\u00e9nit\u00e9 \u00e0 votre espace.","inLanguage":"en-US","potentialAction":[{"@type":"ReadAction","target":["https:\/\/fr.behr.ca\/colourfullybehr\/teintes-du-ciel-matinal-pour-votre-maison\/"]}]},{"@type":"WebSite","@id":"https:\/\/fr.behr.ca\/colourfullybehr\/#website","url":"https:\/\/fr.behr.ca\/colourfullybehr\/","name":"Tout en couleur, BEHR","description":"","publisher":{"@id":"https:\/\/fr.behr.ca\/colourfullybehr\/#organization"},"potentialAction":[{"@type":"SearchAction","target":{"@type":"EntryPoint","urlTemplate":"https:\/\/fr.behr.ca\/colourfullybehr\/?s={search_term_string}"},"query-input":"required name=search_term_string"}],"inLanguage":"en-US"},{"@type":"Organization","@id":"https:\/\/fr.behr.ca\/colourfullybehr\/#organization","name":"Tout en couleur, BEHR","url":"https:\/\/fr.behr.ca\/colourfullybehr\/","logo":{"@type":"ImageObject","inLanguage":"en-US","@id":"https:\/\/fr.behr.ca\/colourfullybehr\/#\/schema\/logo\/image\/","url":"https:\/\/fr.behr.ca\/colourfullybehr\/wp-content\/uploads\/2021\/10\/colourfully-behr-logo-fr.png","contentUrl":"https:\/\/fr.behr.ca\/colourfullybehr\/wp-content\/uploads\/2021\/10\/colourfully-behr-logo-fr.png","width":1000,"height":248,"caption":"Tout en couleur, BEHR"},"image":{"@id":"https:\/\/fr.behr.ca\/colourfullybehr\/#\/schema\/logo\/image\/"}},{"@type":"Person","@id":"https:\/\/fr.behr.ca\/colourfullybehr\/#\/schema\/person\/de735f5b939e59c6c920667df59ca59c","name":"Larayne Boaz","image":{"@type":"ImageObject","inLanguage":"en-US","@id":"https:\/\/fr.behr.ca\/colourfullybehr\/#\/schema\/person\/image\/","url":"https:\/\/secure.gravatar.com\/avatar\/6944f6a1653829c632e551dfb8ed9377?s=96&d=mm&r=g","contentUrl":"https:\/\/secure.gravatar.com\/avatar\/6944f6a1653829c632e551dfb8ed9377?s=96&d=mm&r=g","caption":"Larayne Boaz"},"url":"https:\/\/fr.behr.ca\/colourfullybehr\/author\/lboaz\/"}]}},"_links":{"self":[{"href":"https:\/\/fr.behr.ca\/colourfullybehr\/wp-json\/wp\/v2\/posts\/20274"}],"collection":[{"href":"https:\/\/fr.behr.ca\/colourfullybehr\/wp-json\/wp\/v2\/posts"}],"about":[{"href":"https:\/\/fr.behr.ca\/colourfullybehr\/wp-json\/wp\/v2\/types\/post"}],"author":[{"embeddable":true,"href":"https:\/\/fr.behr.ca\/colourfullybehr\/wp-json\/wp\/v2\/users\/27"}],"replies":[{"embeddable":true,"href":"https:\/\/fr.behr.ca\/colourfullybehr\/wp-json\/wp\/v2\/comments?post=20274"}],"version-history":[{"count":1,"href":"https:\/\/fr.behr.ca\/colourfullybehr\/wp-json\/wp\/v2\/posts\/20274\/revisions"}],"predecessor-version":[{"id":20276,"href":"https:\/\/fr.behr.ca\/colourfullybehr\/wp-json\/wp\/v2\/posts\/20274\/revisions\/20276"}],"wp:featuredmedia":[{"embeddable":true,"href":"https:\/\/fr.behr.ca\/colourfullybehr\/wp-json\/wp\/v2\/media\/20269"}],"wp:attachment":[{"href":"https:\/\/fr.behr.ca\/colourfullybehr\/wp-json\/wp\/v2\/media?parent=20274"}],"wp:term":[{"taxonomy":"category","embeddable":true,"href":"https:\/\/fr.behr.ca\/colourfullybehr\/wp-json\/wp\/v2\/categories?post=20274"},{"taxonomy":"post_tag","embeddable":true,"href":"https:\/\/fr.behr.ca\/colourfullybehr\/wp-json\/wp\/v2\/tags?post=20274"}],"curies":[{"name":"wp","href":"https:\/\/api.w.org\/{rel}","templated":true}]}}