{"id":20648,"date":"2025-05-20T08:00:00","date_gmt":"2025-05-20T08:00:00","guid":{"rendered":"https:\/\/fr.behr.ca\/colourfullybehr\/?p=20648"},"modified":"2025-06-17T21:27:08","modified_gmt":"2025-06-17T21:27:08","slug":"combinaisons-de-couleurs-qui-ont-fait-leurs-preuves","status":"publish","type":"post","link":"https:\/\/fr.behr.ca\/colourfullybehr\/combinaisons-de-couleurs-qui-ont-fait-leurs-preuves\/","title":{"rendered":"Combinaisons de couleurs qui ont fait leurs preuves"},"content":{"rendered":"\n<figure class=\"wp-block-image size-full\"><img decoding=\"async\" loading=\"lazy\" width=\"1024\" height=\"1536\" src=\"https:\/\/fr.behr.ca\/colourfullybehr\/wp-content\/uploads\/2025\/05\/60-30-10.png\" alt=\"\" class=\"wp-image-20661\"\/><\/figure>\n\n\n\n<p>Quand vient le temps de choisir une palette de couleurs id\u00e9ale et harmonieuse pour la d\u00e9co d\u2019une pi\u00e8ce, l\u2019on ne sait pas toujours par o\u00f9 commencer. Mais n\u2019ayez crainte, la r\u00e8gle des 60-30-10 existe justement pour vous simplifier la t\u00e2che.<\/p>\n\n\n\n<p>Cette r\u00e8gle dite des 60-30-10 constitue un principe de base pour l\u2019agencement des couleurs. Il s\u2019agit d\u2019une formule parfaitement simple et tr\u00e8s populaire pour les projets de d\u00e9co int\u00e9rieure.<\/p>\n\n\n\n<p>Suivant cette r\u00e8gle, la <strong>couleur dominante <\/strong>(ou principale) occupe 60&nbsp;% de la pi\u00e8ce. Elle est g\u00e9n\u00e9ralement choisie pour les murs, les planchers et les meubles de grande taille. C\u2019est, en quelque sorte, la couleur qui servira de toile de fond.<\/p>\n\n\n\n<p>Ensuite, on accorde 30&nbsp;% de l\u2019espace \u00e0 une <strong>couleur secondaire<\/strong>, qui met en valeur la couleur dominante en y ajoutant de la profondeur. C\u2019est la couleur parfaite pour les rideaux, les chaises, les carpettes et les objets d\u00e9coratifs.<\/p>\n\n\n\n<p>Enfin, on r\u00e9serve 10&nbsp;% de l\u2019espace \u00e0 une <strong>couleur d\u2019accentuation<\/strong> pour imprimer \u00e0 l\u2019ensemble un trait de caract\u00e8re. Il peut s\u2019agir d\u2019un mur d\u2019accent, d\u2019un objet d\u00e9coratif, d\u2019une lampe, d\u2019une \u0153uvre d\u2019art, de coussins ou d\u2019un petit tapis.<\/p>\n\n\n\n<p>La r\u00e8gle des 60-30-10 permet la r\u00e9alisation d\u2019un espace coh\u00e9rent, soigneusement con\u00e7u, \u00e9quilibr\u00e9 et harmonieux. D\u00e9couvrez nos palettes de couleurs les plus en vogue, \u00e9labor\u00e9es de fa\u00e7on experte en suivant la m\u00eame r\u00e8gle d\u2019or, pour transformer chaque fois votre espace en un vrai chef-d\u2019\u0153uvre!<\/p>\n\n\n\n<p>Nous avons choisi quelques palettes de couleurs \u00e9prouv\u00e9es pour montrer combien il est facile de s\u2019y retrouver en observant la r\u00e8gle des 60-30-10.<\/p>\n\n\n\n<p>Pour notre premi\u00e8re palette, <strong><a href=\"https:\/\/fr.behr.ca\/consumer\/ColorDetailView\/DC-010\">Encore plus beige<\/a><\/strong> donne le ton en tant que couleur dominante, couvrant 60&nbsp;% de l\u2019espace. La couleur secondaire est repr\u00e9sent\u00e9e par <strong><a href=\"https:\/\/fr.behr.ca\/consumer\/ColorDetailView\/MQ1-15\">Rumeurs<\/a><\/strong>, un audacieux rouge rubis qui met la chemin\u00e9e bien en \u00e9vidence dans le salon. Enfin, 10&nbsp;% de l\u2019espace est r\u00e9serv\u00e9 au bleu p\u00e2le avec l\u2019ajout de cadres, de livres et d\u2019accessoires qui donnent de la profondeur et apaisent les sens.<\/p>\n\n\n\n<figure class=\"wp-block-image size-full\"><img decoding=\"async\" loading=\"lazy\" width=\"623\" height=\"259\" src=\"https:\/\/fr.behr.ca\/colourfullybehr\/wp-content\/uploads\/2025\/05\/image-2.png\" alt=\"\" class=\"wp-image-20651\"\/><figcaption class=\"wp-element-caption\">60&nbsp;% Encore plus beige, 30&nbsp;% Rumeurs, 10&nbsp;% Mer douce<\/figcaption><\/figure>\n\n\n\n<figure class=\"wp-block-image size-large\"><img decoding=\"async\" src=\"https:\/\/www.behr.com\/colorfullybehr\/wp-content\/uploads\/2025\/05\/image-6-1024x696.png\" alt=\"Cette image montre un salon douillet et \u00e9l\u00e9gant avec sa chemin\u00e9e bourgogne bien contrast\u00e9e comme centre d\u2019attention. L\u2019espace pr\u00e9sente des tons neutres, deux fauteuils beiges et des \u00e9tag\u00e8res encastr\u00e9es dans un d\u00e9cor chaleureux et \u00e9quilibr\u00e9, qui marie des \u00e9l\u00e9ments classiques et modernes.\" class=\"wp-image-23886\"\/><\/figure>\n\n\n\n<p>Pour notre prochaine palette, nous avons choisi <strong><strong><a href=\"https:\/\/fr.behr.ca\/consumer\/ColorDetailView\/M500-7\">Tr\u00e8s marine<\/a><\/strong><\/strong> pour couvrir 60&nbsp;% des murs et cr\u00e9er un effet saisissant et un arri\u00e8re-plan stylis\u00e9. Ensuite, nous avons choisi d\u2019orner 30&nbsp;% de l\u2019espace avec des motifs ludiques, du mobilier et un couvre-plancher qui ajoutent de la texture. Pour finir, de vibrantes touches de jaune et d\u2019orange apportent chaleur et \u00e9nergie \u00e0 10&nbsp;% de l\u2019espace.<\/p>\n\n\n\n<figure class=\"wp-block-image size-full\"><img decoding=\"async\" loading=\"lazy\" width=\"630\" height=\"263\" src=\"https:\/\/fr.behr.ca\/colourfullybehr\/wp-content\/uploads\/2025\/05\/image-3.png\" alt=\"\" class=\"wp-image-20652\"\/><figcaption class=\"wp-element-caption\">60&nbsp;% Tr\u00e8s marine, 30&nbsp;% Argent classique, 10&nbsp;% Zone d\u2019urgence<\/figcaption><\/figure>\n\n\n\n<figure class=\"wp-block-image size-full\"><img decoding=\"async\" src=\"https:\/\/www.behr.com\/colorfullybehr\/wp-content\/uploads\/2025\/05\/image-8.png\" alt=\": Cette image montre une chambre d\u2019enfant au d\u00e9cor enjou\u00e9 et stylis\u00e9, dont le centre d\u2019attention est le montant de lit en forme de maisonnette. Les murs d\u2019un riche bleu marine contrastent admirablement avec le bois blond du montant de lit.\" class=\"wp-image-23888\"\/><\/figure>\n\n\n\n<p>La r\u00e8gle des 60-30-10 peut \u00e9galement s\u2019appliquer au d\u00e9cor de la cuisine. <strong><strong><a href=\"https:\/\/fr.behr.ca\/consumer\/ColorDetailView\/HDC-CL-28\">Bleu nocturne<\/a><\/strong><\/strong> est un bleu marine profond qui place les armoires \u00e0 l\u2019avant-sc\u00e8ne, couvrant 60&nbsp;% de l\u2019espace, tandis que &nbsp;<strong><a href=\"https:\/\/fr.behr.ca\/consumer\/ColorDetailView\/PPU5-12\">Une touche d\u2019amande<\/a><\/strong>, un beige doux et neutre, lui fait contrepoids sur les murs en tant que couleur secondaire. Enfin, <strong><a href=\"https:\/\/fr.behr.ca\/consumer\/ColorDetailView\/M110-7\">Magenta euphorique<\/a><\/strong> met la touche finale sur 10&nbsp;% de l\u2019ensemble avec style et harmonie.<\/p>\n\n\n\n<figure class=\"wp-block-image size-full\"><img decoding=\"async\" loading=\"lazy\" width=\"642\" height=\"266\" src=\"https:\/\/fr.behr.ca\/colourfullybehr\/wp-content\/uploads\/2025\/05\/image-4.png\" alt=\"\" class=\"wp-image-20653\"\/><figcaption class=\"wp-element-caption\">60&nbsp;% Bleu nocturne, 30&nbsp;% Une touche d\u2019amande, 10&nbsp;% Magenta euphorique<\/figcaption><\/figure>\n\n\n\n<figure class=\"wp-block-image size-large\"><img decoding=\"async\" src=\"https:\/\/www.behr.com\/colorfullybehr\/wp-content\/uploads\/2025\/05\/image-10-1024x649.png\" alt=\"Cette image montre une cuisine contemporaine riche en couleur, avec des armoires bleu marine, un \u00eelot gris fonc\u00e9 recouvert d\u2019un comptoir blanc, et des poign\u00e9es d\u2019armoire de couleur or. L\u2019espace comprend des \u00e9lectrom\u00e9nagers en acier inoxydable, un dosseret blanc \u00e0 motif de chevrons, des \u00e9tag\u00e8res en bois ouvertes et des lampes suspendues au-dessus de l\u2019\u00eelot.\" class=\"wp-image-23890\"\/><\/figure>\n\n\n\n<p>Inspir\u00e9 des granges de nos campagnes et nuanc\u00e9 d\u2019un soup\u00e7on de vert<strong>, <strong><a href=\"https:\/\/fr.behr.ca\/consumer\/ColorDetailView\/PPU24-07\">Gris bois de grange<\/a><\/strong><\/strong> cr\u00e9e une composition audacieuse dans cette chambre \u00e0 coucher en recouvrant 60&nbsp;% de la pi\u00e8ce. Dans la salle de bain attenante, la teinte <strong><a href=\"https:\/\/fr.behr.ca\/consumer\/ColorDetailView\/BWC-13\">Blanc fum\u00e9<\/a><\/strong> est source d\u2019\u00e9quilibre et de luminosit\u00e9, contribuant 30&nbsp;% de la gamme chromatique. Pour les 10&nbsp;% restants, la teinte <strong><strong><a href=\"https:\/\/fr.behr.ca\/consumer\/ColorDetailView\/HDC-CL-28\">Bleu nocturne<\/a><\/strong><\/strong> et le mobilier en bois chaleureux conf\u00e8rent \u00e0 l\u2019ensemble une pointe de vivacit\u00e9.<\/p>\n\n\n\n<figure class=\"wp-block-image size-full\"><img decoding=\"async\" loading=\"lazy\" width=\"638\" height=\"265\" src=\"https:\/\/fr.behr.ca\/colourfullybehr\/wp-content\/uploads\/2025\/05\/image-5.png\" alt=\"\" class=\"wp-image-20654\"\/><figcaption class=\"wp-element-caption\">60&nbsp;% Gris bois de grange, 30&nbsp;% Blanc fum\u00e9, 10&nbsp;% Bleu nocturne<\/figcaption><\/figure>\n\n\n\n<figure class=\"wp-block-image size-large\"><img decoding=\"async\" src=\"https:\/\/www.behr.com\/colorfullybehr\/wp-content\/uploads\/2025\/05\/image-12-1024x550.png\" alt=\"Cette image montre une chambre \u00e0 coucher moderne avec un montant de lit en marqueterie flanqu\u00e9 de deux tables de chevet, chacune \u00e9clair\u00e9e par une lampe suspendue. Le mur ouvert r\u00e9v\u00e8le une salle de bain attenante sur le c\u00f4t\u00e9.\" class=\"wp-image-23892\"\/><\/figure>\n\n\n\n<p>La r\u00e8gle des 60-30-10 se pr\u00eate \u00e9galement \u00e0 merveille \u00e0 la salle de bain. Dans cet espace, <strong><a href=\"https:\/\/fr.behr.ca\/consumer\/ColorDetailView\/PPU18-08\">Blanc de peintre<\/a><\/strong> couvre 60\u00a0% des murs, cr\u00e9ant une toile de fond propre et a\u00e9r\u00e9e, tandis que 30\u00a0% de la palette est r\u00e9serv\u00e9e aux \u00e9l\u00e9ments d\u2019accentuation, tels que la porte en teinte <strong><a href=\"https:\/\/fr.behr.ca\/consumer\/ColorDetailView\/S360-6\">Prairie secr\u00e8te<\/a><\/strong>, les garnitures dor\u00e9es et les accessoires fixes d\u2019un blanc immacul\u00e9. Les garnitures de la salle de bain se chargent des 10% restants.<\/p>\n\n\n\n<figure class=\"wp-block-image size-full\"><img decoding=\"async\" loading=\"lazy\" width=\"670\" height=\"273\" src=\"https:\/\/fr.behr.ca\/colourfullybehr\/wp-content\/uploads\/2025\/05\/image-6.png\" alt=\"\" class=\"wp-image-20655\"\/><figcaption class=\"wp-element-caption\">60&nbsp;% Blanc de peintre, 30&nbsp;% Prairie secr\u00e8te, 10&nbsp;% Blanc ultra pur<\/figcaption><\/figure>\n\n\n\n<figure class=\"wp-block-image size-full\"><img decoding=\"async\" src=\"https:\/\/www.behr.com\/colorfullybehr\/wp-content\/uploads\/2025\/05\/image-14.png\" alt=\"Cette image de salle de bain montre un sol \u00e0 motif complexe, un espace ouvert et a\u00e9r\u00e9 avec une porte dont le vert intense tranche merveilleusement avec la blancheur ambiante.\n\" class=\"wp-image-23894\"\/><\/figure>\n\n\n\n<p>En somme, la r\u00e8gle des 60-30-10 offre un moyen fiable de cr\u00e9er une palette de couleurs \u00e9quilibr\u00e9e pour tout espace de vie. Elle simplifie le processus de d\u00e9cision et assure \u00e0 chaque pi\u00e8ce un d\u00e9cor coh\u00e9rent, stylis\u00e9 et ing\u00e9nieux \u00e0 tout coup.<\/p>\n\n\n\n<p>Vivez en couleur,<\/p>\n\n\n\n<p>Deanna<\/p>\n","protected":false},"excerpt":{"rendered":"<p>Quand vient le temps de choisir une palette de couleurs id\u00e9ale et harmonieuse pour la d\u00e9co d\u2019une pi\u00e8ce, l\u2019on ne sait pas toujours par o\u00f9 commencer. Mais n\u2019ayez crainte, la r\u00e8gle des 60-30-10 existe justement pour vous simplifier la t\u00e2che. Cette r\u00e8gle dite des 60-30-10 constitue un principe de base pour l\u2019agencement des couleurs. Il [&hellip;]<\/p>\n","protected":false},"author":24,"featured_media":20659,"comment_status":"open","ping_status":"open","sticky":true,"template":"","format":"standard","meta":{"_s2mail":"no"},"categories":[26],"tags":[],"yoast_head":"<!-- This site is optimized with the Yoast SEO plugin v19.14 - https:\/\/yoast.com\/wordpress\/plugins\/seo\/ -->\n<title>Combinaisons de couleurs qui ont fait leurs preuves - Tout en couleur, BEHR<\/title>\n<meta name=\"robots\" content=\"index, follow, max-snippet:-1, max-image-preview:large, max-video-preview:-1\" \/>\n<link rel=\"canonical\" href=\"https:\/\/fr.behr.ca\/colourfullybehr\/combinaisons-de-couleurs-qui-ont-fait-leurs-preuves\/\" \/>\n<meta property=\"og:locale\" content=\"en_US\" \/>\n<meta property=\"og:type\" content=\"article\" \/>\n<meta property=\"og:title\" content=\"Combinaisons de couleurs qui ont fait leurs preuves - Tout en couleur, BEHR\" \/>\n<meta property=\"og:description\" content=\"Quand vient le temps de choisir une palette de couleurs id\u00e9ale et harmonieuse pour la d\u00e9co d\u2019une pi\u00e8ce, l\u2019on ne sait pas toujours par o\u00f9 commencer. Mais n\u2019ayez crainte, la r\u00e8gle des 60-30-10 existe justement pour vous simplifier la t\u00e2che. Cette r\u00e8gle dite des 60-30-10 constitue un principe de base pour l\u2019agencement des couleurs. Il [&hellip;]\" \/>\n<meta property=\"og:url\" content=\"https:\/\/fr.behr.ca\/colourfullybehr\/combinaisons-de-couleurs-qui-ont-fait-leurs-preuves\/\" \/>\n<meta property=\"og:site_name\" content=\"Tout en couleur, BEHR\" \/>\n<meta property=\"article:published_time\" content=\"2025-05-20T08:00:00+00:00\" \/>\n<meta property=\"article:modified_time\" content=\"2025-06-17T21:27:08+00:00\" \/>\n<meta property=\"og:image\" content=\"https:\/\/fr.behr.ca\/colourfullybehr\/wp-content\/uploads\/2025\/05\/image.jpg\" \/>\n\t<meta property=\"og:image:width\" content=\"2854\" \/>\n\t<meta property=\"og:image:height\" content=\"1947\" \/>\n\t<meta property=\"og:image:type\" content=\"image\/jpeg\" \/>\n<meta name=\"author\" content=\"Deanna Torrez\" \/>\n<meta name=\"twitter:label1\" content=\"Written by\" \/>\n\t<meta name=\"twitter:data1\" content=\"Deanna Torrez\" \/>\n\t<meta name=\"twitter:label2\" content=\"Est. reading time\" \/>\n\t<meta name=\"twitter:data2\" content=\"6 minutes\" \/>\n<script type=\"application\/ld+json\" class=\"yoast-schema-graph\">{\"@context\":\"https:\/\/schema.org\",\"@graph\":[{\"@type\":\"Article\",\"@id\":\"https:\/\/fr.behr.ca\/colourfullybehr\/combinaisons-de-couleurs-qui-ont-fait-leurs-preuves\/#article\",\"isPartOf\":{\"@id\":\"https:\/\/fr.behr.ca\/colourfullybehr\/combinaisons-de-couleurs-qui-ont-fait-leurs-preuves\/\"},\"author\":{\"name\":\"Deanna Torrez\",\"@id\":\"https:\/\/fr.behr.ca\/colourfullybehr\/#\/schema\/person\/748f333698b0058dee1a230924a8df35\"},\"headline\":\"Combinaisons de couleurs qui ont fait leurs preuves\",\"datePublished\":\"2025-05-20T08:00:00+00:00\",\"dateModified\":\"2025-06-17T21:27:08+00:00\",\"mainEntityOfPage\":{\"@id\":\"https:\/\/fr.behr.ca\/colourfullybehr\/combinaisons-de-couleurs-qui-ont-fait-leurs-preuves\/\"},\"wordCount\":798,\"commentCount\":0,\"publisher\":{\"@id\":\"https:\/\/fr.behr.ca\/colourfullybehr\/#organization\"},\"articleSection\":[\"Inspiration\"],\"inLanguage\":\"en-US\",\"potentialAction\":[{\"@type\":\"CommentAction\",\"name\":\"Comment\",\"target\":[\"https:\/\/fr.behr.ca\/colourfullybehr\/combinaisons-de-couleurs-qui-ont-fait-leurs-preuves\/#respond\"]}]},{\"@type\":\"WebPage\",\"@id\":\"https:\/\/fr.behr.ca\/colourfullybehr\/combinaisons-de-couleurs-qui-ont-fait-leurs-preuves\/\",\"url\":\"https:\/\/fr.behr.ca\/colourfullybehr\/combinaisons-de-couleurs-qui-ont-fait-leurs-preuves\/\",\"name\":\"Combinaisons de couleurs qui ont fait leurs preuves - Tout en couleur, BEHR\",\"isPartOf\":{\"@id\":\"https:\/\/fr.behr.ca\/colourfullybehr\/#website\"},\"datePublished\":\"2025-05-20T08:00:00+00:00\",\"dateModified\":\"2025-06-17T21:27:08+00:00\",\"inLanguage\":\"en-US\",\"potentialAction\":[{\"@type\":\"ReadAction\",\"target\":[\"https:\/\/fr.behr.ca\/colourfullybehr\/combinaisons-de-couleurs-qui-ont-fait-leurs-preuves\/\"]}]},{\"@type\":\"WebSite\",\"@id\":\"https:\/\/fr.behr.ca\/colourfullybehr\/#website\",\"url\":\"https:\/\/fr.behr.ca\/colourfullybehr\/\",\"name\":\"Tout en couleur, BEHR\",\"description\":\"\",\"publisher\":{\"@id\":\"https:\/\/fr.behr.ca\/colourfullybehr\/#organization\"},\"potentialAction\":[{\"@type\":\"SearchAction\",\"target\":{\"@type\":\"EntryPoint\",\"urlTemplate\":\"https:\/\/fr.behr.ca\/colourfullybehr\/?s={search_term_string}\"},\"query-input\":\"required name=search_term_string\"}],\"inLanguage\":\"en-US\"},{\"@type\":\"Organization\",\"@id\":\"https:\/\/fr.behr.ca\/colourfullybehr\/#organization\",\"name\":\"Tout en couleur, BEHR\",\"url\":\"https:\/\/fr.behr.ca\/colourfullybehr\/\",\"logo\":{\"@type\":\"ImageObject\",\"inLanguage\":\"en-US\",\"@id\":\"https:\/\/fr.behr.ca\/colourfullybehr\/#\/schema\/logo\/image\/\",\"url\":\"https:\/\/fr.behr.ca\/colourfullybehr\/wp-content\/uploads\/2021\/10\/colourfully-behr-logo-fr.png\",\"contentUrl\":\"https:\/\/fr.behr.ca\/colourfullybehr\/wp-content\/uploads\/2021\/10\/colourfully-behr-logo-fr.png\",\"width\":1000,\"height\":248,\"caption\":\"Tout en couleur, BEHR\"},\"image\":{\"@id\":\"https:\/\/fr.behr.ca\/colourfullybehr\/#\/schema\/logo\/image\/\"}},{\"@type\":\"Person\",\"@id\":\"https:\/\/fr.behr.ca\/colourfullybehr\/#\/schema\/person\/748f333698b0058dee1a230924a8df35\",\"name\":\"Deanna Torrez\",\"image\":{\"@type\":\"ImageObject\",\"inLanguage\":\"en-US\",\"@id\":\"https:\/\/fr.behr.ca\/colourfullybehr\/#\/schema\/person\/image\/\",\"url\":\"https:\/\/secure.gravatar.com\/avatar\/45f7486238bcf24d7a5db91d00f07bf4?s=96&d=mm&r=g\",\"contentUrl\":\"https:\/\/secure.gravatar.com\/avatar\/45f7486238bcf24d7a5db91d00f07bf4?s=96&d=mm&r=g\",\"caption\":\"Deanna Torrez\"},\"url\":\"https:\/\/fr.behr.ca\/colourfullybehr\/author\/dtorrez\/\"}]}<\/script>\n<!-- \/ Yoast SEO plugin. -->","yoast_head_json":{"title":"Combinaisons de couleurs qui ont fait leurs preuves - Tout en couleur, BEHR","robots":{"index":"index","follow":"follow","max-snippet":"max-snippet:-1","max-image-preview":"max-image-preview:large","max-video-preview":"max-video-preview:-1"},"canonical":"https:\/\/fr.behr.ca\/colourfullybehr\/combinaisons-de-couleurs-qui-ont-fait-leurs-preuves\/","og_locale":"en_US","og_type":"article","og_title":"Combinaisons de couleurs qui ont fait leurs preuves - Tout en couleur, BEHR","og_description":"Quand vient le temps de choisir une palette de couleurs id\u00e9ale et harmonieuse pour la d\u00e9co d\u2019une pi\u00e8ce, l\u2019on ne sait pas toujours par o\u00f9 commencer. Mais n\u2019ayez crainte, la r\u00e8gle des 60-30-10 existe justement pour vous simplifier la t\u00e2che. Cette r\u00e8gle dite des 60-30-10 constitue un principe de base pour l\u2019agencement des couleurs. Il [&hellip;]","og_url":"https:\/\/fr.behr.ca\/colourfullybehr\/combinaisons-de-couleurs-qui-ont-fait-leurs-preuves\/","og_site_name":"Tout en couleur, BEHR","article_published_time":"2025-05-20T08:00:00+00:00","article_modified_time":"2025-06-17T21:27:08+00:00","og_image":[{"width":2854,"height":1947,"url":"https:\/\/fr.behr.ca\/colourfullybehr\/wp-content\/uploads\/2025\/05\/image.jpg","type":"image\/jpeg"}],"author":"Deanna Torrez","twitter_misc":{"Written by":"Deanna Torrez","Est. reading time":"6 minutes"},"schema":{"@context":"https:\/\/schema.org","@graph":[{"@type":"Article","@id":"https:\/\/fr.behr.ca\/colourfullybehr\/combinaisons-de-couleurs-qui-ont-fait-leurs-preuves\/#article","isPartOf":{"@id":"https:\/\/fr.behr.ca\/colourfullybehr\/combinaisons-de-couleurs-qui-ont-fait-leurs-preuves\/"},"author":{"name":"Deanna Torrez","@id":"https:\/\/fr.behr.ca\/colourfullybehr\/#\/schema\/person\/748f333698b0058dee1a230924a8df35"},"headline":"Combinaisons de couleurs qui ont fait leurs preuves","datePublished":"2025-05-20T08:00:00+00:00","dateModified":"2025-06-17T21:27:08+00:00","mainEntityOfPage":{"@id":"https:\/\/fr.behr.ca\/colourfullybehr\/combinaisons-de-couleurs-qui-ont-fait-leurs-preuves\/"},"wordCount":798,"commentCount":0,"publisher":{"@id":"https:\/\/fr.behr.ca\/colourfullybehr\/#organization"},"articleSection":["Inspiration"],"inLanguage":"en-US","potentialAction":[{"@type":"CommentAction","name":"Comment","target":["https:\/\/fr.behr.ca\/colourfullybehr\/combinaisons-de-couleurs-qui-ont-fait-leurs-preuves\/#respond"]}]},{"@type":"WebPage","@id":"https:\/\/fr.behr.ca\/colourfullybehr\/combinaisons-de-couleurs-qui-ont-fait-leurs-preuves\/","url":"https:\/\/fr.behr.ca\/colourfullybehr\/combinaisons-de-couleurs-qui-ont-fait-leurs-preuves\/","name":"Combinaisons de couleurs qui ont fait leurs preuves - Tout en couleur, BEHR","isPartOf":{"@id":"https:\/\/fr.behr.ca\/colourfullybehr\/#website"},"datePublished":"2025-05-20T08:00:00+00:00","dateModified":"2025-06-17T21:27:08+00:00","inLanguage":"en-US","potentialAction":[{"@type":"ReadAction","target":["https:\/\/fr.behr.ca\/colourfullybehr\/combinaisons-de-couleurs-qui-ont-fait-leurs-preuves\/"]}]},{"@type":"WebSite","@id":"https:\/\/fr.behr.ca\/colourfullybehr\/#website","url":"https:\/\/fr.behr.ca\/colourfullybehr\/","name":"Tout en couleur, BEHR","description":"","publisher":{"@id":"https:\/\/fr.behr.ca\/colourfullybehr\/#organization"},"potentialAction":[{"@type":"SearchAction","target":{"@type":"EntryPoint","urlTemplate":"https:\/\/fr.behr.ca\/colourfullybehr\/?s={search_term_string}"},"query-input":"required name=search_term_string"}],"inLanguage":"en-US"},{"@type":"Organization","@id":"https:\/\/fr.behr.ca\/colourfullybehr\/#organization","name":"Tout en couleur, BEHR","url":"https:\/\/fr.behr.ca\/colourfullybehr\/","logo":{"@type":"ImageObject","inLanguage":"en-US","@id":"https:\/\/fr.behr.ca\/colourfullybehr\/#\/schema\/logo\/image\/","url":"https:\/\/fr.behr.ca\/colourfullybehr\/wp-content\/uploads\/2021\/10\/colourfully-behr-logo-fr.png","contentUrl":"https:\/\/fr.behr.ca\/colourfullybehr\/wp-content\/uploads\/2021\/10\/colourfully-behr-logo-fr.png","width":1000,"height":248,"caption":"Tout en couleur, BEHR"},"image":{"@id":"https:\/\/fr.behr.ca\/colourfullybehr\/#\/schema\/logo\/image\/"}},{"@type":"Person","@id":"https:\/\/fr.behr.ca\/colourfullybehr\/#\/schema\/person\/748f333698b0058dee1a230924a8df35","name":"Deanna Torrez","image":{"@type":"ImageObject","inLanguage":"en-US","@id":"https:\/\/fr.behr.ca\/colourfullybehr\/#\/schema\/person\/image\/","url":"https:\/\/secure.gravatar.com\/avatar\/45f7486238bcf24d7a5db91d00f07bf4?s=96&d=mm&r=g","contentUrl":"https:\/\/secure.gravatar.com\/avatar\/45f7486238bcf24d7a5db91d00f07bf4?s=96&d=mm&r=g","caption":"Deanna Torrez"},"url":"https:\/\/fr.behr.ca\/colourfullybehr\/author\/dtorrez\/"}]}},"_links":{"self":[{"href":"https:\/\/fr.behr.ca\/colourfullybehr\/wp-json\/wp\/v2\/posts\/20648"}],"collection":[{"href":"https:\/\/fr.behr.ca\/colourfullybehr\/wp-json\/wp\/v2\/posts"}],"about":[{"href":"https:\/\/fr.behr.ca\/colourfullybehr\/wp-json\/wp\/v2\/types\/post"}],"author":[{"embeddable":true,"href":"https:\/\/fr.behr.ca\/colourfullybehr\/wp-json\/wp\/v2\/users\/24"}],"replies":[{"embeddable":true,"href":"https:\/\/fr.behr.ca\/colourfullybehr\/wp-json\/wp\/v2\/comments?post=20648"}],"version-history":[{"count":4,"href":"https:\/\/fr.behr.ca\/colourfullybehr\/wp-json\/wp\/v2\/posts\/20648\/revisions"}],"predecessor-version":[{"id":20690,"href":"https:\/\/fr.behr.ca\/colourfullybehr\/wp-json\/wp\/v2\/posts\/20648\/revisions\/20690"}],"wp:featuredmedia":[{"embeddable":true,"href":"https:\/\/fr.behr.ca\/colourfullybehr\/wp-json\/wp\/v2\/media\/20659"}],"wp:attachment":[{"href":"https:\/\/fr.behr.ca\/colourfullybehr\/wp-json\/wp\/v2\/media?parent=20648"}],"wp:term":[{"taxonomy":"category","embeddable":true,"href":"https:\/\/fr.behr.ca\/colourfullybehr\/wp-json\/wp\/v2\/categories?post=20648"},{"taxonomy":"post_tag","embeddable":true,"href":"https:\/\/fr.behr.ca\/colourfullybehr\/wp-json\/wp\/v2\/tags?post=20648"}],"curies":[{"name":"wp","href":"https:\/\/api.w.org\/{rel}","templated":true}]}}