{"id":20742,"date":"2025-07-30T12:00:00","date_gmt":"2025-07-30T12:00:00","guid":{"rendered":"https:\/\/fr.behr.ca\/colourfullybehr\/?p=20742"},"modified":"2025-09-22T18:39:07","modified_gmt":"2025-09-22T18:39:07","slug":"couleur-de-lannee-2026-bijou-cache","status":"publish","type":"post","link":"https:\/\/fr.behr.ca\/colourfullybehr\/couleur-de-lannee-2026-bijou-cache\/","title":{"rendered":"<strong>COULEUR DE L\u2019ANN\u00c9E 2026\u00a0: BIJOU CACH\u00c9<\/strong>"},"content":{"rendered":"\n<figure class=\"wp-block-image size-full\"><img decoding=\"async\" loading=\"lazy\" width=\"8005\" height=\"5432\" src=\"https:\/\/fr.behr.ca\/colourfullybehr\/wp-content\/uploads\/2025\/07\/BEHR_25.03_COLORTRENDS_TC_LIV_105c.jpg\" alt=\"Cette image montre le mur d\u2019un salon et un foyer enti\u00e8rement peints en Bijou cach\u00e9. Au-dessus du manteau de la chemin\u00e9e est accroch\u00e9 un grand tableau d\u2019art abstrait.\" class=\"wp-image-20752\"\/><\/figure>\n\n\n\n<p>On dit souvent que les plus belles trouvailles sont celles auxquelles on nes\u2019attendait pas. Pour changer l\u2019ambiance d\u2019une pi\u00e8ce ou r\u00e9initialiser votre d\u00e9cor tout en finesse, le moment est venu pour vous de d\u00e9couvrir une beaut\u00e9 hors du commun et de savourer pleinement le bonheur paisible que vous procure le style de votre maison.<\/p>\n\n\n\n<p>Voici la couleur de l\u2019ann\u00e9e 2026 de BEHR<sup>MD<\/sup>&nbsp;: <a href=\"https:\/\/fr.behr.ca\/consumer\/ColorDetailView\/N430-6A\"><strong>Bijou cach\u00e9 (N430-6A)<\/strong><\/a>, un jade fum\u00e9 qui distille l\u2019\u00e9l\u00e9gance avec un air de sophistication. Ce jeu artistique entre le bleu et le vert fait na\u00eetre un sentiment de s\u00e9r\u00e9nit\u00e9 et de profondeur dans tous les espaces qui lui font honneur.<\/p>\n\n\n\n<p>Pour un espace de vie audacieux ou un coin douillet o\u00f9 vous ressourcer, Bijou cach\u00e9 red\u00e9finit une teinte famili\u00e8re en y ajoutant une nuance \u00e0 la fois douce et captivante. C\u2019est plus qu\u2019une simple couleur&nbsp;: c\u2019est aussi un \u00e9tat d\u2019esprit. Une fa\u00e7on subtile de vous afficher. Une transformation \u00e9blouissante. Une teinte \u00e0 la fois subtile et \u00e9blouissante. C\u2019est l\u00e0 tout le charme de Bijou cach\u00e9.<\/p>\n\n\n\n<figure class=\"wp-block-image size-full\"><img decoding=\"async\" loading=\"lazy\" width=\"1000\" height=\"1000\" src=\"https:\/\/fr.behr.ca\/colourfullybehr\/wp-content\/uploads\/2025\/07\/N430-6A-Bijou-cache.jpg\" alt=\"Vue du dessus d\u2019un pot de peinture ouvert. La peinture est de couleur Bijou cach\u00e9. Un pinceau \u00e0 moiti\u00e9 tremp\u00e9 est pos\u00e9 sur le bord du pot.\" class=\"wp-image-20754\"\/><\/figure>\n\n\n\n<p>Dans un salon baign\u00e9 de couleur, la teinte <strong>Bijou cach\u00e9<\/strong> devient plus qu\u2019une toile de fond\u00a0: c\u2019est elle qui cr\u00e9e l\u2019atmosph\u00e8re. Lorsqu\u2019on l\u2019associe \u00e0 des textures douces, comme le velours ou les tissus boucl\u00e9s, et qu\u2019on l\u2019accentue avec de riches mat\u00e9riaux, comme le cuir et le bois naturel, l\u2019effet est immersif et luxuriant, sans \u00eatre \u00e9crasant. Cette approche monochromatique fait r\u00e9gner une sensation de calme et de coh\u00e9sion dans toute la pi\u00e8ce.<\/p>\n\n\n\n<figure class=\"wp-block-image size-full\"><img decoding=\"async\" loading=\"lazy\" width=\"11008\" height=\"7339\" src=\"https:\/\/fr.behr.ca\/colourfullybehr\/wp-content\/uploads\/2025\/07\/BEHR_25.03_COLORTRENDS_TC_LIV_101c.jpg\" alt=\"Cette image montre un salon dont les murs et la chemin\u00e9e sont enti\u00e8rement peints en Bijou cach\u00e9. Au-dessus du manteau de la chemin\u00e9e est accroch\u00e9 un grand tableau d\u2019art abstrait flanqu\u00e9 de deux appliques lumineuses. Le mobilier comprend un canap\u00e9 de couleur chamois, deux fauteuils blanc cr\u00e8me et une table \u00e0 caf\u00e9 en cuir capitonn\u00e9.\" class=\"wp-image-20751\"\/><figcaption class=\"wp-element-caption\">Murs, lambris, meneaux de fen\u00eatre et foyer\u00a0: <a href=\"https:\/\/www.behr.caconsumer\/ColorDetailView\/N430-6a\">Bijou<\/a> cach\u00e9.<\/figcaption><\/figure>\n\n\n\n<p>Dans cette version anoblie d\u2019une cuisine classique de style \u00ab\u00a0tuxedo\u00a0\u00bb, Bijou cach\u00e9 occupe le devant de la sc\u00e8ne en accentuant le d\u00e9cor de mani\u00e8re saisissante, transformant l\u2019ordinaire en extraordinaire.<\/p>\n\n\n\n<figure class=\"wp-block-image size-full\"><img decoding=\"async\" loading=\"lazy\" width=\"10680\" height=\"7144\" src=\"https:\/\/fr.behr.ca\/colourfullybehr\/wp-content\/uploads\/2025\/07\/BEHR_25.03_COLORTRENDS_TC_KITCH_101b.jpg\" alt=\"Cette image montre une cuisine comprenant des armoires encastr\u00e9es devant un coin d\u00e9jeuner sur\u00e9lev\u00e9. Les armoires sont peintes avec la couleur de l\u2019ann\u00e9e 2026 de BEHR, tandis que la partie centrale de l\u2019encastrement est dot\u00e9e d\u2019une finition en bois qui s\u2019harmonise avec les tons de bois de la table et des tabourets. Il s\u2019agit ici d\u2019une cuisine traditionnelle.\" class=\"wp-image-20750\"\/><figcaption class=\"wp-element-caption\">Armoires\u00a0: <a href=\"https:\/\/www.behr.ca\/consumer\/ColorDetailView\/N430-6a\">Bijou<\/a> cach\u00e9. Murs, garnitures et plafond\u00a0: <a href=\"https:\/\/www.behr.ca\/consumer\/ColorDetailView\/DC-003\">Toile vierge<\/a>.<\/figcaption><\/figure>\n\n\n\n<p>Le contraste entre la sobre \u00e9l\u00e9gance de Bijou cach\u00e9 et la chaleur des accents m\u00e9talliques et des tons de bois, comme le noyer, cr\u00e9e sans effort un espace serein qui donne une impression de stabilit\u00e9, tout en \u00e9tant moderne et sophistiqu\u00e9.<\/p>\n\n\n\n<figure class=\"wp-block-image size-full\"><img decoding=\"async\" loading=\"lazy\" width=\"674\" height=\"800\" src=\"https:\/\/fr.behr.ca\/colourfullybehr\/wp-content\/uploads\/2025\/07\/BEHR_25.03_COLORTRENDS_TC_DIN_002-1.jpg\" alt=\"Cette image montre une salle \u00e0 manger d\u2019un chic contemporain, avec une table ovale en bois et deux chaises en velours r\u00e9tro-modernes. Le mur est peint en Bijou cach\u00e9, un jade fum\u00e9 qui distille l\u2019\u00e9l\u00e9gance avec un air de sophistication.\" class=\"wp-image-20757\"\/><figcaption class=\"wp-element-caption\">Mur et plinthe\u00a0: <a href=\"https:\/\/www.behr.ca\/consumer\/ColorDetailView\/N430-6a\">Bijou cach\u00e9.<\/a><\/figcaption><\/figure>\n\n\n\n<p>Appliqu\u00e9e aux murs d\u2019une chambre \u00e0 coucher ou m\u00eame \u00e0 un mur d\u2019accent ou \u00e0 une t\u00eate de lit, la teinte Bijou cach\u00e9 exerce un effet stabilisant en cr\u00e9ant une toile de fond sophistiqu\u00e9e qui s\u2019agence magnifiquement avec tout un \u00e9ventail de couleurs et de textures de literie.<\/p>\n\n\n\n<figure class=\"wp-block-image size-full\"><img decoding=\"async\" loading=\"lazy\" width=\"10708\" height=\"7183\" src=\"https:\/\/fr.behr.ca\/colourfullybehr\/wp-content\/uploads\/2025\/07\/BEHR_25.03_COLORTRENDS_TC_BED_003b.jpg\" alt=\"Cette image montre une chambre \u00e0 coucher au charme vesp\u00e9ral, avec un mur peint en Bijou cach\u00e9. Le lit est dot\u00e9 d\u2019une t\u00eate en velours orange rouille, et la literie comprend un ensemble chamarr\u00e9 et textur\u00e9 d\u2019oreillers et de traversins, des couvertures et une couette. L\u2019\u00e9clairage diffus de la lampe de chevet cr\u00e9e une atmosph\u00e8re douillette et accueillante.\" class=\"wp-image-20748\"\/><figcaption class=\"wp-element-caption\">Mur\u00a0: <a href=\"https:\/\/www.behr.ca\/consumer\/ColorDetailView\/N430-6a\">Bijou cach\u00e9<\/a>.<\/figcaption><\/figure>\n\n\n\n<p>Dans une salle de bain minimaliste ou moderne aux allures de \u00ab\u00a0spa\u00a0\u00bb, Bijou cach\u00e9 apporte une sensation de tranquillit\u00e9 et un luxe discret qui cadrent parfaitement avec le d\u00e9cor aux lignes \u00e9pur\u00e9es et l\u2019ambiance apaisante de l\u2019espace.<\/p>\n\n\n\n<figure class=\"wp-block-image size-full\"><img decoding=\"async\" loading=\"lazy\" width=\"10544\" height=\"6995\" src=\"https:\/\/fr.behr.ca\/colourfullybehr\/wp-content\/uploads\/2025\/07\/BEHR_25.03_COLORTRENDS_TC_BATH_001b-1.jpg\" alt=\"Cette image montre une salle de bain moderne aux allures de \u00ab spa \u00bb avec une baignoire autoportante en c\u00e9ramique de forme ovale. Les murs sont peints en Bijou cach\u00e9, et un tableau d\u2019art abstrait aux couleurs assorties surplombe la baignoire.\" class=\"wp-image-20758\"\/><figcaption class=\"wp-element-caption\">Mur et plinthe\u00a0: <a href=\"https:\/\/www.behr.ca\/consumer\/ColorDetailView\/N430-6a\">Bijou cach\u00e9.<\/a><\/figcaption><\/figure>\n\n\n\n<p>Dans un espace de t\u00e9l\u00e9travail, une table encastr\u00e9e et des armoires peintes en Bijou cach\u00e9 cr\u00e9ent un environnement inspirant et propice \u00e0 la concentration.<\/p>\n\n\n\n<figure class=\"wp-block-image size-full\"><img decoding=\"async\" loading=\"lazy\" width=\"7063\" height=\"10648\" src=\"https:\/\/fr.behr.ca\/colourfullybehr\/wp-content\/uploads\/2025\/07\/BEHR_25.03_COLORTRENDS_TC_OFF_102.jpg\" alt=\"Cette image montre un plan vertical d\u2019un espace de travail \u00e0 domicile, avec une table encastr\u00e9e, des armoires et des \u00e9tag\u00e8res, le tout peint en Bijou cach\u00e9, pour un effet de couleur intense.\" class=\"wp-image-20753\"\/><figcaption class=\"wp-element-caption\">Murs, armoires et tablettes\u00a0: <a href=\"https:\/\/www.behr.com\/consumer\/ColorDetailView\/N430-6a\">Bijou cach\u00e9.<\/a> Plafond\u00a0: <a href=\"https:\/\/www.behr.ca\/consumer\/ColorDetailView\/DC-003\">Toile vierge.<\/a><\/figcaption><\/figure>\n\n\n\n<p>Pour une chambre \u00e0 coucher au d\u00e9cor serein, une salle de bain aux allures de \u00ab\u00a0spa\u00a0\u00bb, une cuisine audacieuse ou un espace de travail \u00e0 domicile, Bijou cach\u00e9 constitue une toile de fond \u00e0 la fois subtile et \u00e9blouissante. Ce bleu-vert profond apporte dimension, \u00e9l\u00e9gance et tranquillit\u00e9 \u00e0 chaque pi\u00e8ce de votre foyer. D\u00e9couvrez d\u2019infinies possibilit\u00e9s avec Bijou cach\u00e9 et explorez nos palettes de couleurs soigneusement s\u00e9lectionn\u00e9es sur fr.<a href=\"http:\/\/www.behr.ca\">behr.ca<\/a>.<\/p>\n\n\n\n<p>Vivez en couleur, <\/p>\n\n\n\n<p>Erika<\/p>\n","protected":false},"excerpt":{"rendered":"<p>On dit souvent que les plus belles trouvailles sont celles auxquelles on nes\u2019attendait pas. Pour changer l\u2019ambiance d\u2019une pi\u00e8ce ou r\u00e9initialiser votre d\u00e9cor tout en finesse, le moment est venu pour vous de d\u00e9couvrir une beaut\u00e9 hors du commun et de savourer pleinement le bonheur paisible que vous procure le style de votre maison. Voici [&hellip;]<\/p>\n","protected":false},"author":22,"featured_media":20752,"comment_status":"open","ping_status":"open","sticky":true,"template":"","format":"standard","meta":{"_s2mail":""},"categories":[13,11,26,1500,14,1370],"tags":[1541,1542,1543,1540],"yoast_head":"<!-- This site is optimized with the Yoast SEO plugin v19.14 - https:\/\/yoast.com\/wordpress\/plugins\/seo\/ -->\n<title>Couleur de l\u2019ann\u00e9e 2026 de Behr \u2013 Bijou cach\u00e9 | Tout en couleur BEHR<\/title>\n<meta name=\"description\" content=\"Voici la couleur de l\u2019ann\u00e9e 2026 de Behr, Bijou cach\u00e9. D\u00e9couvrez comment cette belle teinte de peinture d\u2019un bleu-vert profond peut embellir votre espace avec style et \u00e9l\u00e9gance.\" \/>\n<meta name=\"robots\" content=\"index, follow, max-snippet:-1, max-image-preview:large, max-video-preview:-1\" \/>\n<link rel=\"canonical\" href=\"https:\/\/fr.behr.ca\/colourfullybehr\/couleur-de-lannee-2026-bijou-cache\/\" \/>\n<meta property=\"og:locale\" content=\"en_US\" \/>\n<meta property=\"og:type\" content=\"article\" \/>\n<meta property=\"og:title\" content=\"Couleur de l\u2019ann\u00e9e 2026 de Behr \u2013 Bijou cach\u00e9 | Tout en couleur BEHR\" \/>\n<meta property=\"og:description\" content=\"Voici la couleur de l\u2019ann\u00e9e 2026 de Behr, Bijou cach\u00e9. D\u00e9couvrez comment cette belle teinte de peinture d\u2019un bleu-vert profond peut embellir votre espace avec style et \u00e9l\u00e9gance.\" \/>\n<meta property=\"og:url\" content=\"https:\/\/fr.behr.ca\/colourfullybehr\/couleur-de-lannee-2026-bijou-cache\/\" \/>\n<meta property=\"og:site_name\" content=\"Tout en couleur, BEHR\" \/>\n<meta property=\"article:published_time\" content=\"2025-07-30T12:00:00+00:00\" \/>\n<meta property=\"article:modified_time\" content=\"2025-09-22T18:39:07+00:00\" \/>\n<meta name=\"author\" content=\"Diana Olvera\" \/>\n<meta name=\"twitter:label1\" content=\"Written by\" \/>\n\t<meta name=\"twitter:data1\" content=\"Diana Olvera\" \/>\n\t<meta name=\"twitter:label2\" content=\"Est. reading time\" \/>\n\t<meta name=\"twitter:data2\" content=\"4 minutes\" \/>\n<script type=\"application\/ld+json\" class=\"yoast-schema-graph\">{\"@context\":\"https:\/\/schema.org\",\"@graph\":[{\"@type\":\"Article\",\"@id\":\"https:\/\/fr.behr.ca\/colourfullybehr\/couleur-de-lannee-2026-bijou-cache\/#article\",\"isPartOf\":{\"@id\":\"https:\/\/fr.behr.ca\/colourfullybehr\/couleur-de-lannee-2026-bijou-cache\/\"},\"author\":{\"name\":\"Diana Olvera\",\"@id\":\"https:\/\/fr.behr.ca\/colourfullybehr\/#\/schema\/person\/90dbe4132f0d7f7776cf3a083b942e13\"},\"headline\":\"COULEUR DE L\u2019ANN\u00c9E 2026\u00a0: BIJOU CACH\u00c9\",\"datePublished\":\"2025-07-30T12:00:00+00:00\",\"dateModified\":\"2025-09-22T18:39:07+00:00\",\"mainEntityOfPage\":{\"@id\":\"https:\/\/fr.behr.ca\/colourfullybehr\/couleur-de-lannee-2026-bijou-cache\/\"},\"wordCount\":602,\"commentCount\":0,\"publisher\":{\"@id\":\"https:\/\/fr.behr.ca\/colourfullybehr\/#organization\"},\"keywords\":[\"couleur de l\u2019ann\u00e9e Behr\",\"couleur de peinture bleu-vert\",\"couleur de peinture jade\",\"peinture bleu-vert\"],\"articleSection\":[\"Bleu\",\"Couleurs + tendances\",\"Inspiration\",\"la couleur de l\u2019ann\u00e9e\",\"Vert\",\"Zoom sur la couleur\"],\"inLanguage\":\"en-US\",\"potentialAction\":[{\"@type\":\"CommentAction\",\"name\":\"Comment\",\"target\":[\"https:\/\/fr.behr.ca\/colourfullybehr\/couleur-de-lannee-2026-bijou-cache\/#respond\"]}]},{\"@type\":\"WebPage\",\"@id\":\"https:\/\/fr.behr.ca\/colourfullybehr\/couleur-de-lannee-2026-bijou-cache\/\",\"url\":\"https:\/\/fr.behr.ca\/colourfullybehr\/couleur-de-lannee-2026-bijou-cache\/\",\"name\":\"Couleur de l\u2019ann\u00e9e 2026 de Behr \u2013 Bijou cach\u00e9 | Tout en couleur BEHR\",\"isPartOf\":{\"@id\":\"https:\/\/fr.behr.ca\/colourfullybehr\/#website\"},\"datePublished\":\"2025-07-30T12:00:00+00:00\",\"dateModified\":\"2025-09-22T18:39:07+00:00\",\"description\":\"Voici la couleur de l\u2019ann\u00e9e 2026 de Behr, Bijou cach\u00e9. D\u00e9couvrez comment cette belle teinte de peinture d\u2019un bleu-vert profond peut embellir votre espace avec style et \u00e9l\u00e9gance.\",\"inLanguage\":\"en-US\",\"potentialAction\":[{\"@type\":\"ReadAction\",\"target\":[\"https:\/\/fr.behr.ca\/colourfullybehr\/couleur-de-lannee-2026-bijou-cache\/\"]}]},{\"@type\":\"WebSite\",\"@id\":\"https:\/\/fr.behr.ca\/colourfullybehr\/#website\",\"url\":\"https:\/\/fr.behr.ca\/colourfullybehr\/\",\"name\":\"Tout en couleur, BEHR\",\"description\":\"\",\"publisher\":{\"@id\":\"https:\/\/fr.behr.ca\/colourfullybehr\/#organization\"},\"potentialAction\":[{\"@type\":\"SearchAction\",\"target\":{\"@type\":\"EntryPoint\",\"urlTemplate\":\"https:\/\/fr.behr.ca\/colourfullybehr\/?s={search_term_string}\"},\"query-input\":\"required name=search_term_string\"}],\"inLanguage\":\"en-US\"},{\"@type\":\"Organization\",\"@id\":\"https:\/\/fr.behr.ca\/colourfullybehr\/#organization\",\"name\":\"Tout en couleur, BEHR\",\"url\":\"https:\/\/fr.behr.ca\/colourfullybehr\/\",\"logo\":{\"@type\":\"ImageObject\",\"inLanguage\":\"en-US\",\"@id\":\"https:\/\/fr.behr.ca\/colourfullybehr\/#\/schema\/logo\/image\/\",\"url\":\"https:\/\/fr.behr.ca\/colourfullybehr\/wp-content\/uploads\/2021\/10\/colourfully-behr-logo-fr.png\",\"contentUrl\":\"https:\/\/fr.behr.ca\/colourfullybehr\/wp-content\/uploads\/2021\/10\/colourfully-behr-logo-fr.png\",\"width\":1000,\"height\":248,\"caption\":\"Tout en couleur, BEHR\"},\"image\":{\"@id\":\"https:\/\/fr.behr.ca\/colourfullybehr\/#\/schema\/logo\/image\/\"}},{\"@type\":\"Person\",\"@id\":\"https:\/\/fr.behr.ca\/colourfullybehr\/#\/schema\/person\/90dbe4132f0d7f7776cf3a083b942e13\",\"name\":\"Diana Olvera\",\"image\":{\"@type\":\"ImageObject\",\"inLanguage\":\"en-US\",\"@id\":\"https:\/\/fr.behr.ca\/colourfullybehr\/#\/schema\/person\/image\/\",\"url\":\"https:\/\/secure.gravatar.com\/avatar\/465ca6aaf2f16757d94ae8cf0c8c7dca?s=96&d=mm&r=g\",\"contentUrl\":\"https:\/\/secure.gravatar.com\/avatar\/465ca6aaf2f16757d94ae8cf0c8c7dca?s=96&d=mm&r=g\",\"caption\":\"Diana Olvera\"},\"url\":\"https:\/\/fr.behr.ca\/colourfullybehr\/author\/dolvera\/\"}]}<\/script>\n<!-- \/ Yoast SEO plugin. -->","yoast_head_json":{"title":"Couleur de l\u2019ann\u00e9e 2026 de Behr \u2013 Bijou cach\u00e9 | Tout en couleur BEHR","description":"Voici la couleur de l\u2019ann\u00e9e 2026 de Behr, Bijou cach\u00e9. D\u00e9couvrez comment cette belle teinte de peinture d\u2019un bleu-vert profond peut embellir votre espace avec style et \u00e9l\u00e9gance.","robots":{"index":"index","follow":"follow","max-snippet":"max-snippet:-1","max-image-preview":"max-image-preview:large","max-video-preview":"max-video-preview:-1"},"canonical":"https:\/\/fr.behr.ca\/colourfullybehr\/couleur-de-lannee-2026-bijou-cache\/","og_locale":"en_US","og_type":"article","og_title":"Couleur de l\u2019ann\u00e9e 2026 de Behr \u2013 Bijou cach\u00e9 | Tout en couleur BEHR","og_description":"Voici la couleur de l\u2019ann\u00e9e 2026 de Behr, Bijou cach\u00e9. D\u00e9couvrez comment cette belle teinte de peinture d\u2019un bleu-vert profond peut embellir votre espace avec style et \u00e9l\u00e9gance.","og_url":"https:\/\/fr.behr.ca\/colourfullybehr\/couleur-de-lannee-2026-bijou-cache\/","og_site_name":"Tout en couleur, BEHR","article_published_time":"2025-07-30T12:00:00+00:00","article_modified_time":"2025-09-22T18:39:07+00:00","author":"Diana Olvera","twitter_misc":{"Written by":"Diana Olvera","Est. reading time":"4 minutes"},"schema":{"@context":"https:\/\/schema.org","@graph":[{"@type":"Article","@id":"https:\/\/fr.behr.ca\/colourfullybehr\/couleur-de-lannee-2026-bijou-cache\/#article","isPartOf":{"@id":"https:\/\/fr.behr.ca\/colourfullybehr\/couleur-de-lannee-2026-bijou-cache\/"},"author":{"name":"Diana Olvera","@id":"https:\/\/fr.behr.ca\/colourfullybehr\/#\/schema\/person\/90dbe4132f0d7f7776cf3a083b942e13"},"headline":"COULEUR DE L\u2019ANN\u00c9E 2026\u00a0: BIJOU CACH\u00c9","datePublished":"2025-07-30T12:00:00+00:00","dateModified":"2025-09-22T18:39:07+00:00","mainEntityOfPage":{"@id":"https:\/\/fr.behr.ca\/colourfullybehr\/couleur-de-lannee-2026-bijou-cache\/"},"wordCount":602,"commentCount":0,"publisher":{"@id":"https:\/\/fr.behr.ca\/colourfullybehr\/#organization"},"keywords":["couleur de l\u2019ann\u00e9e Behr","couleur de peinture bleu-vert","couleur de peinture jade","peinture bleu-vert"],"articleSection":["Bleu","Couleurs + tendances","Inspiration","la couleur de l\u2019ann\u00e9e","Vert","Zoom sur la couleur"],"inLanguage":"en-US","potentialAction":[{"@type":"CommentAction","name":"Comment","target":["https:\/\/fr.behr.ca\/colourfullybehr\/couleur-de-lannee-2026-bijou-cache\/#respond"]}]},{"@type":"WebPage","@id":"https:\/\/fr.behr.ca\/colourfullybehr\/couleur-de-lannee-2026-bijou-cache\/","url":"https:\/\/fr.behr.ca\/colourfullybehr\/couleur-de-lannee-2026-bijou-cache\/","name":"Couleur de l\u2019ann\u00e9e 2026 de Behr \u2013 Bijou cach\u00e9 | Tout en couleur BEHR","isPartOf":{"@id":"https:\/\/fr.behr.ca\/colourfullybehr\/#website"},"datePublished":"2025-07-30T12:00:00+00:00","dateModified":"2025-09-22T18:39:07+00:00","description":"Voici la couleur de l\u2019ann\u00e9e 2026 de Behr, Bijou cach\u00e9. D\u00e9couvrez comment cette belle teinte de peinture d\u2019un bleu-vert profond peut embellir votre espace avec style et \u00e9l\u00e9gance.","inLanguage":"en-US","potentialAction":[{"@type":"ReadAction","target":["https:\/\/fr.behr.ca\/colourfullybehr\/couleur-de-lannee-2026-bijou-cache\/"]}]},{"@type":"WebSite","@id":"https:\/\/fr.behr.ca\/colourfullybehr\/#website","url":"https:\/\/fr.behr.ca\/colourfullybehr\/","name":"Tout en couleur, BEHR","description":"","publisher":{"@id":"https:\/\/fr.behr.ca\/colourfullybehr\/#organization"},"potentialAction":[{"@type":"SearchAction","target":{"@type":"EntryPoint","urlTemplate":"https:\/\/fr.behr.ca\/colourfullybehr\/?s={search_term_string}"},"query-input":"required name=search_term_string"}],"inLanguage":"en-US"},{"@type":"Organization","@id":"https:\/\/fr.behr.ca\/colourfullybehr\/#organization","name":"Tout en couleur, BEHR","url":"https:\/\/fr.behr.ca\/colourfullybehr\/","logo":{"@type":"ImageObject","inLanguage":"en-US","@id":"https:\/\/fr.behr.ca\/colourfullybehr\/#\/schema\/logo\/image\/","url":"https:\/\/fr.behr.ca\/colourfullybehr\/wp-content\/uploads\/2021\/10\/colourfully-behr-logo-fr.png","contentUrl":"https:\/\/fr.behr.ca\/colourfullybehr\/wp-content\/uploads\/2021\/10\/colourfully-behr-logo-fr.png","width":1000,"height":248,"caption":"Tout en couleur, BEHR"},"image":{"@id":"https:\/\/fr.behr.ca\/colourfullybehr\/#\/schema\/logo\/image\/"}},{"@type":"Person","@id":"https:\/\/fr.behr.ca\/colourfullybehr\/#\/schema\/person\/90dbe4132f0d7f7776cf3a083b942e13","name":"Diana Olvera","image":{"@type":"ImageObject","inLanguage":"en-US","@id":"https:\/\/fr.behr.ca\/colourfullybehr\/#\/schema\/person\/image\/","url":"https:\/\/secure.gravatar.com\/avatar\/465ca6aaf2f16757d94ae8cf0c8c7dca?s=96&d=mm&r=g","contentUrl":"https:\/\/secure.gravatar.com\/avatar\/465ca6aaf2f16757d94ae8cf0c8c7dca?s=96&d=mm&r=g","caption":"Diana Olvera"},"url":"https:\/\/fr.behr.ca\/colourfullybehr\/author\/dolvera\/"}]}},"_links":{"self":[{"href":"https:\/\/fr.behr.ca\/colourfullybehr\/wp-json\/wp\/v2\/posts\/20742"}],"collection":[{"href":"https:\/\/fr.behr.ca\/colourfullybehr\/wp-json\/wp\/v2\/posts"}],"about":[{"href":"https:\/\/fr.behr.ca\/colourfullybehr\/wp-json\/wp\/v2\/types\/post"}],"author":[{"embeddable":true,"href":"https:\/\/fr.behr.ca\/colourfullybehr\/wp-json\/wp\/v2\/users\/22"}],"replies":[{"embeddable":true,"href":"https:\/\/fr.behr.ca\/colourfullybehr\/wp-json\/wp\/v2\/comments?post=20742"}],"version-history":[{"count":2,"href":"https:\/\/fr.behr.ca\/colourfullybehr\/wp-json\/wp\/v2\/posts\/20742\/revisions"}],"predecessor-version":[{"id":20759,"href":"https:\/\/fr.behr.ca\/colourfullybehr\/wp-json\/wp\/v2\/posts\/20742\/revisions\/20759"}],"wp:featuredmedia":[{"embeddable":true,"href":"https:\/\/fr.behr.ca\/colourfullybehr\/wp-json\/wp\/v2\/media\/20752"}],"wp:attachment":[{"href":"https:\/\/fr.behr.ca\/colourfullybehr\/wp-json\/wp\/v2\/media?parent=20742"}],"wp:term":[{"taxonomy":"category","embeddable":true,"href":"https:\/\/fr.behr.ca\/colourfullybehr\/wp-json\/wp\/v2\/categories?post=20742"},{"taxonomy":"post_tag","embeddable":true,"href":"https:\/\/fr.behr.ca\/colourfullybehr\/wp-json\/wp\/v2\/tags?post=20742"}],"curies":[{"name":"wp","href":"https:\/\/api.w.org\/{rel}","templated":true}]}}