{"id":20994,"date":"2026-05-01T21:58:30","date_gmt":"2026-05-01T21:58:30","guid":{"rendered":"https:\/\/fr.behr.ca\/colourfullybehr\/?p=20994"},"modified":"2026-05-01T21:58:46","modified_gmt":"2026-05-01T21:58:46","slug":"ecologique-un-vert-terreux-regenerant-pour-rehausser-votre-espace-interieur","status":"publish","type":"post","link":"https:\/\/fr.behr.ca\/colourfullybehr\/ecologique-un-vert-terreux-regenerant-pour-rehausser-votre-espace-interieur\/","title":{"rendered":"<strong>\u00c9cologique: un vert terreux r\u00e9g\u00e9n\u00e9rant pour rehausser votre espace int\u00e9rieur<\/strong>"},"content":{"rendered":"\n<figure class=\"wp-block-image size-full\"><img decoding=\"async\" loading=\"lazy\" width=\"2356\" height=\"1914\" src=\"https:\/\/fr.behr.ca\/colourfullybehr\/wp-content\/uploads\/2026\/05\/Kitchen-.jpg\" alt=\"Cette image montre une cuisine joliment accentu\u00e9e par la teinte \u00c9cologique de BEHR, un vert olive rayonnant appliqu\u00e9 \u00e0 l\u2019\u00eelot central, aux poutres apparentes du plafond et au mur cath\u00e9drale longeant trois immenses fen\u00eatres, le tout agr\u00e9ment\u00e9 d\u2019\u00e9l\u00e9ments en bois, d\u2019une \u00e9tag\u00e8re encastr\u00e9e et de trois tabourets \u00e0 armature en m\u00e9tal.\" class=\"wp-image-20989\"\/><figcaption class=\"wp-element-caption\">Murs et plafond: <a href=\"mailto:https:\/\/fr.behr.ca\/consumer\/ColorDetailView\/PPU7-11\">Tricot de coton<\/a>. Garnitures, plafond et \u00eelot central: <a href=\"https:\/\/fr.behr.ca\/consumer\/ColorDetailView\/S380-6\">\u00c9cologique<\/a>.<\/figcaption><\/figure>\n\n\n\n<p>\u00c0 l\u2019int\u00e9rieur comme \u00e0 l\u2019ext\u00e9rieur, la nature continue d\u2019influencer la mani\u00e8re dont nous concevons nos espaces de vie en y apportant un sentiment d\u2019\u00e9quilibre, de chaleur et d\u2019intention au quotidien. \u00c0 mesure que les maisons d\u2019aujourd\u2019hui deviennent bien plus qu\u2019un simple lieu fonctionnel, le prisme des couleurs y joue un r\u00f4le essentiel dans la cr\u00e9ation de d\u00e9cors r\u00e9g\u00e9n\u00e9rants et personnalis\u00e9s. La teinte <a href=\"https:\/\/fr.behr.ca\/consumer\/ColorDetailView\/S380-6\"><strong>\u00c9cologique<\/strong><\/a> (S380-6) est un vert terreux r\u00e9g\u00e9n\u00e9rant, qui incarne cette \u00e9volution. Cette teinte polyvalente fait p\u00e9n\u00e9trer l\u2019influence apaisante de la nature dans votre int\u00e9rieur de mani\u00e8re d\u00e9cisive mais raffin\u00e9e. Des armoires aux murs en passant par le mobilier et les d\u00e9tails architecturaux, ce vert d\u2019intensit\u00e9 moyenne ajoute de la profondeur, de la chaleur et une sophistication discr\u00e8te, cr\u00e9ant un univers int\u00e9rieur qui exsude le calme, la s\u00e9r\u00e9nit\u00e9 et une \u00e9l\u00e9gance naturelle.<\/p>\n\n\n\n<p>Dans un d\u00e9cor de cuisine, la teinte \u00c9cologique cr\u00e9e une atmosph\u00e8re de s\u00e9r\u00e9nit\u00e9 et de confort, comme si elle faisait entrer le calme de la nature \u00e0 l\u2019int\u00e9rieur, o\u00f9 chaque repas para\u00eet plus d\u00e9lib\u00e9r\u00e9.<\/p>\n\n\n\n<figure class=\"wp-block-image size-full\"><img decoding=\"async\" loading=\"lazy\" width=\"1000\" height=\"1000\" src=\"https:\/\/fr.behr.ca\/colourfullybehr\/wp-content\/uploads\/2026\/05\/s380-6_ecologique_bc.original.jpg\" alt=\"Cette image montre le dessus d\u2019un pot de peinture ouvert rempli d\u2019une peinture vert olive appel\u00e9e \u00c9cologique. Un pinceau \u00e0 moiti\u00e9 tremp\u00e9 dans la m\u00eame couleur est pos\u00e9 sur le bord du pot.\" class=\"wp-image-20993\"\/><\/figure>\n\n\n\n<p>Ce vert mi-profond enveloppe une alc\u00f4ve de lecture d\u2019un confort tranquille. Son ton apaisant et r\u00e9g\u00e9n\u00e9rant cr\u00e9e une intimit\u00e9 sereine et douillette, id\u00e9ale pour s\u2019offrir un moment de d\u00e9tente ou s\u2019immerger dans un roman-fleuve. Le caract\u00e8re v\u00e9g\u00e9tal de la teinte apporte une profondeur et une chaleur organiques, m\u00eame dans les plus petits recoins, s\u2019harmonisant ais\u00e9ment avec les mati\u00e8res textiles douces, le bois naturel et un \u00e9clairage chaud.<\/p>\n\n\n\n<figure class=\"wp-block-image size-full\"><img decoding=\"async\" loading=\"lazy\" width=\"2188\" height=\"1917\" src=\"https:\/\/fr.behr.ca\/colourfullybehr\/wp-content\/uploads\/2026\/05\/Nook-.jpg\" alt=\"Cette image montre une banquette entour\u00e9e de baies vitr\u00e9es avec des murs lambriss\u00e9s et peints en teinte \u00c9cologique. La banquette est encastr\u00e9e dans une alc\u00f4ve et surplomb\u00e9e de trois petits luminaires suspendus. Elle est d\u00e9cor\u00e9e de coussins aux tons chauds et neutres. \" class=\"wp-image-20992\"\/><figcaption class=\"wp-element-caption\">Murs: <a href=\"https:\/\/fr.behr.ca\/consumer\/ColorDetailView\/S380-6\">\u00c9cologique<\/a>. Plafond: <a href=\"https:\/\/www.behr.ca\/consumer\/ColorDetailView\/DC-006\">First Snow<\/a>\u00a0.<br><a id=\"_msocom_1\"><\/a> <\/figcaption><\/figure>\n\n\n\n<p>Dans cette chambre \u00e0 coucher, la teinte \u00c9cologique cr\u00e9e une assise naturelle au d\u00e9cor contemporain gr\u00e2ce \u00e0 son ton vert r\u00e9g\u00e9n\u00e9rant, alliant des lignes \u00e9pur\u00e9es \u00e0 une chaleur organique pour donner \u00e0 l\u2019ensemble un air moderne et profond\u00e9ment reposant.<\/p>\n\n\n\n<figure class=\"wp-block-image size-full\"><img decoding=\"async\" loading=\"lazy\" width=\"5344\" height=\"3527\" src=\"https:\/\/fr.behr.ca\/colourfullybehr\/wp-content\/uploads\/2026\/05\/behr_22.03_trends_bedroom2_011_Ecological.jpg\" alt=\"Cette image montre une chambre reposante dont les murs en teinte \u00c9cologique entourent un lit dot\u00e9 d\u2019une t\u00eate en bois blond et d\u00e9cor\u00e9 d\u2019oreillers et de traversins blancs, le tout assorti d\u2019une literie neutre \u00e0 plusieurs \u00e9paisseurs, d\u2019un banc de lit rembourr\u00e9 et d\u2019\u00e9l\u00e9ments d\u2019accent en mati\u00e8res naturelles.\" class=\"wp-image-20984\"\/><figcaption class=\"wp-element-caption\">Murs: <a href=\"https:\/\/fr.behr.ca\/consumer\/ColorDetailView\/S380-6\">\u00c9cologique<\/a>.<\/figcaption><\/figure>\n\n\n\n<p>Sur ce mur d\u2019apparat d\u2019un vert terreux, la disposition des lambris \u00e0 chevrons donne une profondeur sculpturale \u00e0 l\u2019espace et met fi\u00e8rement en valeur la nettet\u00e9 des lignes. Riche et r\u00e9g\u00e9n\u00e9rante, la teinte \u00c9cologique r\u00e9v\u00e8le le d\u00e9tail de chaque ligne et de chaque ombre au gr\u00e9 des variations de la lumi\u00e8re, cr\u00e9ant un arri\u00e8re-plan contemporain et tout en finesse, qui allie structure et s\u00e9r\u00e9nit\u00e9.<\/p>\n\n\n\n<figure class=\"wp-block-image size-full\"><img decoding=\"async\" loading=\"lazy\" width=\"5027\" height=\"7829\" src=\"https:\/\/fr.behr.ca\/colourfullybehr\/wp-content\/uploads\/2026\/05\/behr_22.08_interiorpaint_cu_12618_klingst_004_Ecological.jpg\" alt=\"Cette image montre un hall d\u2019entr\u00e9e avec un mur lambriss\u00e9 en chevrons et peint en teinte \u00ab\u00c9cologique\u00bb, auquel sont accroch\u00e9s un miroir rond et deux appliques murales. On y voit \u00e9galement un meuble console o\u00f9 se c\u00f4toient deux paniers d\u2019osier sur la tablette du bas et quelques objets d\u00e9coratifs sur celle du haut.\" class=\"wp-image-20985\"\/><figcaption class=\"wp-element-caption\">Mur: <a href=\"https:\/\/fr.behr.ca\/consumer\/ColorDetailView\/S380-6\">\u00c9cologique<\/a>. Plafond: <a href=\"https:\/\/fr.behr.ca\/consumer\/ColorDetailView\/75\">Ours polaire<\/a>.<\/figcaption><\/figure>\n\n\n\n<p>Donnez du caract\u00e8re et une touche d\u2019intention en peinturant un petit coin discret sous l\u2019escalier du sous-sol avec la teinte \u00c9cologique. Ce vert terreux enveloppe le d\u00e9cor d\u2019une ambiance chaleureuse et attrayante, apportant de la profondeur \u00e0 un espace souvent n\u00e9glig\u00e9 tout en lui conf\u00e9rant un air soign\u00e9 et accueillant.<\/p>\n\n\n\n<figure class=\"wp-block-image size-full\"><img decoding=\"async\" loading=\"lazy\" width=\"5325\" height=\"3554\" src=\"https:\/\/fr.behr.ca\/colourfullybehr\/wp-content\/uploads\/2026\/05\/madiganstudios_behr_20120trends_basement_001_bleed_UPW_CreamyMushroom_Ecological.jpg\" alt=\"Cette image montre un espace de vie am\u00e9nag\u00e9 au sous-sol avec un canap\u00e9 en cuir et une d\u00e9coration \u00e0 la fois chaleureuse et soign\u00e9e. Sous l\u2019escalier, on aper\u00e7oit un mur d\u2019accent peint en un vert terreux appel\u00e9 \u00ab\u00c9cologique\u00bb, devant lequel se dresse un bahut en marqueterie.\" class=\"wp-image-20991\"\/><figcaption class=\"wp-element-caption\">Murs: <a href=\"https:\/\/fr.behr.ca\/consumer\/ColorDetailView\/PPU5-13\">Champignon cr\u00e9meux<\/a>. Plafond: BLANC ULTRA <a>PUR<\/a><sup>MC<\/sup>\u00a0. Mur d\u2019accent: <a href=\"https:\/\/fr.behr.ca\/consumer\/ColorDetailView\/S380-6\">\u00c9cologique<\/a>.<br><\/figcaption><\/figure>\n\n\n\n<p>Gr\u00e2ce \u00e0 la teinte \u00c9cologique, votre salle de lavage passe d\u2019un \u00e9tat purement utilitaire \u00e0 celui d\u2019oasis de fra\u00eecheur et de z\u00e9nitude. Inspir\u00e9e de la nature, cette teinte polyvalente s\u2019agence parfaitement avec des armoires blanches et des \u00e9lectrom\u00e9nagers en acier inoxydable, cr\u00e9ant un style \u00e0 la fois soign\u00e9 et avenant.<\/p>\n\n\n\n<figure class=\"wp-block-image size-full\"><img decoding=\"async\" loading=\"lazy\" width=\"3666\" height=\"4616\" src=\"https:\/\/fr.behr.ca\/colourfullybehr\/wp-content\/uploads\/2026\/05\/behr-modernlaundryroom-mid2_Ecological.jpg\" alt=\"Cette image montre une salle de lavage verte avec des murs en teinte \u00ab\u00c9cologique\u00bb. On aper\u00e7oit une s\u00e9rie d\u2019armoires blanches, deux tablettes blanches, une laveuse \u00e0 chargement frontal et un panier \u00e0 lessive bien rempli, le tout cr\u00e9ant un style \u00e9pur\u00e9 mais n\u00e9anmoins fonctionnel.\" class=\"wp-image-20988\"\/><figcaption class=\"wp-element-caption\">Murs: <a href=\"https:\/\/fr.behr.ca\/consumer\/ColorDetailView\/S380-6\">\u00c9cologique<\/a>. Plafond: <a href=\"https:\/\/fr.behr.ca\/consumer\/ColorDetailView\/HDC-MD-06\">Blanc nano<\/a>.<\/figcaption><\/figure>\n\n\n\n<p>Apportez une touche de calme dans une petite salle de bain ou salle d\u2019eau en peinturant les murs avec la teinte \u00c9cologique. Ce vert terreux rehausse le relief subtil des fines moulures, en leur donnant une profondeur subtile et en soulignant chaque d\u00e9tail, sans lourdeur ni surcharge. Contrast\u00e9e par un lavabo en c\u00e9ramique d\u2019un blanc \u00e9tincelant et des accessoires m\u00e9talliques aux tons chauds, elle cr\u00e9e un style moderne qui brille par son raffinement.<\/p>\n\n\n\n<figure class=\"wp-block-image size-full\"><img decoding=\"async\" loading=\"lazy\" width=\"5317\" height=\"7903\" src=\"https:\/\/fr.behr.ca\/colourfullybehr\/wp-content\/uploads\/2026\/05\/behr_23.12_q4_tc_bedbath_010_Ecological.jpg\" alt=\"Cette image montre une petite salle d\u2019eau aux murs peints en teinte \u00ab\u00c9cologique\u00bb, \u00e9quip\u00e9e d\u2019un lavabo sur pied en porcelaine blanche avec robinetterie en laiton, le tout agr\u00e9ment\u00e9 d\u2019un miroir au cadre dor\u00e9 et de touches d\u00e9coratives chaleureuses et modernes.\" class=\"wp-image-20986\"\/><figcaption class=\"wp-element-caption\">Murs: <a href=\"https:\/\/fr.behr.ca\/consumer\/ColorDetailView\/S380-6\">\u00c9cologique<\/a>.<\/figcaption><\/figure>\n\n\n\n<p>La teinte \u00c9cologique est le choix id\u00e9al pour remettre \u00e0 neuf une table ou un banc de vestiaire d\u2019entr\u00e9e, redonnant une seconde jeunesse \u00e0 la puret\u00e9 des lignes gr\u00e2ce \u00e0 son caract\u00e8re riche et naturel. V\u00e9ritable baume pour l\u2019\u00e2me, sa nuance de vert r\u00e9g\u00e9n\u00e9rante apporte au meuble de la profondeur et du cachet, mettant en valeur la finesse des formes tout en lui donnant un air plus soign\u00e9 et plus personnalis\u00e9.<\/p>\n\n\n\n<figure class=\"wp-block-image size-full\"><img decoding=\"async\" loading=\"lazy\" width=\"958\" height=\"1280\" src=\"https:\/\/fr.behr.ca\/colourfullybehr\/wp-content\/uploads\/2026\/05\/behr_25.jpg\" alt=\"Cette image montre une entr\u00e9e arri\u00e8re avec un meuble vestiaire \u00e0 crochets dot\u00e9 de compartiments de rangement et d\u2019un banc peints en teinte \u00ab\u00c9cologique\u00bb, le tout adoss\u00e9 \u00e0 un mur bleu p\u00e2le.\" class=\"wp-image-20987\"\/><figcaption class=\"wp-element-caption\">Murs: <a href=\"https:\/\/fr.behr.ca\/consumer\/ColorDetailView\/N480-5\">Bleu Adirondack<\/a>. Porte, garnitures, armoires: <a href=\"https:\/\/fr.behr.ca\/consumer\/ColorDetailView\/DC-003\">Toile vierge.<\/a> Banc: <a href=\"https:\/\/fr.behr.ca\/consumer\/ColorDetailView\/S380-6\">\u00c9cologique<\/a>.<\/figcaption><\/figure>\n\n\n\n<figure class=\"wp-block-image size-full\"><img decoding=\"async\" loading=\"lazy\" width=\"2098\" height=\"1914\" src=\"https:\/\/fr.behr.ca\/colourfullybehr\/wp-content\/uploads\/2026\/05\/Table.jpg\" alt=\"Cette image montre une table console peinte en teinte \u00ab\u00c9cologique\u00bb et dress\u00e9e dans un couloir baign\u00e9 de lumi\u00e8re, sur laquelle reposent une plante, quelques ornements et un chemin de table tiss\u00e9.\" class=\"wp-image-20983\"\/><figcaption class=\"wp-element-caption\">Murs: <a href=\"https:\/\/fr.behr.ca\/consumer\/ColorDetailView\/S380-6\">Encore plus beige<\/a>. Garnitures: <a href=\"https:\/\/fr.behr.ca\/consumer\/ColorDetailView\/DC-003\">Toile vierge<\/a>. Table: <a href=\"https:\/\/fr.behr.ca\/consumer\/ColorDetailView\/S380-6\">\u00c9cologique<\/a>.<\/figcaption><\/figure>\n\n\n\n<p>Que ce soit pour d\u00e9finir un espace ou ajouter une couche de profondeur subtile \u00e0 votre d\u00e9cor, la teinte <em>\u00c9cologique<\/em> montre une fois de plus qu\u2019une simple couleur peut transformer l\u2019ambiance de toute une maisonn\u00e9e. Sa nuance r\u00e9g\u00e9n\u00e9rante, inspir\u00e9e de la douceur terrestre, procure un sentiment d\u2019\u00e9quilibre tant aux moments du quotidien qu\u2019aux espaces soigneusement am\u00e9nag\u00e9s, cr\u00e9ant ainsi un trait d\u2019union entre l\u2019art de vivre dans la modernit\u00e9 et l\u2019influence calmante de la nature. Des murs d\u2019effet aux petites touches d\u2019accent, la teinte \u00c9cologique est un vert ind\u00e9modable et polyvalent qui vous invite \u00e0 cr\u00e9er des d\u00e9cors int\u00e9rieurs bien ancr\u00e9s, personnalis\u00e9s et naturellement raffin\u00e9s.<\/p>\n\n\n\n<p>Vivez en couleur, <\/p>\n\n\n\n<p>Diana<\/p>\n","protected":false},"excerpt":{"rendered":"<p>\u00c0 l\u2019int\u00e9rieur comme \u00e0 l\u2019ext\u00e9rieur, la nature continue d\u2019influencer la mani\u00e8re dont nous concevons nos espaces de vie en y apportant un sentiment d\u2019\u00e9quilibre, de chaleur et d\u2019intention au quotidien. \u00c0 mesure que les maisons d\u2019aujourd\u2019hui deviennent bien plus qu\u2019un simple lieu fonctionnel, le prisme des couleurs y joue un r\u00f4le essentiel dans la cr\u00e9ation [&hellip;]<\/p>\n","protected":false},"author":22,"featured_media":20989,"comment_status":"open","ping_status":"open","sticky":false,"template":"","format":"standard","meta":{"_s2mail":""},"categories":[11,14,1370],"tags":[1655,1656,1651,1650,1654,1657,1652,1653],"yoast_head":"<!-- This site is optimized with the Yoast SEO plugin v19.14 - https:\/\/yoast.com\/wordpress\/plugins\/seo\/ -->\n<title>\u00c9cologique S380-6: Peinture vert olive pour les armoires et les murs<\/title>\n<meta name=\"description\" content=\"Voyez comment la teinte \u00c9cologique (S380-6) de BEHR conf\u00e8re un aspect terrestre et r\u00e9g\u00e9n\u00e9rant au d\u00e9cor de la cuisine, de la chambre \u00e0 coucher, du hall d\u2019entr\u00e9e, de la salle de lavage ou de la salle de bain, et d\u00e9couvrez quelques id\u00e9es de murs d\u2019accent.\" \/>\n<meta name=\"robots\" content=\"index, follow, max-snippet:-1, max-image-preview:large, max-video-preview:-1\" \/>\n<link rel=\"canonical\" href=\"https:\/\/fr.behr.ca\/colourfullybehr\/ecologique-un-vert-terreux-regenerant-pour-rehausser-votre-espace-interieur\/\" \/>\n<meta property=\"og:locale\" content=\"en_US\" \/>\n<meta property=\"og:type\" content=\"article\" \/>\n<meta property=\"og:title\" content=\"\u00c9cologique S380-6: Peinture vert olive pour les armoires et les murs\" \/>\n<meta property=\"og:description\" content=\"Voyez comment la teinte \u00c9cologique (S380-6) de BEHR conf\u00e8re un aspect terrestre et r\u00e9g\u00e9n\u00e9rant au d\u00e9cor de la cuisine, de la chambre \u00e0 coucher, du hall d\u2019entr\u00e9e, de la salle de lavage ou de la salle de bain, et d\u00e9couvrez quelques id\u00e9es de murs d\u2019accent.\" \/>\n<meta property=\"og:url\" content=\"https:\/\/fr.behr.ca\/colourfullybehr\/ecologique-un-vert-terreux-regenerant-pour-rehausser-votre-espace-interieur\/\" \/>\n<meta property=\"og:site_name\" content=\"Tout en couleur, BEHR\" \/>\n<meta property=\"article:published_time\" content=\"2026-05-01T21:58:30+00:00\" \/>\n<meta property=\"article:modified_time\" content=\"2026-05-01T21:58:46+00:00\" \/>\n<meta property=\"og:image\" content=\"https:\/\/fr.behr.ca\/colourfullybehr\/wp-content\/uploads\/2026\/05\/Kitchen-.jpg\" \/>\n\t<meta property=\"og:image:width\" content=\"2356\" \/>\n\t<meta property=\"og:image:height\" content=\"1914\" \/>\n\t<meta property=\"og:image:type\" content=\"image\/jpeg\" \/>\n<meta name=\"author\" content=\"Diana Olvera\" \/>\n<meta name=\"twitter:label1\" content=\"Written by\" \/>\n\t<meta name=\"twitter:data1\" content=\"Diana Olvera\" \/>\n\t<meta name=\"twitter:label2\" content=\"Est. reading time\" \/>\n\t<meta name=\"twitter:data2\" content=\"6 minutes\" \/>\n<script type=\"application\/ld+json\" class=\"yoast-schema-graph\">{\"@context\":\"https:\/\/schema.org\",\"@graph\":[{\"@type\":\"Article\",\"@id\":\"https:\/\/fr.behr.ca\/colourfullybehr\/ecologique-un-vert-terreux-regenerant-pour-rehausser-votre-espace-interieur\/#article\",\"isPartOf\":{\"@id\":\"https:\/\/fr.behr.ca\/colourfullybehr\/ecologique-un-vert-terreux-regenerant-pour-rehausser-votre-espace-interieur\/\"},\"author\":{\"name\":\"Diana Olvera\",\"@id\":\"https:\/\/fr.behr.ca\/colourfullybehr\/#\/schema\/person\/90dbe4132f0d7f7776cf3a083b942e13\"},\"headline\":\"\u00c9cologique: un vert terreux r\u00e9g\u00e9n\u00e9rant pour rehausser votre espace int\u00e9rieur\",\"datePublished\":\"2026-05-01T21:58:30+00:00\",\"dateModified\":\"2026-05-01T21:58:46+00:00\",\"mainEntityOfPage\":{\"@id\":\"https:\/\/fr.behr.ca\/colourfullybehr\/ecologique-un-vert-terreux-regenerant-pour-rehausser-votre-espace-interieur\/\"},\"wordCount\":894,\"commentCount\":0,\"publisher\":{\"@id\":\"https:\/\/fr.behr.ca\/colourfullybehr\/#organization\"},\"keywords\":[\"Cuisine vert olive\",\"\u00c9cologique Behr\",\"Mur d\u2019accent vert\",\"Peinture vert olive\",\"Peinture vert terreux\",\"Peinture verte pour armoires de cuisine\",\"Peinture verte pour salle de bain\",\"Salle de lavage verte\"],\"articleSection\":[\"Couleurs + tendances\",\"Vert\",\"Zoom sur la couleur\"],\"inLanguage\":\"en-US\",\"potentialAction\":[{\"@type\":\"CommentAction\",\"name\":\"Comment\",\"target\":[\"https:\/\/fr.behr.ca\/colourfullybehr\/ecologique-un-vert-terreux-regenerant-pour-rehausser-votre-espace-interieur\/#respond\"]}]},{\"@type\":\"WebPage\",\"@id\":\"https:\/\/fr.behr.ca\/colourfullybehr\/ecologique-un-vert-terreux-regenerant-pour-rehausser-votre-espace-interieur\/\",\"url\":\"https:\/\/fr.behr.ca\/colourfullybehr\/ecologique-un-vert-terreux-regenerant-pour-rehausser-votre-espace-interieur\/\",\"name\":\"\u00c9cologique S380-6: Peinture vert olive pour les armoires et les murs\",\"isPartOf\":{\"@id\":\"https:\/\/fr.behr.ca\/colourfullybehr\/#website\"},\"datePublished\":\"2026-05-01T21:58:30+00:00\",\"dateModified\":\"2026-05-01T21:58:46+00:00\",\"description\":\"Voyez comment la teinte \u00c9cologique (S380-6) de BEHR conf\u00e8re un aspect terrestre et r\u00e9g\u00e9n\u00e9rant au d\u00e9cor de la cuisine, de la chambre \u00e0 coucher, du hall d\u2019entr\u00e9e, de la salle de lavage ou de la salle de bain, et d\u00e9couvrez quelques id\u00e9es de murs d\u2019accent.\",\"inLanguage\":\"en-US\",\"potentialAction\":[{\"@type\":\"ReadAction\",\"target\":[\"https:\/\/fr.behr.ca\/colourfullybehr\/ecologique-un-vert-terreux-regenerant-pour-rehausser-votre-espace-interieur\/\"]}]},{\"@type\":\"WebSite\",\"@id\":\"https:\/\/fr.behr.ca\/colourfullybehr\/#website\",\"url\":\"https:\/\/fr.behr.ca\/colourfullybehr\/\",\"name\":\"Tout en couleur, BEHR\",\"description\":\"\",\"publisher\":{\"@id\":\"https:\/\/fr.behr.ca\/colourfullybehr\/#organization\"},\"potentialAction\":[{\"@type\":\"SearchAction\",\"target\":{\"@type\":\"EntryPoint\",\"urlTemplate\":\"https:\/\/fr.behr.ca\/colourfullybehr\/?s={search_term_string}\"},\"query-input\":\"required name=search_term_string\"}],\"inLanguage\":\"en-US\"},{\"@type\":\"Organization\",\"@id\":\"https:\/\/fr.behr.ca\/colourfullybehr\/#organization\",\"name\":\"Tout en couleur, BEHR\",\"url\":\"https:\/\/fr.behr.ca\/colourfullybehr\/\",\"logo\":{\"@type\":\"ImageObject\",\"inLanguage\":\"en-US\",\"@id\":\"https:\/\/fr.behr.ca\/colourfullybehr\/#\/schema\/logo\/image\/\",\"url\":\"https:\/\/fr.behr.ca\/colourfullybehr\/wp-content\/uploads\/2021\/10\/colourfully-behr-logo-fr.png\",\"contentUrl\":\"https:\/\/fr.behr.ca\/colourfullybehr\/wp-content\/uploads\/2021\/10\/colourfully-behr-logo-fr.png\",\"width\":1000,\"height\":248,\"caption\":\"Tout en couleur, BEHR\"},\"image\":{\"@id\":\"https:\/\/fr.behr.ca\/colourfullybehr\/#\/schema\/logo\/image\/\"}},{\"@type\":\"Person\",\"@id\":\"https:\/\/fr.behr.ca\/colourfullybehr\/#\/schema\/person\/90dbe4132f0d7f7776cf3a083b942e13\",\"name\":\"Diana Olvera\",\"image\":{\"@type\":\"ImageObject\",\"inLanguage\":\"en-US\",\"@id\":\"https:\/\/fr.behr.ca\/colourfullybehr\/#\/schema\/person\/image\/\",\"url\":\"https:\/\/secure.gravatar.com\/avatar\/465ca6aaf2f16757d94ae8cf0c8c7dca?s=96&d=mm&r=g\",\"contentUrl\":\"https:\/\/secure.gravatar.com\/avatar\/465ca6aaf2f16757d94ae8cf0c8c7dca?s=96&d=mm&r=g\",\"caption\":\"Diana Olvera\"},\"url\":\"https:\/\/fr.behr.ca\/colourfullybehr\/author\/dolvera\/\"}]}<\/script>\n<!-- \/ Yoast SEO plugin. -->","yoast_head_json":{"title":"\u00c9cologique S380-6: Peinture vert olive pour les armoires et les murs","description":"Voyez comment la teinte \u00c9cologique (S380-6) de BEHR conf\u00e8re un aspect terrestre et r\u00e9g\u00e9n\u00e9rant au d\u00e9cor de la cuisine, de la chambre \u00e0 coucher, du hall d\u2019entr\u00e9e, de la salle de lavage ou de la salle de bain, et d\u00e9couvrez quelques id\u00e9es de murs d\u2019accent.","robots":{"index":"index","follow":"follow","max-snippet":"max-snippet:-1","max-image-preview":"max-image-preview:large","max-video-preview":"max-video-preview:-1"},"canonical":"https:\/\/fr.behr.ca\/colourfullybehr\/ecologique-un-vert-terreux-regenerant-pour-rehausser-votre-espace-interieur\/","og_locale":"en_US","og_type":"article","og_title":"\u00c9cologique S380-6: Peinture vert olive pour les armoires et les murs","og_description":"Voyez comment la teinte \u00c9cologique (S380-6) de BEHR conf\u00e8re un aspect terrestre et r\u00e9g\u00e9n\u00e9rant au d\u00e9cor de la cuisine, de la chambre \u00e0 coucher, du hall d\u2019entr\u00e9e, de la salle de lavage ou de la salle de bain, et d\u00e9couvrez quelques id\u00e9es de murs d\u2019accent.","og_url":"https:\/\/fr.behr.ca\/colourfullybehr\/ecologique-un-vert-terreux-regenerant-pour-rehausser-votre-espace-interieur\/","og_site_name":"Tout en couleur, BEHR","article_published_time":"2026-05-01T21:58:30+00:00","article_modified_time":"2026-05-01T21:58:46+00:00","og_image":[{"width":2356,"height":1914,"url":"https:\/\/fr.behr.ca\/colourfullybehr\/wp-content\/uploads\/2026\/05\/Kitchen-.jpg","type":"image\/jpeg"}],"author":"Diana Olvera","twitter_misc":{"Written by":"Diana Olvera","Est. reading time":"6 minutes"},"schema":{"@context":"https:\/\/schema.org","@graph":[{"@type":"Article","@id":"https:\/\/fr.behr.ca\/colourfullybehr\/ecologique-un-vert-terreux-regenerant-pour-rehausser-votre-espace-interieur\/#article","isPartOf":{"@id":"https:\/\/fr.behr.ca\/colourfullybehr\/ecologique-un-vert-terreux-regenerant-pour-rehausser-votre-espace-interieur\/"},"author":{"name":"Diana Olvera","@id":"https:\/\/fr.behr.ca\/colourfullybehr\/#\/schema\/person\/90dbe4132f0d7f7776cf3a083b942e13"},"headline":"\u00c9cologique: un vert terreux r\u00e9g\u00e9n\u00e9rant pour rehausser votre espace int\u00e9rieur","datePublished":"2026-05-01T21:58:30+00:00","dateModified":"2026-05-01T21:58:46+00:00","mainEntityOfPage":{"@id":"https:\/\/fr.behr.ca\/colourfullybehr\/ecologique-un-vert-terreux-regenerant-pour-rehausser-votre-espace-interieur\/"},"wordCount":894,"commentCount":0,"publisher":{"@id":"https:\/\/fr.behr.ca\/colourfullybehr\/#organization"},"keywords":["Cuisine vert olive","\u00c9cologique Behr","Mur d\u2019accent vert","Peinture vert olive","Peinture vert terreux","Peinture verte pour armoires de cuisine","Peinture verte pour salle de bain","Salle de lavage verte"],"articleSection":["Couleurs + tendances","Vert","Zoom sur la couleur"],"inLanguage":"en-US","potentialAction":[{"@type":"CommentAction","name":"Comment","target":["https:\/\/fr.behr.ca\/colourfullybehr\/ecologique-un-vert-terreux-regenerant-pour-rehausser-votre-espace-interieur\/#respond"]}]},{"@type":"WebPage","@id":"https:\/\/fr.behr.ca\/colourfullybehr\/ecologique-un-vert-terreux-regenerant-pour-rehausser-votre-espace-interieur\/","url":"https:\/\/fr.behr.ca\/colourfullybehr\/ecologique-un-vert-terreux-regenerant-pour-rehausser-votre-espace-interieur\/","name":"\u00c9cologique S380-6: Peinture vert olive pour les armoires et les murs","isPartOf":{"@id":"https:\/\/fr.behr.ca\/colourfullybehr\/#website"},"datePublished":"2026-05-01T21:58:30+00:00","dateModified":"2026-05-01T21:58:46+00:00","description":"Voyez comment la teinte \u00c9cologique (S380-6) de BEHR conf\u00e8re un aspect terrestre et r\u00e9g\u00e9n\u00e9rant au d\u00e9cor de la cuisine, de la chambre \u00e0 coucher, du hall d\u2019entr\u00e9e, de la salle de lavage ou de la salle de bain, et d\u00e9couvrez quelques id\u00e9es de murs d\u2019accent.","inLanguage":"en-US","potentialAction":[{"@type":"ReadAction","target":["https:\/\/fr.behr.ca\/colourfullybehr\/ecologique-un-vert-terreux-regenerant-pour-rehausser-votre-espace-interieur\/"]}]},{"@type":"WebSite","@id":"https:\/\/fr.behr.ca\/colourfullybehr\/#website","url":"https:\/\/fr.behr.ca\/colourfullybehr\/","name":"Tout en couleur, BEHR","description":"","publisher":{"@id":"https:\/\/fr.behr.ca\/colourfullybehr\/#organization"},"potentialAction":[{"@type":"SearchAction","target":{"@type":"EntryPoint","urlTemplate":"https:\/\/fr.behr.ca\/colourfullybehr\/?s={search_term_string}"},"query-input":"required name=search_term_string"}],"inLanguage":"en-US"},{"@type":"Organization","@id":"https:\/\/fr.behr.ca\/colourfullybehr\/#organization","name":"Tout en couleur, BEHR","url":"https:\/\/fr.behr.ca\/colourfullybehr\/","logo":{"@type":"ImageObject","inLanguage":"en-US","@id":"https:\/\/fr.behr.ca\/colourfullybehr\/#\/schema\/logo\/image\/","url":"https:\/\/fr.behr.ca\/colourfullybehr\/wp-content\/uploads\/2021\/10\/colourfully-behr-logo-fr.png","contentUrl":"https:\/\/fr.behr.ca\/colourfullybehr\/wp-content\/uploads\/2021\/10\/colourfully-behr-logo-fr.png","width":1000,"height":248,"caption":"Tout en couleur, BEHR"},"image":{"@id":"https:\/\/fr.behr.ca\/colourfullybehr\/#\/schema\/logo\/image\/"}},{"@type":"Person","@id":"https:\/\/fr.behr.ca\/colourfullybehr\/#\/schema\/person\/90dbe4132f0d7f7776cf3a083b942e13","name":"Diana Olvera","image":{"@type":"ImageObject","inLanguage":"en-US","@id":"https:\/\/fr.behr.ca\/colourfullybehr\/#\/schema\/person\/image\/","url":"https:\/\/secure.gravatar.com\/avatar\/465ca6aaf2f16757d94ae8cf0c8c7dca?s=96&d=mm&r=g","contentUrl":"https:\/\/secure.gravatar.com\/avatar\/465ca6aaf2f16757d94ae8cf0c8c7dca?s=96&d=mm&r=g","caption":"Diana Olvera"},"url":"https:\/\/fr.behr.ca\/colourfullybehr\/author\/dolvera\/"}]}},"_links":{"self":[{"href":"https:\/\/fr.behr.ca\/colourfullybehr\/wp-json\/wp\/v2\/posts\/20994"}],"collection":[{"href":"https:\/\/fr.behr.ca\/colourfullybehr\/wp-json\/wp\/v2\/posts"}],"about":[{"href":"https:\/\/fr.behr.ca\/colourfullybehr\/wp-json\/wp\/v2\/types\/post"}],"author":[{"embeddable":true,"href":"https:\/\/fr.behr.ca\/colourfullybehr\/wp-json\/wp\/v2\/users\/22"}],"replies":[{"embeddable":true,"href":"https:\/\/fr.behr.ca\/colourfullybehr\/wp-json\/wp\/v2\/comments?post=20994"}],"version-history":[{"count":2,"href":"https:\/\/fr.behr.ca\/colourfullybehr\/wp-json\/wp\/v2\/posts\/20994\/revisions"}],"predecessor-version":[{"id":20996,"href":"https:\/\/fr.behr.ca\/colourfullybehr\/wp-json\/wp\/v2\/posts\/20994\/revisions\/20996"}],"wp:featuredmedia":[{"embeddable":true,"href":"https:\/\/fr.behr.ca\/colourfullybehr\/wp-json\/wp\/v2\/media\/20989"}],"wp:attachment":[{"href":"https:\/\/fr.behr.ca\/colourfullybehr\/wp-json\/wp\/v2\/media?parent=20994"}],"wp:term":[{"taxonomy":"category","embeddable":true,"href":"https:\/\/fr.behr.ca\/colourfullybehr\/wp-json\/wp\/v2\/categories?post=20994"},{"taxonomy":"post_tag","embeddable":true,"href":"https:\/\/fr.behr.ca\/colourfullybehr\/wp-json\/wp\/v2\/tags?post=20994"}],"curies":[{"name":"wp","href":"https:\/\/api.w.org\/{rel}","templated":true}]}}