{"id":21135,"date":"2026-08-26T08:00:00","date_gmt":"2026-08-26T08:00:00","guid":{"rendered":"https:\/\/fr.behr.ca\/colourfullybehr\/?p=21135"},"modified":"2026-08-21T22:12:09","modified_gmt":"2026-08-21T22:12:09","slug":"behr-annonce-sa-couleur-de-lannee-2027-terre-a-terre","status":"publish","type":"post","link":"https:\/\/fr.behr.ca\/colourfullybehr\/behr-annonce-sa-couleur-de-lannee-2027-terre-a-terre\/","title":{"rendered":"<strong>BEHR annonce sa couleur de l\u2019ann\u00e9e 2027: Terre \u00e0 terre<\/strong>"},"content":{"rendered":"\n<figure class=\"wp-block-image size-full\"><img decoding=\"async\" loading=\"lazy\" width=\"1280\" height=\"831\" src=\"https:\/\/fr.behr.ca\/colourfullybehr\/wp-content\/uploads\/2026\/08\/cq5dam.web_.1280.1280.jpeg\" alt=\"\" class=\"wp-image-21133\"\/><figcaption class=\"wp-element-caption\">Murs, garnitures et \u00e9tag\u00e8res: <strong><ins><a href=\"file:\/\/\/Users\/emmasilveira\/Documents\/COTY%202027\/Blog\/fr.behr.ca\/consumer\/colors\/couleurdelannee2027\">Terre \u00e0 terre<\/a><\/ins>.<\/strong> Plafond: <strong>Beige c\u00f4tier.<\/strong><\/figcaption><\/figure>\n\n\n\n<p>Il y a une beaut\u00e9 tacite dans les couleurs que l\u2019on associe \u00e0 la nature. Certaines d\u2019entre elles ne se contentent pas de transformer le visage d\u2019une pi\u00e8ce; elles en modifient \u00e9galement l\u2019ambiance. <ins><a href=\"file:\/\/\/C:\/Users\/DOLVERA\/Downloads\/fr.behr.ca\/consumer\/colors\/couleurdelannee2027\">La couleur BEHR de l\u2019ann\u00e9e 2027, <strong>Terre \u00e0 terre <\/strong>(T27-01)<\/a><\/ins>, fait partie de cette tendance. Il s\u2019agit d\u2019une nuance oliv\u00e2tre aux accents vert mousse avec un ton de brun terreux qui apporte une douce profondeur au d\u00e9cor. Inspir\u00e9e par l\u2019essence bienfaitrice et l\u2019\u00e9nergie discr\u00e8te de la nature, ce vert raffin\u00e9 permet de cr\u00e9er des espaces chaleureux, en phase avec le monde vivant et naturellement accueillants.<\/p>\n\n\n\n<p>La teinte Terre \u00e0 terre s\u2019inscrit dans une tendance en plein essor qui privil\u00e9gie les espaces enracin\u00e9s, confortablement habit\u00e9s et ancr\u00e9s dans le monde du r\u00e9el. Avec un peu d\u2019imagination, ce concept peut offrir une rare occasion d\u2019entrevoir un foyer au d\u00e9cor \u00e0 la fois bien camp\u00e9 et toujours ouvert \u00e0 une foule de possibilit\u00e9s.<\/p>\n\n\n\n<figure class=\"wp-block-image size-full is-resized\"><img decoding=\"async\" loading=\"lazy\" src=\"https:\/\/fr.behr.ca\/colourfullybehr\/wp-content\/uploads\/2026\/07\/t27-01_terre-a-terre.jpg\" alt=\"Cette image montre le dessus d\u2019un pot de peinture ouvert rempli d\u2019une peinture en teinte Terre \u00e0 terre (T27-01) de BEHR. Un pinceau \u00e0 moiti\u00e9 tremp\u00e9 dans la m\u00eame couleur est pos\u00e9 sur le bord du pot.\" class=\"wp-image-21104\" width=\"1000\" height=\"1000\"\/><\/figure>\n\n\n\n<p>La teinte Terre \u00e0 terre fait entrer la nature dans votre espace int\u00e9rieur en y introduisant une nuance organique \u00e0 effet dimensionnel. Elle donne l\u2019impression qu\u2019on se tient au milieu d\u2019arbres g\u00e9ants ou qu\u2019on sillonne un sentier bois\u00e9 au moment o\u00f9 le jour se fait plus clair ou plus sombre. Fra\u00eeche et vivifiante le matin, elle adopte un ton plus fonc\u00e9 et enveloppant le soir venu, \u00e9voluant ainsi au rythme de la journ\u00e9e.<\/p>\n\n\n\n<p><strong>Dans quelles pi\u00e8ces la teinte Terre \u00e0 terre convient-elle?<\/strong><\/p>\n\n\n\n<figure class=\"wp-block-image size-full\"><img decoding=\"async\" loading=\"lazy\" width=\"5296\" height=\"6505\" src=\"https:\/\/fr.behr.ca\/colourfullybehr\/wp-content\/uploads\/2026\/08\/BEHR_26.03_TRENDS_TC_SUNROOM_002-4.jpeg\" alt=\"Cette image montre une v\u00e9randa chaleureuse peinte en teinte Terre \u00e0 terre de BEHR, une banquette encastr\u00e9e sous deux grandes fen\u00eatres, un fauteuil en cuir, des jardini\u00e8res suspendues et un tapis \u00e0 losanges gris et cr\u00e8me.\" class=\"wp-image-21134\"\/><figcaption class=\"wp-element-caption\">Murs, garnitures et plafond: <strong><ins><a href=\"file:\/\/\/Users\/emmasilveira\/Documents\/COTY%202027\/Blog\/fr.behr.ca\/consumer\/colors\/couleurdelannee2027\">Terre \u00e0 terre.<\/a><\/ins><\/strong><\/figcaption><\/figure>\n\n\n\n<p>Gr\u00e2ce \u00e0 son pouvoir transformateur, la teinte Terre \u00e0 terre cr\u00e9e une ambiance intens\u00e9ment chaleureuse et conviviale qui rejaillit dans toute la maison. Dans un salon bien \u00e9clair\u00e9 ou une v\u00e9randa inond\u00e9e de soleil, cette teinte vert olive apporte de la profondeur tout en conservant un charme naturel et accueillant. Dans les endroits plus personnels, comme les espaces de bureau et les chambres \u00e0 coucher, Terre \u00e0 terre cr\u00e9e un cadre douillet qui favorise le calme, le recueillement et la d\u00e9tente. Vedette des teintes vertes \u00e0 effet apaisant de BEHR, elle apporte une touche de tranquillit\u00e9 lib\u00e9ratrice aux espaces intimes sans para\u00eetre trop audacieuse.<\/p>\n\n\n\n<figure class=\"wp-block-image size-full\"><img decoding=\"async\" loading=\"lazy\" width=\"6916\" height=\"5292\" src=\"https:\/\/fr.behr.ca\/colourfullybehr\/wp-content\/uploads\/2026\/07\/BEHR_26.03_TRENDS_TC_LIV2_002-6.jpeg\" alt=\"Cette image montre un salon douillet dont le mur peint en teinte Terre \u00e0 terre de BEHR s\u2019assortit d\u2019un sofa vert fonc\u00e9, de coussins rouille au ton chaud, d'une table basse en bois, d\u2019un amalgame de textures naturelles et d\u2019un \u00e9clairage d\u2019ambiance focalis\u00e9.\" class=\"wp-image-21101\"\/><figcaption class=\"wp-element-caption\">Mur et plinthes: <strong><ins><a href=\"file:\/\/\/Users\/emmasilveira\/Documents\/COTY%202027\/Blog\/fr.behr.ca\/consumer\/colors\/couleurdelannee2027\">Terre \u00e0 terre.<\/a><\/ins><\/strong><\/figcaption><\/figure>\n\n\n\n<p><strong>Salles \u00e0 manger<\/strong><\/p>\n\n\n\n<p> Dans une salle \u00e0 manger spacieuse, la teinte Terre \u00e0 terre cr\u00e9e une toile de fond \u00e0 la fois stabilisante et accueillante. Sa nuance oliv\u00e2tre aux accents vert mousse apporte de la profondeur aux murs, tandis que son ton de brun terreux y ajoute un fond de chaleur famili\u00e8re, le tout enveloppant l\u2019espace d\u2019une ambiance intime et en phase avec la nature.<\/p>\n\n\n\n<figure class=\"wp-block-image size-full\"><img decoding=\"async\" loading=\"lazy\" width=\"6657\" height=\"4564\" src=\"https:\/\/fr.behr.ca\/colourfullybehr\/wp-content\/uploads\/2026\/07\/BEHR_26.03_TRENDS_TC_DIN_004-1.jpeg\" alt=\"Cette image montre une \u00e9l\u00e9gante salle \u00e0 manger baign\u00e9e d\u2019une lumi\u00e8re naturelle chaleureuse avec des murs lambriss\u00e9s peints en teinte Terre \u00e0 terre de BEHR, ainsi qu\u2019une table \u00e0 d\u00eener en bois massif entour\u00e9e de chaises rembourr\u00e9es et surplomb\u00e9e d\u2019un lustre moderne en laiton.\" class=\"wp-image-21098\"\/><figcaption class=\"wp-element-caption\">Murs: <strong><ins><a href=\"file:\/\/\/Users\/emmasilveira\/Documents\/COTY%202027\/Blog\/fr.behr.ca\/consumer\/colors\/couleurdelannee2027\">Terre \u00e0 terre.<\/a><\/ins> <\/strong>Plafond: <a href=\"https:\/\/fr.behr.ca\/consumer\/ColorDetailView\/PPU11-09\"><strong>Environnemental.<\/strong><\/a><\/figcaption><\/figure>\n\n\n\n<p><strong>Armoires de cuisine<\/strong> <\/p>\n\n\n\n<p>Appliqu\u00e9e \u00e0 l\u2019ensemble des armoires, la teinte Terre \u00e0 terre apporte de la profondeur et une richesse organique \u00e0 cette cuisine spacieuse. Sa nuance oliv\u00e2tre aux accents vert mousse ancre l\u2019espace dans une \u00e9l\u00e9gance intemporelle, tandis que son subtil ton de brun terreux s\u2019harmonise avec le parquet de bois chaud et sied parfaitement aux \u00e9lectrom\u00e9nagers en acier inoxydable, aux robinets en laiton et aux accessoires en cuivre.<\/p>\n\n\n\n<p>R\u00e9sultat: un carrefour accueillant o\u00f9 il fait bon s\u2019attarder, d\u00e9guster tranquillement un bon caf\u00e9, prendre un petit d\u00e9jeuner sans se presser ou discuter des soir\u00e9es enti\u00e8res entre amis. Une cuisine o\u00f9 l\u2019on se sent \u00e0 l\u2019aise, qui respire le confort et le bonheur de vivre.<\/p>\n\n\n\n<figure class=\"wp-block-image size-full\"><img decoding=\"async\" loading=\"lazy\" width=\"8052\" height=\"5111\" src=\"https:\/\/fr.behr.ca\/colourfullybehr\/wp-content\/uploads\/2026\/07\/BEHR_26.03_TRENDS_TC_KIT1_001-2.jpeg\" alt=\"Cette image montre une cuisine accueillante avec des armoires peintes en teinte Terre \u00e0 terre de BEHR, des comptoirs en bois au ton chaud, des tablettes encastr\u00e9es, des \u00e9lectrom\u00e9nagers en acier inoxydable et une table \u00e0 d\u00eener ronde avec des chaises \u00e0 barreaux.\" class=\"wp-image-21100\"\/><figcaption class=\"wp-element-caption\">Armoires: <strong><ins><a href=\"file:\/\/\/Users\/emmasilveira\/Documents\/COTY%202027\/Blog\/fr.behr.ca\/consumer\/colors\/couleurdelannee2027\">Terre \u00e0 terre.<\/a><\/ins> <\/strong>Murs et fonds des \u00e9tag\u00e8res: <a href=\"https:\/\/fr.behr.ca\/consumer\/ColorDetailView\/YL-W13\"><strong>Beige sentimental.<\/strong><\/a><\/figcaption><\/figure>\n\n\n\n<p><strong>Chambres \u00e0 coucher et salles de bain<\/strong> <\/p>\n\n\n\n<p>Ancr\u00e9e dans le renouveau, la teinte Terre \u00e0 terre apporte une aura de calme et une \u00e9nergie contenue aux espaces plus intimes, tels que les chambres \u00e0 coucher et les salles de bain. Sa nuance oliv\u00e2tre aux accents vert mousse enveloppe la pi\u00e8ce de chaleur et de profondeur, cr\u00e9ant une ambiance apaisante qui invite au repos et au ressourcement.<\/p>\n\n\n\n<figure class=\"wp-block-image size-full\"><img decoding=\"async\" loading=\"lazy\" width=\"7847\" height=\"5228\" src=\"https:\/\/fr.behr.ca\/colourfullybehr\/wp-content\/uploads\/2026\/07\/BEHR_26.03_TRENDS_TC_BED1_002-4.jpeg\" alt=\"Cette image montre une chambre \u00e0 coucher paisible au d\u00e9cor contemporain avec un mur d\u2019accent peint en teinte Terre \u00e0 terre de BEHR, un lit \u00e0 t\u00eate rembourr\u00e9e de couleur neutre, une \u00e9paisse literie, une table de chevet en bois et des luminaires suspendus en verre.\" class=\"wp-image-21097\"\/><figcaption class=\"wp-element-caption\">Mur: <strong><ins><a href=\"file:\/\/\/C:\/Users\/emmasilveira\/Documents\/COTY%202027\/Blog\/fr.behr.ca\/consumer\/colors\/couleurdelannee2027\">Terre \u00e0 terre.<\/a><\/ins><\/strong><\/figcaption><\/figure>\n\n\n\n<figure class=\"wp-block-image size-full\"><img decoding=\"async\" loading=\"lazy\" width=\"2667\" height=\"3791\" src=\"https:\/\/fr.behr.ca\/colourfullybehr\/wp-content\/uploads\/2026\/07\/BEHR_26.03_TRENDS_TC_BATH2_001-3.jpg\" alt=\"Cette image montre une \u00e9l\u00e9gante salle de bain minimaliste agr\u00e9ment\u00e9e d\u2019un mur lambriss\u00e9 peint en teinte Terre \u00e0 terre de BEHR, d\u2019un lavabo noir soutenu par un montant chrom\u00e9, d\u2019un miroir aux contours arrondis, d\u2019un jeu de lumi\u00e8re sur rail au-dessus du lavabo et d\u2019un parquet de bois au ton chaud.\" class=\"wp-image-21096\"\/><figcaption class=\"wp-element-caption\">Mur: <strong><ins><a href=\"file:\/\/\/C:\/Users\/emmasilveira\/Documents\/COTY%202027\/Blog\/fr.behr.ca\/consumer\/colors\/couleurdelannee2027\">Terre \u00e0 terre.<\/a><\/ins><\/strong><\/figcaption><\/figure>\n\n\n\n<p><strong>Espaces ext\u00e9rieurs<\/strong><\/p>\n\n\n\n<p>La teinte Terre \u00e0 terre permet de cr\u00e9er une transition harmonieuse entre la maison et le paysage naturel qui l\u2019entoure. Elle donne la mesure aux couleurs ext\u00e9rieures, dont l\u2019agencement semble \u00eatre l\u2019\u0153uvre de la nature elle-m\u00eame. Figurant parmi les peintures d\u2019ext\u00e9rieur vertes de BEHR inspir\u00e9es de la nature, la teinte Terre \u00e0 terre apporte une sensation de calme et d\u2019intemporalit\u00e9 aux espaces ext\u00e9rieurs tout en brouillant la fronti\u00e8re entre la vie au foyer et la vie en plein air.<\/p>\n\n\n\n<figure class=\"wp-block-image size-full\"><img decoding=\"async\" loading=\"lazy\" width=\"7846\" height=\"5001\" src=\"https:\/\/fr.behr.ca\/colourfullybehr\/wp-content\/uploads\/2026\/07\/BEHR_26.03_TRENDS_TC_EXT_003-2.jpeg\" alt=\"Cette image montre une cour arri\u00e8re id\u00e9ale pour les familles. Le mur de la maison peint en teinte Terre \u00e0 terre s\u2019harmonise avec la terrasse en pav\u00e9s, les meubles en rotin du coin causerie, les portes-fen\u00eatres, la pelouse verte et les aires de jeu pour enfants.\" class=\"wp-image-21099\"\/><figcaption class=\"wp-element-caption\">Mur de la maison (bardage): <strong><ins><a href=\"file:\/\/\/C:\/Users\/emmasilveira\/Documents\/COTY%202027\/Blog\/fr.behr.ca\/consumer\/colors\/couleurdelannee2027\">Terre \u00e0 terre.<\/a><\/ins><\/strong> Garnitures: <strong>Blanc cass\u00e9.<\/strong><\/figcaption><\/figure>\n\n\n\n<p>Dans un contexte o\u00f9 nos espaces int\u00e9rieurs ne cessent d\u2019\u00e9voluer au gr\u00e9 des tendances pour devenir des havres de confort et de ressourcement, la teinte Terre \u00e0 terre nous rappelle que la couleur peut fa\u00e7onner le visage, l\u2019ambiance et la fonctionnalit\u00e9 de n\u2019importe quelle pi\u00e8ce. Qu\u2019il s\u2019agisse de cr\u00e9er un espace de vie accueillant, un sanctuaire de paix ou une fa\u00e7ade qui se fond dans son environnement, cette \u00e9l\u00e9gante teinte oliv\u00e2tre aux accents vert mousse peut apporter chaleur, profondeur et un cachet durable \u00e0 tous vos projets de d\u00e9coration.<\/p>\n\n\n\n<p>Faites l\u2019exp\u00e9rience de cette teinte dans votre propre foyer. Visitez BEHR.ca pour explorer les possibilit\u00e9s offertes par la teinte Terre \u00e0 terre, et rendez-vous dans un magasin Home Depot pr\u00e8s de chez vous pour obtenir un \u00e9chantillon de peinture dans le lustre de votre choix. Les peintures BEHR sont offertes exclusivement chez Home Depot.<\/p>\n\n\n\n<p>Vivez en couleur, <\/p>\n\n\n\n<p>Kayla<\/p>\n\n\n\n<div class=\"schema-faq wp-block-yoast-faq-block\"><div class=\"schema-faq-section\" id=\"faq-question-1786752801418\"><strong class=\"schema-faq-question\"><strong>Q: Comment pourrait-on d\u00e9crire la couleur Terre \u00e0 terre (T27-01) de BEHR?<\/strong><\/strong> <p class=\"schema-faq-answer\">R: La teinte Terre \u00e0 terre (T27-01) de BEHR est une nuance oliv\u00e2tre aux accents vert mousse et au ton de brun terreux. Elle exerce un effet de chaleur et de profondeur r\u00e9confortant dans n\u2019importe quelle pi\u00e8ce en pr\u00e9servant un rapport naturel et symbiotique avec les couleurs ambiantes.<\/p> <\/div> <div class=\"schema-faq-section\" id=\"faq-question-1786752900059\"><strong class=\"schema-faq-question\"><strong>Q: Dans quelles pi\u00e8ces de la maison la teinte Terre \u00e0 terre peut-elle convenir?<\/strong><\/strong> <p class=\"schema-faq-answer\">R: La teinte Terre \u00e0 terre peut aussi bien convenir dans une pi\u00e8ce de s\u00e9jour que dans une chambre priv\u00e9e ou une cuisine qui grouille d\u2019activit\u00e9. Utilisez-la pour apporter de la profondeur au d\u00e9cor d\u2019un salon, un air de calme dans un bureau ou une chambre \u00e0 coucher, de la chaleur \u00e0 une salle \u00e0 manger ou un brin de sophistication aux armoires de cuisine.<\/p> <\/div> <div class=\"schema-faq-section\" id=\"faq-question-1786752913995\"><strong class=\"schema-faq-question\"><strong>Q: La teinte Terre \u00e0 terre peut-elle convenir pour peinturer les armoires de cuisine?<\/strong><\/strong> <p class=\"schema-faq-answer\">R: Oui. Appliqu\u00e9e aux armoires de cuisine, la teinte Terre \u00e0 terre permet de d\u00e9signer un ancrage visuel chaud et organique dans la pi\u00e8ce, surtout lorsqu\u2019elle s\u2019accompagne de mat\u00e9riaux naturels, de bois blonds et de finis \u00e9l\u00e9gants. Ainsi, sa nuance oliv\u00e2tre aux accents vert mousse saura cr\u00e9er un effet d\u2019\u00e9quilibre et sans surcharge.<\/p> <\/div> <div class=\"schema-faq-section\" id=\"faq-question-1786752932490\"><strong class=\"schema-faq-question\"><strong>Q: La teinte Terre \u00e0 terre existe-t-elle dans les peintures d\u2019ext\u00e9rieur?<\/strong><\/strong> <p class=\"schema-faq-answer\">R: Oui. La teinte Terre \u00e0 terre est un compl\u00e9ment naturel aux couleurs du monde ext\u00e9rieur. Sur les bardages d\u2019une maison, sa nuance oliv\u00e2tre aux accents vert mousse appara\u00eet comme un prolongement de la v\u00e9g\u00e9tation environnante, et elle met joliment en valeur les \u00e9l\u00e9ments de d\u00e9coration en bois naturel. Pour planifier vos travaux de peinture ext\u00e9rieurs, consultez le <a href=\"https:\/\/fr.behr.ca\/consumer\/products\/compare-exterior-paint-sheens\">Guide des lustres<\/a> des peintures d\u2019ext\u00e9rieur de BEHR.<\/p> <\/div> <div class=\"schema-faq-section\" id=\"faq-question-1786752941723\"><strong class=\"schema-faq-question\"><strong>Q: Quelles couleurs et quels mat\u00e9riaux s\u2019agencent bien avec la teinte oliv\u00e2tre aux accents vert mousse?<\/strong><\/strong> <p class=\"schema-faq-answer\">R: La nuance oliv\u00e2tre aux accents vert mousse s\u2019allie naturellement aux bois dans les tons chauds, aux teintes neutres au ton terreux, aux textures organiques et aux finis qui font \u00e9cho au monde ext\u00e9rieur. Pour r\u00e9aliser une palette bien \u00abterre \u00e0 terre\u00bb, laissez la teinte verte exercer son effet de profondeur, et utilisez des mat\u00e9riaux naturels pour ajouter de la chaleur, du relief et de l\u2019\u00e9quilibre \u00e0 l\u2019ensemble.<\/p> <\/div> <div class=\"schema-faq-section\" id=\"faq-question-1786752990870\"><strong class=\"schema-faq-question\"><strong>Q: Comment tester la teinte Terre \u00e0 terre avant de l\u2019utiliser pour peinturer une pi\u00e8ce au complet?<\/strong><\/strong> <p class=\"schema-faq-answer\">R: \u00c0 partir d\u2019un \u00e9chantillon de peinture, testez la couleur sur une petite surface de la pi\u00e8ce et observez celle-ci \u00e0 diff\u00e9rents moments de la journ\u00e9e. Dans une pi\u00e8ce ensoleill\u00e9e, une teinte comme Terre \u00e0 terre peut sembler plus fra\u00eeche le matin et plus fonc\u00e9e et enveloppante le soir venu. Un test vous permettra donc d\u2019appr\u00e9cier l\u2019effet que la couleur produira en fonction de l\u2019\u00e9clairage dont vous b\u00e9n\u00e9ficiez, de votre mobilier et du lustre que vous aurez choisi. Rendez-vous dans un magasin Home Depot pr\u00e8s de chez vous pour obtenir un \u00e9chantillon de peinture dans le lustre de votre choix.<\/p> <\/div> <div class=\"schema-faq-section\" id=\"faq-question-1786753011743\"><strong class=\"schema-faq-question\"><strong>Q: Quel degr\u00e9 de lustre doit-on utiliser pour une peinture de couleur verte, comme Terre \u00e0 terre?<\/strong><\/strong> <p class=\"schema-faq-answer\">R: Choisissez le degr\u00e9 de lustre en fonction du substrat \u00e0 peinturer et du niveau d\u2019affluence de la pi\u00e8ce. Pour les murs int\u00e9rieurs (par ex., les salons, chambres \u00e0 coucher, couloirs et salles \u00e0 manger), BEHR recommande la peinture \u00e9mail coquille d\u2019\u0153uf pour les zones d\u2019affluence mod\u00e9r\u00e9e. Pour les armoires, les moulures garnitures et les zones \u00e0 fort taux d\u2019humidit\u00e9, l\u2019on utilise g\u00e9n\u00e9ralement la peinture \u00e9mail semi-brillante. Pour vous aider \u00e0 choisir le lustre qui convient selon votre projet, consultez le <a href=\"https:\/\/fr.behr.ca\/consumer\/products\/compare-interior-paint-sheens\">Guide des lustres des peintures d\u2019int\u00e9rieur<\/a> de BEHR.<\/p> <\/div> <\/div>\n","protected":false},"excerpt":{"rendered":"<p>Il y a une beaut\u00e9 tacite dans les couleurs que l\u2019on associe \u00e0 la nature. Certaines d\u2019entre elles ne se contentent pas de transformer le visage d\u2019une pi\u00e8ce; elles en modifient \u00e9galement l\u2019ambiance. La couleur BEHR de l\u2019ann\u00e9e 2027, Terre \u00e0 terre (T27-01), fait partie de cette tendance. Il s\u2019agit d\u2019une nuance oliv\u00e2tre aux accents [&hellip;]<\/p>\n","protected":false},"author":7,"featured_media":21102,"comment_status":"open","ping_status":"open","sticky":true,"template":"","format":"standard","meta":{"_s2mail":""},"categories":[11,1500,14],"tags":[1650,1730],"yoast_head":"<!-- This site is optimized with the Yoast SEO plugin v19.14 - https:\/\/yoast.com\/wordpress\/plugins\/seo\/ -->\n<title>BEHR annonce sa couleur de l\u2019ann\u00e9e 2027 : Terre \u00e0 terre (T27-01)<\/title>\n<meta name=\"description\" content=\"Voici la teinte Terre \u00e0 terre (T27-01), la couleur BEHR de l\u2019ann\u00e9e 2027: une nuance oliv\u00e2tre aux accents vert mousse qui apporte de la chaleur, de la profondeur et un charme inspir\u00e9 de la nature aux espaces int\u00e9rieurs et ext\u00e9rieurs.\" \/>\n<meta name=\"robots\" content=\"index, follow, max-snippet:-1, max-image-preview:large, max-video-preview:-1\" \/>\n<link rel=\"canonical\" href=\"https:\/\/fr.behr.ca\/colourfullybehr\/behr-annonce-sa-couleur-de-lannee-2027-terre-a-terre\/\" \/>\n<meta property=\"og:locale\" content=\"en_US\" \/>\n<meta property=\"og:type\" content=\"article\" \/>\n<meta property=\"og:title\" content=\"BEHR annonce sa couleur de l\u2019ann\u00e9e 2027 : Terre \u00e0 terre (T27-01)\" \/>\n<meta property=\"og:description\" content=\"Voici la teinte Terre \u00e0 terre (T27-01), la couleur BEHR de l\u2019ann\u00e9e 2027: une nuance oliv\u00e2tre aux accents vert mousse qui apporte de la chaleur, de la profondeur et un charme inspir\u00e9 de la nature aux espaces int\u00e9rieurs et ext\u00e9rieurs.\" \/>\n<meta property=\"og:url\" content=\"https:\/\/fr.behr.ca\/colourfullybehr\/behr-annonce-sa-couleur-de-lannee-2027-terre-a-terre\/\" \/>\n<meta property=\"og:site_name\" content=\"Tout en couleur, BEHR\" \/>\n<meta property=\"article:published_time\" content=\"2026-08-26T08:00:00+00:00\" \/>\n<meta property=\"article:modified_time\" content=\"2026-08-21T22:12:09+00:00\" \/>\n<meta property=\"og:image\" content=\"https:\/\/fr.behr.ca\/colourfullybehr\/wp-content\/uploads\/2026\/07\/BEHR_26.03_TRENDS_TC_OFF_004-2.jpg\" \/>\n\t<meta property=\"og:image:width\" content=\"1000\" \/>\n\t<meta property=\"og:image:height\" content=\"668\" \/>\n\t<meta property=\"og:image:type\" content=\"image\/jpeg\" \/>\n<meta name=\"author\" content=\"Guest 2\" \/>\n<meta name=\"twitter:label1\" content=\"Written by\" \/>\n\t<meta name=\"twitter:data1\" content=\"Guest 2\" \/>\n\t<meta name=\"twitter:label2\" content=\"Est. reading time\" \/>\n\t<meta name=\"twitter:data2\" content=\"9 minutes\" \/>\n<script type=\"application\/ld+json\" class=\"yoast-schema-graph\">{\"@context\":\"https:\/\/schema.org\",\"@graph\":[{\"@type\":\"Article\",\"@id\":\"https:\/\/fr.behr.ca\/colourfullybehr\/behr-annonce-sa-couleur-de-lannee-2027-terre-a-terre\/#article\",\"isPartOf\":{\"@id\":\"https:\/\/fr.behr.ca\/colourfullybehr\/behr-annonce-sa-couleur-de-lannee-2027-terre-a-terre\/\"},\"author\":{\"name\":\"Guest 2\",\"@id\":\"https:\/\/fr.behr.ca\/colourfullybehr\/#\/schema\/person\/240769aaa696ad1b9400613a6793abe6\"},\"headline\":\"BEHR annonce sa couleur de l\u2019ann\u00e9e 2027: Terre \u00e0 terre\",\"datePublished\":\"2026-08-26T08:00:00+00:00\",\"dateModified\":\"2026-08-21T22:12:09+00:00\",\"mainEntityOfPage\":{\"@id\":\"https:\/\/fr.behr.ca\/colourfullybehr\/behr-annonce-sa-couleur-de-lannee-2027-terre-a-terre\/\"},\"wordCount\":1593,\"commentCount\":0,\"publisher\":{\"@id\":\"https:\/\/fr.behr.ca\/colourfullybehr\/#organization\"},\"keywords\":[\"Peinture vert olive\",\"peintures de couleur verte\"],\"articleSection\":[\"Couleurs + tendances\",\"la couleur de l\u2019ann\u00e9e\",\"Vert\"],\"inLanguage\":\"en-US\",\"potentialAction\":[{\"@type\":\"CommentAction\",\"name\":\"Comment\",\"target\":[\"https:\/\/fr.behr.ca\/colourfullybehr\/behr-annonce-sa-couleur-de-lannee-2027-terre-a-terre\/#respond\"]}]},{\"@type\":[\"WebPage\",\"FAQPage\"],\"@id\":\"https:\/\/fr.behr.ca\/colourfullybehr\/behr-annonce-sa-couleur-de-lannee-2027-terre-a-terre\/\",\"url\":\"https:\/\/fr.behr.ca\/colourfullybehr\/behr-annonce-sa-couleur-de-lannee-2027-terre-a-terre\/\",\"name\":\"BEHR annonce sa couleur de l\u2019ann\u00e9e 2027 : Terre \u00e0 terre (T27-01)\",\"isPartOf\":{\"@id\":\"https:\/\/fr.behr.ca\/colourfullybehr\/#website\"},\"datePublished\":\"2026-08-26T08:00:00+00:00\",\"dateModified\":\"2026-08-21T22:12:09+00:00\",\"description\":\"Voici la teinte Terre \u00e0 terre (T27-01), la couleur BEHR de l\u2019ann\u00e9e 2027: une nuance oliv\u00e2tre aux accents vert mousse qui apporte de la chaleur, de la profondeur et un charme inspir\u00e9 de la nature aux espaces int\u00e9rieurs et ext\u00e9rieurs.\",\"mainEntity\":[{\"@id\":\"https:\/\/fr.behr.ca\/colourfullybehr\/behr-annonce-sa-couleur-de-lannee-2027-terre-a-terre\/#faq-question-1786752801418\"},{\"@id\":\"https:\/\/fr.behr.ca\/colourfullybehr\/behr-annonce-sa-couleur-de-lannee-2027-terre-a-terre\/#faq-question-1786752900059\"},{\"@id\":\"https:\/\/fr.behr.ca\/colourfullybehr\/behr-annonce-sa-couleur-de-lannee-2027-terre-a-terre\/#faq-question-1786752913995\"},{\"@id\":\"https:\/\/fr.behr.ca\/colourfullybehr\/behr-annonce-sa-couleur-de-lannee-2027-terre-a-terre\/#faq-question-1786752932490\"},{\"@id\":\"https:\/\/fr.behr.ca\/colourfullybehr\/behr-annonce-sa-couleur-de-lannee-2027-terre-a-terre\/#faq-question-1786752941723\"},{\"@id\":\"https:\/\/fr.behr.ca\/colourfullybehr\/behr-annonce-sa-couleur-de-lannee-2027-terre-a-terre\/#faq-question-1786752990870\"},{\"@id\":\"https:\/\/fr.behr.ca\/colourfullybehr\/behr-annonce-sa-couleur-de-lannee-2027-terre-a-terre\/#faq-question-1786753011743\"}],\"inLanguage\":\"en-US\",\"potentialAction\":[{\"@type\":\"ReadAction\",\"target\":[\"https:\/\/fr.behr.ca\/colourfullybehr\/behr-annonce-sa-couleur-de-lannee-2027-terre-a-terre\/\"]}]},{\"@type\":\"WebSite\",\"@id\":\"https:\/\/fr.behr.ca\/colourfullybehr\/#website\",\"url\":\"https:\/\/fr.behr.ca\/colourfullybehr\/\",\"name\":\"Tout en couleur, BEHR\",\"description\":\"\",\"publisher\":{\"@id\":\"https:\/\/fr.behr.ca\/colourfullybehr\/#organization\"},\"potentialAction\":[{\"@type\":\"SearchAction\",\"target\":{\"@type\":\"EntryPoint\",\"urlTemplate\":\"https:\/\/fr.behr.ca\/colourfullybehr\/?s={search_term_string}\"},\"query-input\":\"required name=search_term_string\"}],\"inLanguage\":\"en-US\"},{\"@type\":\"Organization\",\"@id\":\"https:\/\/fr.behr.ca\/colourfullybehr\/#organization\",\"name\":\"Tout en couleur, BEHR\",\"url\":\"https:\/\/fr.behr.ca\/colourfullybehr\/\",\"logo\":{\"@type\":\"ImageObject\",\"inLanguage\":\"en-US\",\"@id\":\"https:\/\/fr.behr.ca\/colourfullybehr\/#\/schema\/logo\/image\/\",\"url\":\"https:\/\/fr.behr.ca\/colourfullybehr\/wp-content\/uploads\/2021\/10\/colourfully-behr-logo-fr.png\",\"contentUrl\":\"https:\/\/fr.behr.ca\/colourfullybehr\/wp-content\/uploads\/2021\/10\/colourfully-behr-logo-fr.png\",\"width\":1000,\"height\":248,\"caption\":\"Tout en couleur, BEHR\"},\"image\":{\"@id\":\"https:\/\/fr.behr.ca\/colourfullybehr\/#\/schema\/logo\/image\/\"}},{\"@type\":\"Person\",\"@id\":\"https:\/\/fr.behr.ca\/colourfullybehr\/#\/schema\/person\/240769aaa696ad1b9400613a6793abe6\",\"name\":\"Guest 2\",\"image\":{\"@type\":\"ImageObject\",\"inLanguage\":\"en-US\",\"@id\":\"https:\/\/fr.behr.ca\/colourfullybehr\/#\/schema\/person\/image\/\",\"url\":\"https:\/\/secure.gravatar.com\/avatar\/?s=96&d=mm&r=g\",\"contentUrl\":\"https:\/\/secure.gravatar.com\/avatar\/?s=96&d=mm&r=g\",\"caption\":\"Guest 2\"},\"url\":\"https:\/\/fr.behr.ca\/colourfullybehr\/author\/guest-2\/\"},{\"@type\":\"Question\",\"@id\":\"https:\/\/fr.behr.ca\/colourfullybehr\/behr-annonce-sa-couleur-de-lannee-2027-terre-a-terre\/#faq-question-1786752801418\",\"position\":1,\"url\":\"https:\/\/fr.behr.ca\/colourfullybehr\/behr-annonce-sa-couleur-de-lannee-2027-terre-a-terre\/#faq-question-1786752801418\",\"name\":\"Q: Comment pourrait-on d\u00e9crire la couleur Terre \u00e0 terre (T27-01) de BEHR?\",\"answerCount\":1,\"acceptedAnswer\":{\"@type\":\"Answer\",\"text\":\"R: La teinte Terre \u00e0 terre (T27-01) de BEHR est une nuance oliv\u00e2tre aux accents vert mousse et au ton de brun terreux. Elle exerce un effet de chaleur et de profondeur r\u00e9confortant dans n\u2019importe quelle pi\u00e8ce en pr\u00e9servant un rapport naturel et symbiotique avec les couleurs ambiantes.\",\"inLanguage\":\"en-US\"},\"inLanguage\":\"en-US\"},{\"@type\":\"Question\",\"@id\":\"https:\/\/fr.behr.ca\/colourfullybehr\/behr-annonce-sa-couleur-de-lannee-2027-terre-a-terre\/#faq-question-1786752900059\",\"position\":2,\"url\":\"https:\/\/fr.behr.ca\/colourfullybehr\/behr-annonce-sa-couleur-de-lannee-2027-terre-a-terre\/#faq-question-1786752900059\",\"name\":\"Q: Dans quelles pi\u00e8ces de la maison la teinte Terre \u00e0 terre peut-elle convenir?\",\"answerCount\":1,\"acceptedAnswer\":{\"@type\":\"Answer\",\"text\":\"R: La teinte Terre \u00e0 terre peut aussi bien convenir dans une pi\u00e8ce de s\u00e9jour que dans une chambre priv\u00e9e ou une cuisine qui grouille d\u2019activit\u00e9. Utilisez-la pour apporter de la profondeur au d\u00e9cor d\u2019un salon, un air de calme dans un bureau ou une chambre \u00e0 coucher, de la chaleur \u00e0 une salle \u00e0 manger ou un brin de sophistication aux armoires de cuisine.\",\"inLanguage\":\"en-US\"},\"inLanguage\":\"en-US\"},{\"@type\":\"Question\",\"@id\":\"https:\/\/fr.behr.ca\/colourfullybehr\/behr-annonce-sa-couleur-de-lannee-2027-terre-a-terre\/#faq-question-1786752913995\",\"position\":3,\"url\":\"https:\/\/fr.behr.ca\/colourfullybehr\/behr-annonce-sa-couleur-de-lannee-2027-terre-a-terre\/#faq-question-1786752913995\",\"name\":\"Q: La teinte Terre \u00e0 terre peut-elle convenir pour peinturer les armoires de cuisine?\",\"answerCount\":1,\"acceptedAnswer\":{\"@type\":\"Answer\",\"text\":\"R: Oui. Appliqu\u00e9e aux armoires de cuisine, la teinte Terre \u00e0 terre permet de d\u00e9signer un ancrage visuel chaud et organique dans la pi\u00e8ce, surtout lorsqu\u2019elle s\u2019accompagne de mat\u00e9riaux naturels, de bois blonds et de finis \u00e9l\u00e9gants. Ainsi, sa nuance oliv\u00e2tre aux accents vert mousse saura cr\u00e9er un effet d\u2019\u00e9quilibre et sans surcharge.\",\"inLanguage\":\"en-US\"},\"inLanguage\":\"en-US\"},{\"@type\":\"Question\",\"@id\":\"https:\/\/fr.behr.ca\/colourfullybehr\/behr-annonce-sa-couleur-de-lannee-2027-terre-a-terre\/#faq-question-1786752932490\",\"position\":4,\"url\":\"https:\/\/fr.behr.ca\/colourfullybehr\/behr-annonce-sa-couleur-de-lannee-2027-terre-a-terre\/#faq-question-1786752932490\",\"name\":\"Q: La teinte Terre \u00e0 terre existe-t-elle dans les peintures d\u2019ext\u00e9rieur?\",\"answerCount\":1,\"acceptedAnswer\":{\"@type\":\"Answer\",\"text\":\"R: Oui. La teinte Terre \u00e0 terre est un compl\u00e9ment naturel aux couleurs du monde ext\u00e9rieur. Sur les bardages d\u2019une maison, sa nuance oliv\u00e2tre aux accents vert mousse appara\u00eet comme un prolongement de la v\u00e9g\u00e9tation environnante, et elle met joliment en valeur les \u00e9l\u00e9ments de d\u00e9coration en bois naturel. Pour planifier vos travaux de peinture ext\u00e9rieurs, consultez le <a href=\\\"https:\/\/fr.behr.ca\/consumer\/products\/compare-exterior-paint-sheens\\\">Guide des lustres<\/a> des peintures d\u2019ext\u00e9rieur de BEHR.\",\"inLanguage\":\"en-US\"},\"inLanguage\":\"en-US\"},{\"@type\":\"Question\",\"@id\":\"https:\/\/fr.behr.ca\/colourfullybehr\/behr-annonce-sa-couleur-de-lannee-2027-terre-a-terre\/#faq-question-1786752941723\",\"position\":5,\"url\":\"https:\/\/fr.behr.ca\/colourfullybehr\/behr-annonce-sa-couleur-de-lannee-2027-terre-a-terre\/#faq-question-1786752941723\",\"name\":\"Q: Quelles couleurs et quels mat\u00e9riaux s\u2019agencent bien avec la teinte oliv\u00e2tre aux accents vert mousse?\",\"answerCount\":1,\"acceptedAnswer\":{\"@type\":\"Answer\",\"text\":\"R: La nuance oliv\u00e2tre aux accents vert mousse s\u2019allie naturellement aux bois dans les tons chauds, aux teintes neutres au ton terreux, aux textures organiques et aux finis qui font \u00e9cho au monde ext\u00e9rieur. Pour r\u00e9aliser une palette bien \u00abterre \u00e0 terre\u00bb, laissez la teinte verte exercer son effet de profondeur, et utilisez des mat\u00e9riaux naturels pour ajouter de la chaleur, du relief et de l\u2019\u00e9quilibre \u00e0 l\u2019ensemble.\",\"inLanguage\":\"en-US\"},\"inLanguage\":\"en-US\"},{\"@type\":\"Question\",\"@id\":\"https:\/\/fr.behr.ca\/colourfullybehr\/behr-annonce-sa-couleur-de-lannee-2027-terre-a-terre\/#faq-question-1786752990870\",\"position\":6,\"url\":\"https:\/\/fr.behr.ca\/colourfullybehr\/behr-annonce-sa-couleur-de-lannee-2027-terre-a-terre\/#faq-question-1786752990870\",\"name\":\"Q: Comment tester la teinte Terre \u00e0 terre avant de l\u2019utiliser pour peinturer une pi\u00e8ce au complet?\",\"answerCount\":1,\"acceptedAnswer\":{\"@type\":\"Answer\",\"text\":\"R: \u00c0 partir d\u2019un \u00e9chantillon de peinture, testez la couleur sur une petite surface de la pi\u00e8ce et observez celle-ci \u00e0 diff\u00e9rents moments de la journ\u00e9e. Dans une pi\u00e8ce ensoleill\u00e9e, une teinte comme Terre \u00e0 terre peut sembler plus fra\u00eeche le matin et plus fonc\u00e9e et enveloppante le soir venu. Un test vous permettra donc d\u2019appr\u00e9cier l\u2019effet que la couleur produira en fonction de l\u2019\u00e9clairage dont vous b\u00e9n\u00e9ficiez, de votre mobilier et du lustre que vous aurez choisi. Rendez-vous dans un magasin Home Depot pr\u00e8s de chez vous pour obtenir un \u00e9chantillon de peinture dans le lustre de votre choix.\",\"inLanguage\":\"en-US\"},\"inLanguage\":\"en-US\"},{\"@type\":\"Question\",\"@id\":\"https:\/\/fr.behr.ca\/colourfullybehr\/behr-annonce-sa-couleur-de-lannee-2027-terre-a-terre\/#faq-question-1786753011743\",\"position\":7,\"url\":\"https:\/\/fr.behr.ca\/colourfullybehr\/behr-annonce-sa-couleur-de-lannee-2027-terre-a-terre\/#faq-question-1786753011743\",\"name\":\"Q: Quel degr\u00e9 de lustre doit-on utiliser pour une peinture de couleur verte, comme Terre \u00e0 terre?\",\"answerCount\":1,\"acceptedAnswer\":{\"@type\":\"Answer\",\"text\":\"R: Choisissez le degr\u00e9 de lustre en fonction du substrat \u00e0 peinturer et du niveau d\u2019affluence de la pi\u00e8ce. Pour les murs int\u00e9rieurs (par ex., les salons, chambres \u00e0 coucher, couloirs et salles \u00e0 manger), BEHR recommande la peinture \u00e9mail coquille d\u2019\u0153uf pour les zones d\u2019affluence mod\u00e9r\u00e9e. Pour les armoires, les moulures garnitures et les zones \u00e0 fort taux d\u2019humidit\u00e9, l\u2019on utilise g\u00e9n\u00e9ralement la peinture \u00e9mail semi-brillante. Pour vous aider \u00e0 choisir le lustre qui convient selon votre projet, consultez le <a href=\\\"https:\/\/fr.behr.ca\/consumer\/products\/compare-interior-paint-sheens\\\">Guide des lustres des peintures d\u2019int\u00e9rieur<\/a> de BEHR.\",\"inLanguage\":\"en-US\"},\"inLanguage\":\"en-US\"}]}<\/script>\n<!-- \/ Yoast SEO plugin. -->","yoast_head_json":{"title":"BEHR annonce sa couleur de l\u2019ann\u00e9e 2027 : Terre \u00e0 terre (T27-01)","description":"Voici la teinte Terre \u00e0 terre (T27-01), la couleur BEHR de l\u2019ann\u00e9e 2027: une nuance oliv\u00e2tre aux accents vert mousse qui apporte de la chaleur, de la profondeur et un charme inspir\u00e9 de la nature aux espaces int\u00e9rieurs et ext\u00e9rieurs.","robots":{"index":"index","follow":"follow","max-snippet":"max-snippet:-1","max-image-preview":"max-image-preview:large","max-video-preview":"max-video-preview:-1"},"canonical":"https:\/\/fr.behr.ca\/colourfullybehr\/behr-annonce-sa-couleur-de-lannee-2027-terre-a-terre\/","og_locale":"en_US","og_type":"article","og_title":"BEHR annonce sa couleur de l\u2019ann\u00e9e 2027 : Terre \u00e0 terre (T27-01)","og_description":"Voici la teinte Terre \u00e0 terre (T27-01), la couleur BEHR de l\u2019ann\u00e9e 2027: une nuance oliv\u00e2tre aux accents vert mousse qui apporte de la chaleur, de la profondeur et un charme inspir\u00e9 de la nature aux espaces int\u00e9rieurs et ext\u00e9rieurs.","og_url":"https:\/\/fr.behr.ca\/colourfullybehr\/behr-annonce-sa-couleur-de-lannee-2027-terre-a-terre\/","og_site_name":"Tout en couleur, BEHR","article_published_time":"2026-08-26T08:00:00+00:00","article_modified_time":"2026-08-21T22:12:09+00:00","og_image":[{"width":1000,"height":668,"url":"https:\/\/fr.behr.ca\/colourfullybehr\/wp-content\/uploads\/2026\/07\/BEHR_26.03_TRENDS_TC_OFF_004-2.jpg","type":"image\/jpeg"}],"author":"Guest 2","twitter_misc":{"Written by":"Guest 2","Est. reading time":"9 minutes"},"schema":{"@context":"https:\/\/schema.org","@graph":[{"@type":"Article","@id":"https:\/\/fr.behr.ca\/colourfullybehr\/behr-annonce-sa-couleur-de-lannee-2027-terre-a-terre\/#article","isPartOf":{"@id":"https:\/\/fr.behr.ca\/colourfullybehr\/behr-annonce-sa-couleur-de-lannee-2027-terre-a-terre\/"},"author":{"name":"Guest 2","@id":"https:\/\/fr.behr.ca\/colourfullybehr\/#\/schema\/person\/240769aaa696ad1b9400613a6793abe6"},"headline":"BEHR annonce sa couleur de l\u2019ann\u00e9e 2027: Terre \u00e0 terre","datePublished":"2026-08-26T08:00:00+00:00","dateModified":"2026-08-21T22:12:09+00:00","mainEntityOfPage":{"@id":"https:\/\/fr.behr.ca\/colourfullybehr\/behr-annonce-sa-couleur-de-lannee-2027-terre-a-terre\/"},"wordCount":1593,"commentCount":0,"publisher":{"@id":"https:\/\/fr.behr.ca\/colourfullybehr\/#organization"},"keywords":["Peinture vert olive","peintures de couleur verte"],"articleSection":["Couleurs + tendances","la couleur de l\u2019ann\u00e9e","Vert"],"inLanguage":"en-US","potentialAction":[{"@type":"CommentAction","name":"Comment","target":["https:\/\/fr.behr.ca\/colourfullybehr\/behr-annonce-sa-couleur-de-lannee-2027-terre-a-terre\/#respond"]}]},{"@type":["WebPage","FAQPage"],"@id":"https:\/\/fr.behr.ca\/colourfullybehr\/behr-annonce-sa-couleur-de-lannee-2027-terre-a-terre\/","url":"https:\/\/fr.behr.ca\/colourfullybehr\/behr-annonce-sa-couleur-de-lannee-2027-terre-a-terre\/","name":"BEHR annonce sa couleur de l\u2019ann\u00e9e 2027 : Terre \u00e0 terre (T27-01)","isPartOf":{"@id":"https:\/\/fr.behr.ca\/colourfullybehr\/#website"},"datePublished":"2026-08-26T08:00:00+00:00","dateModified":"2026-08-21T22:12:09+00:00","description":"Voici la teinte Terre \u00e0 terre (T27-01), la couleur BEHR de l\u2019ann\u00e9e 2027: une nuance oliv\u00e2tre aux accents vert mousse qui apporte de la chaleur, de la profondeur et un charme inspir\u00e9 de la nature aux espaces int\u00e9rieurs et ext\u00e9rieurs.","mainEntity":[{"@id":"https:\/\/fr.behr.ca\/colourfullybehr\/behr-annonce-sa-couleur-de-lannee-2027-terre-a-terre\/#faq-question-1786752801418"},{"@id":"https:\/\/fr.behr.ca\/colourfullybehr\/behr-annonce-sa-couleur-de-lannee-2027-terre-a-terre\/#faq-question-1786752900059"},{"@id":"https:\/\/fr.behr.ca\/colourfullybehr\/behr-annonce-sa-couleur-de-lannee-2027-terre-a-terre\/#faq-question-1786752913995"},{"@id":"https:\/\/fr.behr.ca\/colourfullybehr\/behr-annonce-sa-couleur-de-lannee-2027-terre-a-terre\/#faq-question-1786752932490"},{"@id":"https:\/\/fr.behr.ca\/colourfullybehr\/behr-annonce-sa-couleur-de-lannee-2027-terre-a-terre\/#faq-question-1786752941723"},{"@id":"https:\/\/fr.behr.ca\/colourfullybehr\/behr-annonce-sa-couleur-de-lannee-2027-terre-a-terre\/#faq-question-1786752990870"},{"@id":"https:\/\/fr.behr.ca\/colourfullybehr\/behr-annonce-sa-couleur-de-lannee-2027-terre-a-terre\/#faq-question-1786753011743"}],"inLanguage":"en-US","potentialAction":[{"@type":"ReadAction","target":["https:\/\/fr.behr.ca\/colourfullybehr\/behr-annonce-sa-couleur-de-lannee-2027-terre-a-terre\/"]}]},{"@type":"WebSite","@id":"https:\/\/fr.behr.ca\/colourfullybehr\/#website","url":"https:\/\/fr.behr.ca\/colourfullybehr\/","name":"Tout en couleur, BEHR","description":"","publisher":{"@id":"https:\/\/fr.behr.ca\/colourfullybehr\/#organization"},"potentialAction":[{"@type":"SearchAction","target":{"@type":"EntryPoint","urlTemplate":"https:\/\/fr.behr.ca\/colourfullybehr\/?s={search_term_string}"},"query-input":"required name=search_term_string"}],"inLanguage":"en-US"},{"@type":"Organization","@id":"https:\/\/fr.behr.ca\/colourfullybehr\/#organization","name":"Tout en couleur, BEHR","url":"https:\/\/fr.behr.ca\/colourfullybehr\/","logo":{"@type":"ImageObject","inLanguage":"en-US","@id":"https:\/\/fr.behr.ca\/colourfullybehr\/#\/schema\/logo\/image\/","url":"https:\/\/fr.behr.ca\/colourfullybehr\/wp-content\/uploads\/2021\/10\/colourfully-behr-logo-fr.png","contentUrl":"https:\/\/fr.behr.ca\/colourfullybehr\/wp-content\/uploads\/2021\/10\/colourfully-behr-logo-fr.png","width":1000,"height":248,"caption":"Tout en couleur, BEHR"},"image":{"@id":"https:\/\/fr.behr.ca\/colourfullybehr\/#\/schema\/logo\/image\/"}},{"@type":"Person","@id":"https:\/\/fr.behr.ca\/colourfullybehr\/#\/schema\/person\/240769aaa696ad1b9400613a6793abe6","name":"Guest 2","image":{"@type":"ImageObject","inLanguage":"en-US","@id":"https:\/\/fr.behr.ca\/colourfullybehr\/#\/schema\/person\/image\/","url":"https:\/\/secure.gravatar.com\/avatar\/?s=96&d=mm&r=g","contentUrl":"https:\/\/secure.gravatar.com\/avatar\/?s=96&d=mm&r=g","caption":"Guest 2"},"url":"https:\/\/fr.behr.ca\/colourfullybehr\/author\/guest-2\/"},{"@type":"Question","@id":"https:\/\/fr.behr.ca\/colourfullybehr\/behr-annonce-sa-couleur-de-lannee-2027-terre-a-terre\/#faq-question-1786752801418","position":1,"url":"https:\/\/fr.behr.ca\/colourfullybehr\/behr-annonce-sa-couleur-de-lannee-2027-terre-a-terre\/#faq-question-1786752801418","name":"Q: Comment pourrait-on d\u00e9crire la couleur Terre \u00e0 terre (T27-01) de BEHR?","answerCount":1,"acceptedAnswer":{"@type":"Answer","text":"R: La teinte Terre \u00e0 terre (T27-01) de BEHR est une nuance oliv\u00e2tre aux accents vert mousse et au ton de brun terreux. Elle exerce un effet de chaleur et de profondeur r\u00e9confortant dans n\u2019importe quelle pi\u00e8ce en pr\u00e9servant un rapport naturel et symbiotique avec les couleurs ambiantes.","inLanguage":"en-US"},"inLanguage":"en-US"},{"@type":"Question","@id":"https:\/\/fr.behr.ca\/colourfullybehr\/behr-annonce-sa-couleur-de-lannee-2027-terre-a-terre\/#faq-question-1786752900059","position":2,"url":"https:\/\/fr.behr.ca\/colourfullybehr\/behr-annonce-sa-couleur-de-lannee-2027-terre-a-terre\/#faq-question-1786752900059","name":"Q: Dans quelles pi\u00e8ces de la maison la teinte Terre \u00e0 terre peut-elle convenir?","answerCount":1,"acceptedAnswer":{"@type":"Answer","text":"R: La teinte Terre \u00e0 terre peut aussi bien convenir dans une pi\u00e8ce de s\u00e9jour que dans une chambre priv\u00e9e ou une cuisine qui grouille d\u2019activit\u00e9. Utilisez-la pour apporter de la profondeur au d\u00e9cor d\u2019un salon, un air de calme dans un bureau ou une chambre \u00e0 coucher, de la chaleur \u00e0 une salle \u00e0 manger ou un brin de sophistication aux armoires de cuisine.","inLanguage":"en-US"},"inLanguage":"en-US"},{"@type":"Question","@id":"https:\/\/fr.behr.ca\/colourfullybehr\/behr-annonce-sa-couleur-de-lannee-2027-terre-a-terre\/#faq-question-1786752913995","position":3,"url":"https:\/\/fr.behr.ca\/colourfullybehr\/behr-annonce-sa-couleur-de-lannee-2027-terre-a-terre\/#faq-question-1786752913995","name":"Q: La teinte Terre \u00e0 terre peut-elle convenir pour peinturer les armoires de cuisine?","answerCount":1,"acceptedAnswer":{"@type":"Answer","text":"R: Oui. Appliqu\u00e9e aux armoires de cuisine, la teinte Terre \u00e0 terre permet de d\u00e9signer un ancrage visuel chaud et organique dans la pi\u00e8ce, surtout lorsqu\u2019elle s\u2019accompagne de mat\u00e9riaux naturels, de bois blonds et de finis \u00e9l\u00e9gants. Ainsi, sa nuance oliv\u00e2tre aux accents vert mousse saura cr\u00e9er un effet d\u2019\u00e9quilibre et sans surcharge.","inLanguage":"en-US"},"inLanguage":"en-US"},{"@type":"Question","@id":"https:\/\/fr.behr.ca\/colourfullybehr\/behr-annonce-sa-couleur-de-lannee-2027-terre-a-terre\/#faq-question-1786752932490","position":4,"url":"https:\/\/fr.behr.ca\/colourfullybehr\/behr-annonce-sa-couleur-de-lannee-2027-terre-a-terre\/#faq-question-1786752932490","name":"Q: La teinte Terre \u00e0 terre existe-t-elle dans les peintures d\u2019ext\u00e9rieur?","answerCount":1,"acceptedAnswer":{"@type":"Answer","text":"R: Oui. La teinte Terre \u00e0 terre est un compl\u00e9ment naturel aux couleurs du monde ext\u00e9rieur. Sur les bardages d\u2019une maison, sa nuance oliv\u00e2tre aux accents vert mousse appara\u00eet comme un prolongement de la v\u00e9g\u00e9tation environnante, et elle met joliment en valeur les \u00e9l\u00e9ments de d\u00e9coration en bois naturel. Pour planifier vos travaux de peinture ext\u00e9rieurs, consultez le <a href=\"https:\/\/fr.behr.ca\/consumer\/products\/compare-exterior-paint-sheens\">Guide des lustres<\/a> des peintures d\u2019ext\u00e9rieur de BEHR.","inLanguage":"en-US"},"inLanguage":"en-US"},{"@type":"Question","@id":"https:\/\/fr.behr.ca\/colourfullybehr\/behr-annonce-sa-couleur-de-lannee-2027-terre-a-terre\/#faq-question-1786752941723","position":5,"url":"https:\/\/fr.behr.ca\/colourfullybehr\/behr-annonce-sa-couleur-de-lannee-2027-terre-a-terre\/#faq-question-1786752941723","name":"Q: Quelles couleurs et quels mat\u00e9riaux s\u2019agencent bien avec la teinte oliv\u00e2tre aux accents vert mousse?","answerCount":1,"acceptedAnswer":{"@type":"Answer","text":"R: La nuance oliv\u00e2tre aux accents vert mousse s\u2019allie naturellement aux bois dans les tons chauds, aux teintes neutres au ton terreux, aux textures organiques et aux finis qui font \u00e9cho au monde ext\u00e9rieur. Pour r\u00e9aliser une palette bien \u00abterre \u00e0 terre\u00bb, laissez la teinte verte exercer son effet de profondeur, et utilisez des mat\u00e9riaux naturels pour ajouter de la chaleur, du relief et de l\u2019\u00e9quilibre \u00e0 l\u2019ensemble.","inLanguage":"en-US"},"inLanguage":"en-US"},{"@type":"Question","@id":"https:\/\/fr.behr.ca\/colourfullybehr\/behr-annonce-sa-couleur-de-lannee-2027-terre-a-terre\/#faq-question-1786752990870","position":6,"url":"https:\/\/fr.behr.ca\/colourfullybehr\/behr-annonce-sa-couleur-de-lannee-2027-terre-a-terre\/#faq-question-1786752990870","name":"Q: Comment tester la teinte Terre \u00e0 terre avant de l\u2019utiliser pour peinturer une pi\u00e8ce au complet?","answerCount":1,"acceptedAnswer":{"@type":"Answer","text":"R: \u00c0 partir d\u2019un \u00e9chantillon de peinture, testez la couleur sur une petite surface de la pi\u00e8ce et observez celle-ci \u00e0 diff\u00e9rents moments de la journ\u00e9e. Dans une pi\u00e8ce ensoleill\u00e9e, une teinte comme Terre \u00e0 terre peut sembler plus fra\u00eeche le matin et plus fonc\u00e9e et enveloppante le soir venu. Un test vous permettra donc d\u2019appr\u00e9cier l\u2019effet que la couleur produira en fonction de l\u2019\u00e9clairage dont vous b\u00e9n\u00e9ficiez, de votre mobilier et du lustre que vous aurez choisi. Rendez-vous dans un magasin Home Depot pr\u00e8s de chez vous pour obtenir un \u00e9chantillon de peinture dans le lustre de votre choix.","inLanguage":"en-US"},"inLanguage":"en-US"},{"@type":"Question","@id":"https:\/\/fr.behr.ca\/colourfullybehr\/behr-annonce-sa-couleur-de-lannee-2027-terre-a-terre\/#faq-question-1786753011743","position":7,"url":"https:\/\/fr.behr.ca\/colourfullybehr\/behr-annonce-sa-couleur-de-lannee-2027-terre-a-terre\/#faq-question-1786753011743","name":"Q: Quel degr\u00e9 de lustre doit-on utiliser pour une peinture de couleur verte, comme Terre \u00e0 terre?","answerCount":1,"acceptedAnswer":{"@type":"Answer","text":"R: Choisissez le degr\u00e9 de lustre en fonction du substrat \u00e0 peinturer et du niveau d\u2019affluence de la pi\u00e8ce. Pour les murs int\u00e9rieurs (par ex., les salons, chambres \u00e0 coucher, couloirs et salles \u00e0 manger), BEHR recommande la peinture \u00e9mail coquille d\u2019\u0153uf pour les zones d\u2019affluence mod\u00e9r\u00e9e. Pour les armoires, les moulures garnitures et les zones \u00e0 fort taux d\u2019humidit\u00e9, l\u2019on utilise g\u00e9n\u00e9ralement la peinture \u00e9mail semi-brillante. Pour vous aider \u00e0 choisir le lustre qui convient selon votre projet, consultez le <a href=\"https:\/\/fr.behr.ca\/consumer\/products\/compare-interior-paint-sheens\">Guide des lustres des peintures d\u2019int\u00e9rieur<\/a> de BEHR.","inLanguage":"en-US"},"inLanguage":"en-US"}]}},"_links":{"self":[{"href":"https:\/\/fr.behr.ca\/colourfullybehr\/wp-json\/wp\/v2\/posts\/21135"}],"collection":[{"href":"https:\/\/fr.behr.ca\/colourfullybehr\/wp-json\/wp\/v2\/posts"}],"about":[{"href":"https:\/\/fr.behr.ca\/colourfullybehr\/wp-json\/wp\/v2\/types\/post"}],"author":[{"embeddable":true,"href":"https:\/\/fr.behr.ca\/colourfullybehr\/wp-json\/wp\/v2\/users\/7"}],"replies":[{"embeddable":true,"href":"https:\/\/fr.behr.ca\/colourfullybehr\/wp-json\/wp\/v2\/comments?post=21135"}],"version-history":[{"count":3,"href":"https:\/\/fr.behr.ca\/colourfullybehr\/wp-json\/wp\/v2\/posts\/21135\/revisions"}],"predecessor-version":[{"id":21149,"href":"https:\/\/fr.behr.ca\/colourfullybehr\/wp-json\/wp\/v2\/posts\/21135\/revisions\/21149"}],"wp:featuredmedia":[{"embeddable":true,"href":"https:\/\/fr.behr.ca\/colourfullybehr\/wp-json\/wp\/v2\/media\/21102"}],"wp:attachment":[{"href":"https:\/\/fr.behr.ca\/colourfullybehr\/wp-json\/wp\/v2\/media?parent=21135"}],"wp:term":[{"taxonomy":"category","embeddable":true,"href":"https:\/\/fr.behr.ca\/colourfullybehr\/wp-json\/wp\/v2\/categories?post=21135"},{"taxonomy":"post_tag","embeddable":true,"href":"https:\/\/fr.behr.ca\/colourfullybehr\/wp-json\/wp\/v2\/tags?post=21135"}],"curies":[{"name":"wp","href":"https:\/\/api.w.org\/{rel}","templated":true}]}}